{"id":596653,"date":"2025-12-13T10:11:14","date_gmt":"2025-12-13T10:11:14","guid":{"rendered":"https:\/\/www.europesays.com\/fr\/596653\/"},"modified":"2025-12-13T10:11:14","modified_gmt":"2025-12-13T10:11:14","slug":"combien-de-douches-par-semaine-faut-il-vraiment-prendre","status":"publish","type":"post","link":"https:\/\/www.europesays.com\/fr\/596653\/","title":{"rendered":"combien de douches par semaine faut-il vraiment prendre ?"},"content":{"rendered":"<p>Avec l&rsquo;\u00e2ge, notre peau change et ses besoins \u00e9voluent. La question du nombre id\u00e9al de douches \u00e0 prendre chaque semaine se pose alors pour les seniors. Les dermatologues s&rsquo;accordent sur un point : une fr\u00e9quence r\u00e9duite peut s&rsquo;av\u00e9rer b\u00e9n\u00e9fique pour pr\u00e9server la sant\u00e9 cutan\u00e9e des personnes \u00e2g\u00e9es. Examinons de plus pr\u00e8s les recommandations des sp\u00e9cialistes et les raisons qui les motivent.<\/p>\n<p>La peau des seniors : des besoins sp\u00e9cifiques<\/p>\n<p>Le <a href=\"https:\/\/www.futura-sciences.com\/sante\/actualites\/biologie-processus-vieillissement-peau-identifie-44187\/\" title=\"Le processus du vieillissement de la peau identifi\u00e9\" target=\"_blank\" rel=\"noopener\">vieillissement<\/a> <a href=\"https:\/\/www.futura-sciences.com\/sante\/definitions\/medecine-cutane-3211\/\" target=\"_blank\" rel=\"noopener\">cutan\u00e9<\/a> s&rsquo;accompagne de modifications importantes :<\/p>\n<ul dir=\"ltr\">\n<li role=\"presentation\">diminution de la production de s\u00e9bum ;<\/li>\n<li role=\"presentation\">affinement de l&rsquo;\u00e9piderme ;<\/li>\n<li role=\"presentation\">perte d&rsquo;<a href=\"https:\/\/www.futura-sciences.com\/sciences\/definitions\/physique-elasticite-2077\/\" target=\"_blank\" rel=\"noopener\">\u00e9lasticit\u00e9<\/a> ;<\/li>\n<li role=\"presentation\">ralentissement du renouvellement cellulaire.<\/li>\n<\/ul>\n<p>Ces changements rendent la peau des seniors plus vuln\u00e9rable. Le Dr Sylvie Meaume, dermatologue et chef de service de G\u00e9riatrie Plaies et Cicatrisation \u00e0 l&rsquo;AP-<a href=\"https:\/\/www.futura-sciences.com\/planete\/definitions\/developpement-durable-cheval-vapeur-11311\/\" target=\"_blank\" rel=\"noopener\">HP<\/a> Rothschild, explique : \u00ab Les seniors ont une peau plus fine et plus s\u00e8che, qui tiraille et d\u00e9mange davantage que chez les personnes plus jeunes \u00bb. Cette fragilit\u00e9 cutan\u00e9e n\u00e9cessite une adaptation des habitudes d&rsquo;hygi\u00e8ne.<\/p>\n<p>Le film hydrolipidique, cette barri\u00e8re protectrice naturelle de la peau, devient moins efficace avec l&rsquo;\u00e2ge. Un <a href=\"https:\/\/www.futura-sciences.com\/maison\/comparatifs\/meilleure-lessive-comparatif\/\" title=\"Comparatif lessive\" class=\"link-type-comparo\" target=\"_blank\" rel=\"noopener\">lavage<\/a> trop fr\u00e9quent ou agressif peut l&rsquo;endommager davantage, compromettant ainsi ses fonctions de d\u00e9fense contre les agressions ext\u00e9rieures et de maintien de l&rsquo;<a href=\"https:\/\/www.futura-sciences.com\/sante\/dossiers\/medecine-beaute-anti-age-sont-ils-efficaces-871\/page\/8\/\" title=\"Hydratation de la peau : les hydratants\" target=\"_blank\" rel=\"noopener\">hydratation\u00a0de la peau<\/a>.<\/p>\n<p class=\"fs-media\">\n<p><img decoding=\"async\" data-imgid=\"full\" src=\"https:\/\/www.europesays.com\/fr\/wp-content\/uploads\/2025\/12\/douche-peau-fragile-vieillissement.png\" width=\"1080\" height=\"720\" alt=\"\" loading=\"lazy\"\/><br \/>\nAttention si vous avez + de 65 ans, trop de douches fragilise la peau des seniors. \u00a9 Slavica, iStock<\/p>\n<p>Le nombre id\u00e9al de douches pour les seniors<\/p>\n<p>Contrairement \u00e0 l&rsquo;habitude socialement ancr\u00e9e de se doucher quotidiennement, les experts recommandent une approche diff\u00e9rente pour les personnes \u00e2g\u00e9es :<\/p>\n<tr>\n<td>\n<p>\u00c2ge<\/p>\n<\/td>\n<td>\n<p>Fr\u00e9quence recommand\u00e9e<\/p>\n<\/td>\n<td>\n<p>Utilisation du savon<\/p>\n<\/td>\n<\/tr>\n<tr>\n<td>\n<p>65-70 ans et plus<\/p>\n<\/td>\n<td>\n<p>2 douches par semaine<\/p>\n<\/td>\n<td>\n<p>1 jour sur 3<\/p>\n<\/td>\n<\/tr>\n<p>Cette recommandation peut sembler surprenante, mais elle repose sur des fondements scientifiques. Le Dr Meaume pr\u00e9cise : \u00ab \u00c0 partir de 65-70 ans, l&rsquo;id\u00e9al est, si possible, de se rincer tous les jours le corps, mais d&rsquo;utiliser du savon un jour sur trois sans frotter sa peau trop fort \u00bb.<\/p>\n<p>Il est n\u00e9cessaire de noter que cette fr\u00e9quence r\u00e9duite ne signifie pas pour autant une n\u00e9gligence de l&rsquo;hygi\u00e8ne. Les zones sensibles comme les aisselles, les pieds et les parties intimes n\u00e9cessitent une attention quotidienne, m\u00eame les jours sans douche compl\u00e8te.<\/p>\n<p>Astuces pour une hygi\u00e8ne adapt\u00e9e au vieillissement<\/p>\n<p>Pour <a href=\"https:\/\/www.futura-sciences.com\/sante\/questions-reponses\/cheveux-cheveux-blancs-prendre-soin-2384\/\" title=\"Cheveux blancs : comment en prendre soin ?\" target=\"_blank\" rel=\"noopener\">prendre soin<\/a> de la peau mature tout en maintenant une bonne hygi\u00e8ne, voici quelques conseils pratiques :<\/p>\n<ol dir=\"ltr\">\n<li role=\"presentation\">temp\u00e9rature de l&rsquo;eau : privil\u00e9gier l&rsquo;eau ti\u00e8de plut\u00f4t que chaude pour \u00e9viter d&rsquo;ass\u00e9cher davantage la peau ;<\/li>\n<li role=\"presentation\"><a href=\"https:\/\/www.futura-sciences.com\/sciences\/definitions\/physique-duree-14966\/\" target=\"_blank\" rel=\"noopener\">dur\u00e9e<\/a> de la douche : selon les <a href=\"https:\/\/www.health.harvard.edu\/blog\/showering-daily-is-it-necessary-2019062617193\" title=\"Prendre une douche quotidienne : est-ce n\u00e9cessaire ?\" target=\"_blank\" rel=\"noopener\">chercheurs de Harvard Medical School<\/a>, 3 \u00e0 4 minutes suffisent ;<\/li>\n<li role=\"presentation\">choix des produits : opter pour des huiles de douche, des pains dermatologiques ou des <a href=\"https:\/\/www.futura-sciences.com\/maison\/questions-reponses\/diy-fabriquer-son-propre-savon-solide-naturel-16992\/\" title=\"Comment fabriquer son propre savon solide et naturel ?\" target=\"_blank\" rel=\"noopener\">savons<\/a> gras. \u00c9viter les produits contenant des <a href=\"https:\/\/www.futura-sciences.com\/sciences\/definitions\/chimie-tensioactif-11288\/\" target=\"_blank\" rel=\"noopener\">tensioactifs<\/a> agressifs (sulfates, <a href=\"https:\/\/www.futura-sciences.com\/sciences\/definitions\/chimie-polyethylene-2889\/\" target=\"_blank\" rel=\"noopener\">poly\u00e9thyl\u00e8nes<\/a>, <a href=\"https:\/\/www.futura-sciences.com\/sciences\/definitions\/chimie-acide-750\/\" target=\"_blank\" rel=\"noopener\">acides<\/a>, <a href=\"https:\/\/www.futura-sciences.com\/sciences\/definitions\/chimie-sodium-823\/\" target=\"_blank\" rel=\"noopener\">sodium<\/a>&#8230;) ;<\/li>\n<li role=\"presentation\">technique de s\u00e9chage : tamponner doucement la peau avec une serviette plut\u00f4t que de frotter vigoureusement.<\/li>\n<\/ol>\n<p>Ces recommandations doivent bien s\u00fbr \u00eatre adapt\u00e9es en fonction de divers facteurs comme la <a href=\"https:\/\/www.futura-sciences.com\/planete\/definitions\/saison-saison-17774\/\" target=\"_blank\" rel=\"noopener\">saison<\/a>, les activit\u00e9s pratiqu\u00e9es ou l&rsquo;\u00e9tat de sant\u00e9 de chacun. L&rsquo;objectif est de trouver un \u00e9quilibre entre hygi\u00e8ne et pr\u00e9servation de la barri\u00e8re cutan\u00e9e.<\/p>\n<p>Vers une nouvelle approche de l&rsquo;hygi\u00e8ne des seniors<\/p>\n<p>Repenser la fr\u00e9quence des douches chez les <a href=\"https:\/\/www.futura-sciences.com\/sante\/questions-reponses\/corps-humain-on-plus-sensible-froid-vieillissant-16475\/\" title=\"Pourquoi est-on plus sensible au froid en vieillissant ?\" target=\"_blank\" rel=\"noopener\">personnes \u00e2g\u00e9es<\/a> implique de remettre en question certaines habitudes culturelles. Cette approche, bas\u00e9e sur les besoins sp\u00e9cifiques de la peau vieillissante, vise \u00e0 pr\u00e9venir les probl\u00e8mes cutan\u00e9s tels que la <a href=\"https:\/\/www.futura-sciences.com\/sante\/questions-reponses\/beaute-vieillissement-t-on-peau-seche-age-3642\/\" title=\"Vieillissement : pourquoi a-t-on la peau s\u00e8che avec l\u2019\u00e2ge ?\" target=\"_blank\" rel=\"noopener\">peau s\u00e8che<\/a>, les irritations, les allergies ou l&rsquo;ecz\u00e9ma.<\/p>\n<p>Il est crucial de comprendre que cette recommandation n&rsquo;est pas synonyme de laisser-aller. Au contraire, elle s&rsquo;inscrit dans une d\u00e9marche de soin personnalis\u00e9 et adapt\u00e9. L&rsquo;hygi\u00e8ne reste primordiale, mais elle doit \u00eatre repens\u00e9e pour <a href=\"https:\/\/www.futura-sciences.com\/sante\/actualites\/tabac-voici-age-ideal-arreter-fumer-preserver-sante-101501\/\" title=\"Voici l&#039;\u00e2ge id\u00e9al pour arr\u00eater de fumer et pr\u00e9server sa sant\u00e9\" target=\"_blank\" rel=\"noopener\">pr\u00e9server la sant\u00e9<\/a> et le confort de la peau des seniors.<\/p>\n<p>En adoptant ces nouvelles habitudes, les personnes \u00e2g\u00e9es peuvent maintenir une peau plus saine, plus confortable et mieux prot\u00e9g\u00e9e contre les agressions ext\u00e9rieures. Une approche sur mesure qui concilie bien-\u00eatre et sant\u00e9 cutan\u00e9e.<\/p>\n","protected":false},"excerpt":{"rendered":"Avec l&rsquo;\u00e2ge, notre peau change et ses besoins \u00e9voluent. La question du nombre id\u00e9al de douches \u00e0 prendre&hellip;\n","protected":false},"author":2,"featured_media":596654,"comment_status":"","ping_status":"","sticky":false,"template":"","format":"standard","meta":{"footnotes":""},"categories":[10],"tags":[4983,12739,37456,69118,70938,70937,1011,27,70945,72,70941,36736,70940,278,9854,70942,70939,70943,2571,71,16169,70935,70934,70944,3552,70936,282],"class_list":{"0":"post-596653","1":"post","2":"type-post","3":"status-publish","4":"format-standard","5":"has-post-thumbnail","7":"category-sante","8":"tag-bien-etre","9":"tag-corps-humain","10":"tag-dermatologie","11":"tag-derme","12":"tag-epiderme","13":"tag-film-hydrolipidique","14":"tag-fr","15":"tag-france","16":"tag-gel-douche","17":"tag-health","18":"tag-hydratation-de-la-peau","19":"tag-hygiene-de-vie","20":"tag-irritation-cutanee","21":"tag-les-tendances","22":"tag-peau","23":"tag-peau-fragile","24":"tag-peau-seche","25":"tag-peau-sensible","26":"tag-personnes-agees","27":"tag-sante","28":"tag-savon","29":"tag-se-doucher","30":"tag-se-laver","31":"tag-sebum","32":"tag-seniors","33":"tag-toilette","34":"tag-vieillissement"},"share_on_mastodon":{"url":"https:\/\/pubeurope.com\/@fr\/115711724905303125","error":""},"_links":{"self":[{"href":"https:\/\/www.europesays.com\/fr\/wp-json\/wp\/v2\/posts\/596653","targetHints":{"allow":["GET"]}}],"collection":[{"href":"https:\/\/www.europesays.com\/fr\/wp-json\/wp\/v2\/posts"}],"about":[{"href":"https:\/\/www.europesays.com\/fr\/wp-json\/wp\/v2\/types\/post"}],"author":[{"embeddable":true,"href":"https:\/\/www.europesays.com\/fr\/wp-json\/wp\/v2\/users\/2"}],"replies":[{"embeddable":true,"href":"https:\/\/www.europesays.com\/fr\/wp-json\/wp\/v2\/comments?post=596653"}],"version-history":[{"count":0,"href":"https:\/\/www.europesays.com\/fr\/wp-json\/wp\/v2\/posts\/596653\/revisions"}],"wp:featuredmedia":[{"embeddable":true,"href":"https:\/\/www.europesays.com\/fr\/wp-json\/wp\/v2\/media\/596654"}],"wp:attachment":[{"href":"https:\/\/www.europesays.com\/fr\/wp-json\/wp\/v2\/media?parent=596653"}],"wp:term":[{"taxonomy":"category","embeddable":true,"href":"https:\/\/www.europesays.com\/fr\/wp-json\/wp\/v2\/categories?post=596653"},{"taxonomy":"post_tag","embeddable":true,"href":"https:\/\/www.europesays.com\/fr\/wp-json\/wp\/v2\/tags?post=596653"}],"curies":[{"name":"wp","href":"https:\/\/api.w.org\/{rel}","templated":true}]}}