{"id":596663,"date":"2025-12-13T10:16:35","date_gmt":"2025-12-13T10:16:35","guid":{"rendered":"https:\/\/www.europesays.com\/fr\/596663\/"},"modified":"2025-12-13T10:16:35","modified_gmt":"2025-12-13T10:16:35","slug":"zelensky-affirme-que-son-armee-a-repris-le-controle-de-la-ville-de-koupiansk","status":"publish","type":"post","link":"https:\/\/www.europesays.com\/fr\/596663\/","title":{"rendered":"Zelensky affirme que son arm\u00e9e a repris le contr\u00f4le de la ville de Koupiansk"},"content":{"rendered":"<p>                     <img loading=\"lazy\" decoding=\"async\" src=\"https:\/\/www.europesays.com\/fr\/wp-content\/uploads\/2025\/12\/1704b09_upload-1-ga5y3o2mxqs7-262760.jpg\" alt=\"Le pr\u00e9sident ukrainien, Volodymyr Zelensky, enregistrant une vid\u00e9o \u00e0 l\u2019entr\u00e9e de la ville de Koupiansk, le 12\u00a0d\u00e9cembre 2025. La vid\u00e9o a \u00e9t\u00e9 diffus\u00e9e par le service de presse de la pr\u00e9sidence ukrainienne.\"   width=\"664\" height=\"443\"\/>    Le pr\u00e9sident ukrainien, Volodymyr Zelensky, enregistrant une vid\u00e9o \u00e0 l\u2019entr\u00e9e de la ville de Koupiansk, le 12\u00a0d\u00e9cembre 2025. La vid\u00e9o a \u00e9t\u00e9 diffus\u00e9e par le service de presse de la pr\u00e9sidence ukrainienne.  HANDOUT \/ AFP                 <\/p>\n<p class=\"article__paragraph  \">L\u2019arm\u00e9e ukrainienne a annonc\u00e9, vendredi 12\u00a0d\u00e9cembre, avoir r\u00e9ussi une contre-attaque \u00e9clair \u00e0 Koupiansk, dans la r\u00e9gion de Kharkiv, une ville que le chef d\u2019\u00e9tat-major des forces arm\u00e9es russes, Valeri Guerassimov, avait d\u00e9clar\u00e9 conquise par la Russie, le 20\u00a0novembre. Vladimir Poutine avait <a href=\"https:\/\/tass.com\/politics\/2052523\" target=\"_blank\" rel=\"noopener\" title=\"Nouvelle fen\u00eatre\">rench\u00e9ri<\/a> le 2\u00a0d\u00e9cembre en invitant \u00ab\u00a0des journalistes \u00e9trangers et m\u00eame ukrainiens \u00e0 v\u00e9rifier de leurs propres yeux\u00a0\u00bb, sans que l\u2019invitation ne se concr\u00e9tise.<\/p>\n<p class=\"article__paragraph  \">C\u2019est finalement Volodymyr Zelensky, le pr\u00e9sident ukrainien, qui s\u2019est rendu sur place vendredi matin, apparaissant dans une vid\u00e9o film\u00e9e \u00e0 2,6\u00a0kilom\u00e8tres de la place centrale de Koupiansk, o\u00f9 se d\u00e9roulent encore des combats. Posant en gilet pare-balles \u00e0 c\u00f4t\u00e9 du monumental panneau \u2013 endommag\u00e9 \u2013 indiquant l\u2019entr\u00e9e de Koupiansk, il a d\u00e9clar\u00e9, avec un air de d\u00e9fi\u00a0: \u00ab\u00a0Les faits parlent d\u2019eux-m\u00eames.\u00a0\u00bb<\/p>\n<p class=\"article__paragraph  \">En se d\u00e9pla\u00e7ant dans la \u00ab\u00a0zone de mort\u00a0\u00bb, c\u2019est-\u00e0-dire \u00e0 port\u00e9e des drones et munitions r\u00f4deuses russes, le chef de l\u2019Etat ukrainien a choisi de risquer sa vie au moment o\u00f9 les pressions am\u00e9ricaines sont maximales pour forcer Kiev \u00e0 faire des concessions territoriales \u00e0 Moscou. \u00ab\u00a0Il est crucial aujourd\u2019hui d\u2019obtenir des succ\u00e8s sur le front pour obtenir des r\u00e9sultats diplomatiques, a d\u00e9clar\u00e9 M.\u00a0Zelensky. C\u2019est ainsi que \u00e7a fonctionne\u00a0: toutes nos positions consolid\u00e9es \u00e0 l\u2019int\u00e9rieur du pays correspondent \u00e0 des positions solides dans les n\u00e9gociations pour mettre fin \u00e0 la guerre.\u00a0\u00bb<\/p>\n<p class=\"reading-mode-only \"><strong>Il vous reste 71.87% de cet article \u00e0 lire. La suite est r\u00e9serv\u00e9e aux abonn\u00e9s.<\/strong><\/p>\n","protected":false},"excerpt":{"rendered":"Le pr\u00e9sident ukrainien, Volodymyr Zelensky, enregistrant une vid\u00e9o \u00e0 l\u2019entr\u00e9e de la ville de Koupiansk, le 12\u00a0d\u00e9cembre 2025.&hellip;\n","protected":false},"author":2,"featured_media":596664,"comment_status":"","ping_status":"","sticky":false,"template":"","format":"standard","meta":{"footnotes":""},"categories":[5],"tags":[11,1011,27,14,12,28],"class_list":{"0":"post-596663","1":"post","2":"type-post","3":"status-publish","4":"format-standard","5":"has-post-thumbnail","7":"category-international","8":"tag-actualites","9":"tag-fr","10":"tag-france","11":"tag-international","12":"tag-news","13":"tag-world"},"share_on_mastodon":{"url":"https:\/\/pubeurope.com\/@fr\/115711743957347763","error":""},"_links":{"self":[{"href":"https:\/\/www.europesays.com\/fr\/wp-json\/wp\/v2\/posts\/596663","targetHints":{"allow":["GET"]}}],"collection":[{"href":"https:\/\/www.europesays.com\/fr\/wp-json\/wp\/v2\/posts"}],"about":[{"href":"https:\/\/www.europesays.com\/fr\/wp-json\/wp\/v2\/types\/post"}],"author":[{"embeddable":true,"href":"https:\/\/www.europesays.com\/fr\/wp-json\/wp\/v2\/users\/2"}],"replies":[{"embeddable":true,"href":"https:\/\/www.europesays.com\/fr\/wp-json\/wp\/v2\/comments?post=596663"}],"version-history":[{"count":0,"href":"https:\/\/www.europesays.com\/fr\/wp-json\/wp\/v2\/posts\/596663\/revisions"}],"wp:featuredmedia":[{"embeddable":true,"href":"https:\/\/www.europesays.com\/fr\/wp-json\/wp\/v2\/media\/596664"}],"wp:attachment":[{"href":"https:\/\/www.europesays.com\/fr\/wp-json\/wp\/v2\/media?parent=596663"}],"wp:term":[{"taxonomy":"category","embeddable":true,"href":"https:\/\/www.europesays.com\/fr\/wp-json\/wp\/v2\/categories?post=596663"},{"taxonomy":"post_tag","embeddable":true,"href":"https:\/\/www.europesays.com\/fr\/wp-json\/wp\/v2\/tags?post=596663"}],"curies":[{"name":"wp","href":"https:\/\/api.w.org\/{rel}","templated":true}]}}