{"id":596671,"date":"2025-12-13T10:22:22","date_gmt":"2025-12-13T10:22:22","guid":{"rendered":"https:\/\/www.europesays.com\/fr\/596671\/"},"modified":"2025-12-13T10:22:22","modified_gmt":"2025-12-13T10:22:22","slug":"saint-etienne-du-bois-un-an-apres-un-premier-cambriolage-un-magasin-de-producteurs-a-nouveau-cible","status":"publish","type":"post","link":"https:\/\/www.europesays.com\/fr\/596671\/","title":{"rendered":"Saint-\u00c9tienne-du-Bois. Un an apr\u00e8s un premier cambriolage, un\u00a0magasin de producteurs \u00e0 nouveau cibl\u00e9"},"content":{"rendered":"<p>Le commerce n\u2019a pas \u00e9t\u00e9 ferm\u00e9, certains fournisseurs ayant rapidement r\u00e9approvisionn\u00e9 pour ne pas laisser des rayons vides, mais c\u2019est avec \u00ab\u00a0beaucoup de col\u00e8re et de d\u00e9couragement\u00a0\u00bb que les associ\u00e9s d\u2019Arc en Fermes, le magasin de producteurs de Saint-\u00c9tienne-du-Bois, ont inform\u00e9 les clients de ce d\u00e9sagr\u00e9ment sur les r\u00e9seaux sociaux. Situ\u00e9 \u00e0 La Bergamote, \u00e0 c\u00f4t\u00e9 d\u2019Intermarch\u00e9, le magasin de producteurs a \u00e9t\u00e9 victime d\u2019un cambriolage dans la nuit de jeudi \u00e0 vendredi.<\/p>\n<p>Le vol a \u00e9t\u00e9 constat\u00e9 ce vendredi 12\u00a0d\u00e9cembre. Une plainte a \u00e9t\u00e9 d\u00e9pos\u00e9e. La porte arri\u00e8re avait \u00e9t\u00e9 forc\u00e9e, et la plupart des frigos vid\u00e9s de leurs contenus. Toute la viande, porc, b\u0153uf, veau, volailles, la truite, la farine, les huiles, les vins et les bi\u00e8res, tout ce qui pouvait avoir un tant soit peu de valeur a \u00e9t\u00e9 emport\u00e9.<\/p>\n<p>  D\u00e9j\u00e0 il y a un an<\/p>\n<p>L\u2019inventaire \u00e9tait en cours ce vendredi, afin d\u2019\u00e9valuer les pr\u00e9judices. S\u2019appuyant sur un collectif de producteurs locaux en vente directe, le magasin g\u00e9r\u00e9 par six associ\u00e9s accueille aussi les produits d\u2019une trentaine de fournisseurs en d\u00e9p\u00f4ts-ventes. Le commerce qui avait ouvert ses portes en avril\u00a02024 avait d\u00e9j\u00e0 \u00e9t\u00e9 victime d\u2019un <a href=\"https:\/\/www.leprogres.fr\/faits-divers-justice\/2024\/11\/22\/saint-etienne-du-bois-le-magasin-de-producteurs-arc-en-fermes-cambriole\" target=\"_blank\" rel=\"noopener\">cambriolage similaire il y a un peu plus d\u2019un an<\/a>, en novembre\u00a02024.<\/p>\n","protected":false},"excerpt":{"rendered":"Le commerce n\u2019a pas \u00e9t\u00e9 ferm\u00e9, certains fournisseurs ayant rapidement r\u00e9approvisionn\u00e9 pour ne pas laisser des rayons vides,&hellip;\n","protected":false},"author":2,"featured_media":596672,"comment_status":"","ping_status":"","sticky":false,"template":"","format":"standard","meta":{"footnotes":""},"categories":[9653],"tags":[1111,11,2738,2430,271,272,1777,674,274,107,1011,27,12,25,4001],"class_list":{"0":"post-596671","1":"post","2":"type-post","3":"status-publish","4":"format-standard","5":"has-post-thumbnail","7":"category-saint-etienne","8":"tag-actu","9":"tag-actualites","10":"tag-ain","11":"tag-auvergne-rhone-alpes","12":"tag-crime","13":"tag-delit-et-contravention","14":"tag-eu","15":"tag-europe","16":"tag-faits-divers-justice","17":"tag-fil-info","18":"tag-fr","19":"tag-france","20":"tag-news","21":"tag-republique-francaise","22":"tag-saint-etienne"},"share_on_mastodon":{"url":"https:\/\/pubeurope.com\/@fr\/115711767097315182","error":""},"_links":{"self":[{"href":"https:\/\/www.europesays.com\/fr\/wp-json\/wp\/v2\/posts\/596671","targetHints":{"allow":["GET"]}}],"collection":[{"href":"https:\/\/www.europesays.com\/fr\/wp-json\/wp\/v2\/posts"}],"about":[{"href":"https:\/\/www.europesays.com\/fr\/wp-json\/wp\/v2\/types\/post"}],"author":[{"embeddable":true,"href":"https:\/\/www.europesays.com\/fr\/wp-json\/wp\/v2\/users\/2"}],"replies":[{"embeddable":true,"href":"https:\/\/www.europesays.com\/fr\/wp-json\/wp\/v2\/comments?post=596671"}],"version-history":[{"count":0,"href":"https:\/\/www.europesays.com\/fr\/wp-json\/wp\/v2\/posts\/596671\/revisions"}],"wp:featuredmedia":[{"embeddable":true,"href":"https:\/\/www.europesays.com\/fr\/wp-json\/wp\/v2\/media\/596672"}],"wp:attachment":[{"href":"https:\/\/www.europesays.com\/fr\/wp-json\/wp\/v2\/media?parent=596671"}],"wp:term":[{"taxonomy":"category","embeddable":true,"href":"https:\/\/www.europesays.com\/fr\/wp-json\/wp\/v2\/categories?post=596671"},{"taxonomy":"post_tag","embeddable":true,"href":"https:\/\/www.europesays.com\/fr\/wp-json\/wp\/v2\/tags?post=596671"}],"curies":[{"name":"wp","href":"https:\/\/api.w.org\/{rel}","templated":true}]}}