{"id":596673,"date":"2025-12-13T10:23:38","date_gmt":"2025-12-13T10:23:38","guid":{"rendered":"https:\/\/www.europesays.com\/fr\/596673\/"},"modified":"2025-12-13T10:23:38","modified_gmt":"2025-12-13T10:23:38","slug":"la-quasi-totalite-des-arbres-de-ce-boulevard-tres-frequente-de-nancy-va-etre-abattue-voici-pourquoi","status":"publish","type":"post","link":"https:\/\/www.europesays.com\/fr\/596673\/","title":{"rendered":"La quasi-totalit\u00e9 des arbres de ce boulevard tr\u00e8s fr\u00e9quent\u00e9 de Nancy va \u00eatre abattue : voici pourquoi"},"content":{"rendered":"<p>                    Par<br \/>\n        <strong><br \/>\n            <a href=\"https:\/\/actu.fr\/auteur\/pierre-emile-bouchy-actu-fr\" title=\"Consulter tous les articles de Paul-Emile Bouchy\" target=\"_blank\" rel=\"noopener\">Paul-Emile Bouchy<\/a><br \/>\n                    <\/strong><\/p>\n<p>        Publi\u00e9 le<\/p>\n<p>            12 d\u00e9c. 2025 \u00e0 9h11        <\/p>\n<p>Comme annonc\u00e9 en juin\u00a02025, <a href=\"https:\/\/actu.fr\/grand-est\/nancy_54395\/a-nancy-ce-boulevard-tres-frequente-va-etre-transforme-on-vous-presente-le-nouveau-projet_62788175.html\" target=\"_blank\" rel=\"noopener\">le boulevard d\u2019Austrasie va \u00eatre profond\u00e9ment transform\u00e9<\/a>. Le projet, qui s\u2019inscrit dans le cadre du <a href=\"https:\/\/actu.fr\/grand-est\/nancy_54395\/tram-bus-velos-pietons-500-millions-d-euros-pour-revoir-les-deplacements-a-nancy_46759282.html\" target=\"_blank\" rel=\"noopener\">Plan M\u00e9tropolitain des Mobilit\u00e9s (P2M)<\/a>, pr\u00e9voit notamment d\u2019y <strong>cr\u00e9er une piste cyclable bidirectionnelle, de conserver le double sens de circulation pour les voitures<\/strong> et <strong>de v\u00e9g\u00e9taliser les trottoirs<\/strong>.<\/p>\n<p class=\" wall-content\">Pour pouvoir d\u00e9buter ces travaux en f\u00e9vrier\u00a02026,<strong> la quasi-totalit\u00e9 des arbres va devoir \u00eatre abattue.<\/strong> On vous explique pourquoi.<\/p>\n<p>Des arbres pr\u00e9sentant une faiblesse g\u00e9n\u00e9rale<\/p>\n<p class=\" wall-content\">Dans un communiqu\u00e9, la M\u00e9tropole du Grand Nancy et la Ville de Nancy expliquent que <strong>ces arbres pr\u00e9sentent \u00ab\u2009une faiblesse g\u00e9n\u00e9rale<\/strong> li\u00e9e \u00e0 l\u2019\u00e9troitesse de leurs fosses et \u00e0 leur infestation par <strong>un champignon lignivore<\/strong> (Fomitiporia punctata)\u2009\u00bb. Pour certains arbres, ils ont \u00e9t\u00e9 <strong>affaiblis par \u00ab\u2009une implantation non optimale<\/strong> vis-\u00e0-vis des infrastructures et des usages urbains\u2009\u00bb.<\/p>\n<p class=\" wall-content\">Pour des questions de s\u00e9curit\u00e9, <strong>l\u2019abattage de ces arbres va d\u00e9buter d\u00e8s mi-d\u00e9cembre<\/strong>.<\/p>\n<p class=\" wall-content\">Le projet d\u2019am\u00e9nagement du boulevard d\u2019Austrasie pr\u00e9voit une nouvelle v\u00e9g\u00e9talisation avec notamment <strong>une centaine de nouveaux arbres<\/strong>.<\/p>\n<p class=\" wall-content\">Personnalisez votre actualit\u00e9 en ajoutant vos villes et m\u00e9dias en favori avec <a href=\"https:\/\/moncompte.actu.fr\" title=\"D\u00e9couvez Mon Actu\" rel=\"nofollow noopener\" data-trk=\"{&quot;cta&quot;:{&quot;action&quot;:&quot;https:\\\/\\\/moncompte.actu.fr&quot;,&quot;category&quot;:&quot;mon compte&quot;,&quot;from&quot;:&quot;article footer&quot;,&quot;name&quot;:&quot;Mon actu&quot;,&quot;type&quot;:&quot;cta&quot;}}\" target=\"_blank\">Mon Actu<\/a>.<\/p>\n","protected":false},"excerpt":{"rendered":"Par Paul-Emile Bouchy Publi\u00e9 le 12 d\u00e9c. 2025 \u00e0 9h11 Comme annonc\u00e9 en juin\u00a02025, le boulevard d\u2019Austrasie va&hellip;\n","protected":false},"author":2,"featured_media":596674,"comment_status":"","ping_status":"","sticky":false,"template":"","format":"standard","meta":{"footnotes":""},"categories":[9635],"tags":[1111,11,1777,674,1011,27,775,1702,12,25,104,1352],"class_list":{"0":"post-596673","1":"post","2":"type-post","3":"status-publish","4":"format-standard","5":"has-post-thumbnail","7":"category-nancy","8":"tag-actu","9":"tag-actualites","10":"tag-eu","11":"tag-europe","12":"tag-fr","13":"tag-france","14":"tag-grand-est","15":"tag-nancy","16":"tag-news","17":"tag-republique-francaise","18":"tag-societe","19":"tag-urbanisme"},"share_on_mastodon":{"url":"https:\/\/pubeurope.com\/@fr\/115711770913732281","error":""},"_links":{"self":[{"href":"https:\/\/www.europesays.com\/fr\/wp-json\/wp\/v2\/posts\/596673","targetHints":{"allow":["GET"]}}],"collection":[{"href":"https:\/\/www.europesays.com\/fr\/wp-json\/wp\/v2\/posts"}],"about":[{"href":"https:\/\/www.europesays.com\/fr\/wp-json\/wp\/v2\/types\/post"}],"author":[{"embeddable":true,"href":"https:\/\/www.europesays.com\/fr\/wp-json\/wp\/v2\/users\/2"}],"replies":[{"embeddable":true,"href":"https:\/\/www.europesays.com\/fr\/wp-json\/wp\/v2\/comments?post=596673"}],"version-history":[{"count":0,"href":"https:\/\/www.europesays.com\/fr\/wp-json\/wp\/v2\/posts\/596673\/revisions"}],"wp:featuredmedia":[{"embeddable":true,"href":"https:\/\/www.europesays.com\/fr\/wp-json\/wp\/v2\/media\/596674"}],"wp:attachment":[{"href":"https:\/\/www.europesays.com\/fr\/wp-json\/wp\/v2\/media?parent=596673"}],"wp:term":[{"taxonomy":"category","embeddable":true,"href":"https:\/\/www.europesays.com\/fr\/wp-json\/wp\/v2\/categories?post=596673"},{"taxonomy":"post_tag","embeddable":true,"href":"https:\/\/www.europesays.com\/fr\/wp-json\/wp\/v2\/tags?post=596673"}],"curies":[{"name":"wp","href":"https:\/\/api.w.org\/{rel}","templated":true}]}}