{"id":596679,"date":"2025-12-13T10:28:16","date_gmt":"2025-12-13T10:28:16","guid":{"rendered":"https:\/\/www.europesays.com\/fr\/596679\/"},"modified":"2025-12-13T10:28:16","modified_gmt":"2025-12-13T10:28:16","slug":"lolum-en-camargue-fidele-au-port","status":"publish","type":"post","link":"https:\/\/www.europesays.com\/fr\/596679\/","title":{"rendered":"Lolum en Camargue, fid\u00e8le au port"},"content":{"rendered":"<p>Perrine Dumas retrouve cette ann\u00e9e encore les ateliers palavasiens, avec l\u2019\u00e9nergie tranquille de celles dont le projet a pris racine plus vite qu\u2019elles ne l\u2019avaient imagin\u00e9. Son vernissage aura lieu ce dimanche 14 d\u00e9cembre, \u00e0 partir de 11 h, au 24 rue Saint-Roch \u00e0 Palavas.<\/p>\n<p>En deux ans, sa marque Lolum en Camargue a trac\u00e9 son chemin, port\u00e9e par une id\u00e9e simple et efficace : transformer les pare-battages usag\u00e9s des bateaux en luminaires singuliers, \u00e0 la fronti\u00e8re du design et du recyclage.<\/p>\n<p>Son aventure d\u00e9marre presque par hasard, dans son garage, avec une ancienne bou\u00e9e devenue lampe. Le bouche-\u00e0-oreille fait le reste. Elle se rend vite compte que ces pare-battages, non recycl\u00e9s, finissent br\u00fbl\u00e9s ou enfouis. Elle cr\u00e9e alors sa propre fili\u00e8re de collecte. Les premiers bacs apparaissent et, l\u2019an dernier, elle d\u00e9croche m\u00eame le label Z\u00e9ro d\u00e9chet. Aujourd\u2019hui, elle poursuit l\u2019effort : \u00ab\u00a0J\u2019ai install\u00e9 un bac \u00e0 Palavas, \u00e0 Port-Leucate, et j\u2019ai maintenant six ports de collecte sur le littoral. Depuis 2023, j\u2019ai r\u00e9cup\u00e9r\u00e9 plus de 600 kilos de mati\u00e8re premi\u00e8re. L\u2019impact sur l\u2019environnement est vraiment positif.\u00a0\u00bb<\/p>\n<p>Les ateliers palavasiens lui ont servi de tremplin. Premi\u00e8re boutique, premier contact avec le public, premi\u00e8res commandes de restaurants et de particuliers. Elle avance vite, toujours en qu\u00eate de nouvelles formes. \u00ab\u00a0Je cherche en permanence de nouveaux mod\u00e8les pour m\u2019adapter aux usages et offrir du choix. Cette ann\u00e9e, j\u2019ai des lampes sur pied, des mod\u00e8les \u00e0 poser et m\u00eame des pi\u00e8ces XXL, presque comme des \u0153uvres d\u2019art.\u00a0\u00bb<\/p>\n<p>Elle regarde aussi plus loin : \u00ab\u00a0Je travaille avec des professionnels et des entreprises. La personnalisation est un vrai atout. J\u2019aimerais faire des salons et je d\u00e9veloppe ma boutique en ligne. C\u2019est mon grand chantier de l\u2019ann\u00e9e. Et l\u2019an prochain, j\u2019aurai la certification d\u2019artisan d\u2019art, ce qui ouvrira d\u2019autres perspectives, notamment pour utiliser ma mati\u00e8re premi\u00e8re autrement.\u00a0\u00bb L\u2019ancrage local reste fort. \u00ab\u00a0Depuis trois ans, j\u2019ai des clients de Palavas qui reviennent chaque ann\u00e9e. \u00c7a fait vraiment plaisir. Ce sont des liens qui comptent.\u00a0\u00bb<\/p>\n<p>Infos : <a href=\"http:\/\/instagram.com\/\" target=\"_blank\" rel=\"nofollow noopener\">instagram.com\/<\/a> lo_lum_en_camargue\/<\/p>\n<p>Correspondante Midi Libre : 07 68 37 88 08<\/p>\n<p>                                                                                                                                                                                                        <script async src=\"\/\/www.instagram.com\/embed.js\"><\/script><\/p>\n","protected":false},"excerpt":{"rendered":"Perrine Dumas retrouve cette ann\u00e9e encore les ateliers palavasiens, avec l\u2019\u00e9nergie tranquille de celles dont le projet a&hellip;\n","protected":false},"author":2,"featured_media":596680,"comment_status":"","ping_status":"","sticky":false,"template":"","format":"standard","meta":{"footnotes":""},"categories":[9599],"tags":[1111,11,1477,33,1777,674,1011,27,7089,2208,12,2680,69289,25],"class_list":{"0":"post-596679","1":"post","2":"type-post","3":"status-publish","4":"format-standard","5":"has-post-thumbnail","7":"category-montpellier","8":"tag-actu","9":"tag-actualites","10":"tag-artisanat","11":"tag-economie","12":"tag-eu","13":"tag-europe","14":"tag-fr","15":"tag-france","16":"tag-herault","17":"tag-montpellier","18":"tag-news","19":"tag-occitanie","20":"tag-palavaslesflots","21":"tag-republique-francaise"},"share_on_mastodon":{"url":"https:\/\/pubeurope.com\/@fr\/115711790604227564","error":""},"_links":{"self":[{"href":"https:\/\/www.europesays.com\/fr\/wp-json\/wp\/v2\/posts\/596679","targetHints":{"allow":["GET"]}}],"collection":[{"href":"https:\/\/www.europesays.com\/fr\/wp-json\/wp\/v2\/posts"}],"about":[{"href":"https:\/\/www.europesays.com\/fr\/wp-json\/wp\/v2\/types\/post"}],"author":[{"embeddable":true,"href":"https:\/\/www.europesays.com\/fr\/wp-json\/wp\/v2\/users\/2"}],"replies":[{"embeddable":true,"href":"https:\/\/www.europesays.com\/fr\/wp-json\/wp\/v2\/comments?post=596679"}],"version-history":[{"count":0,"href":"https:\/\/www.europesays.com\/fr\/wp-json\/wp\/v2\/posts\/596679\/revisions"}],"wp:featuredmedia":[{"embeddable":true,"href":"https:\/\/www.europesays.com\/fr\/wp-json\/wp\/v2\/media\/596680"}],"wp:attachment":[{"href":"https:\/\/www.europesays.com\/fr\/wp-json\/wp\/v2\/media?parent=596679"}],"wp:term":[{"taxonomy":"category","embeddable":true,"href":"https:\/\/www.europesays.com\/fr\/wp-json\/wp\/v2\/categories?post=596679"},{"taxonomy":"post_tag","embeddable":true,"href":"https:\/\/www.europesays.com\/fr\/wp-json\/wp\/v2\/tags?post=596679"}],"curies":[{"name":"wp","href":"https:\/\/api.w.org\/{rel}","templated":true}]}}