{"id":596681,"date":"2025-12-13T10:29:16","date_gmt":"2025-12-13T10:29:16","guid":{"rendered":"https:\/\/www.europesays.com\/fr\/596681\/"},"modified":"2025-12-13T10:29:16","modified_gmt":"2025-12-13T10:29:16","slug":"une-voiture-percute-de-plein-fouet-une-moto-entre-montpellier-et-sete-le-pilote-evacue-en-urgence-absolue","status":"publish","type":"post","link":"https:\/\/www.europesays.com\/fr\/596681\/","title":{"rendered":"Une voiture percute de plein fouet une moto entre Montpellier et S\u00e8te\u00a0: le pilote \u00e9vacu\u00e9 en urgence absolue"},"content":{"rendered":"<p>\n                                                                L\u2019accident a eu lieu ce vendredi 12\u00a0d\u00e9cembre en d\u00e9but de soir\u00e9e, \u00e0 hauteur de Mireval.\n                            <\/p>\n<p>Un motard de 56 ans a \u00e9t\u00e9 tr\u00e8s gravement bless\u00e9 dans un accident de la circulation, survenu vendredi 12\u00a0d\u00e9cembre, peu avant 19\u00a0heures, sur la D 612, \u00e0 hauteur de Mireval.<\/p>\n<p>Un automobiliste \u00e2g\u00e9 de 72 ans a entrepris un d\u00e9passement sans voir le deux-roues motoris\u00e9 qui arrivait en face. Il l\u2019a percut\u00e9 de plein fouet.<\/p>\n<p>Ce dernier a \u00e9t\u00e9 secouru par les pompiers et\u00a0transport\u00e9\u00a0en urgence absolue vers le CHU de Montpellier. Dans un \u00e9tat critique, il souffrait notamment d\u2019un pneumothorax et de fractures aux membres inf\u00e9rieurs.<\/p>\n<p>Test d\u2019alcool\u00e9mie n\u00e9gatif<\/p>\n<p>Le test d\u2019alcool\u00e9mie pratiqu\u00e9 sur le conducteur, choqu\u00e9, s\u2019est av\u00e9r\u00e9 n\u00e9gatif. Celui-ci r\u00e9side \u00e0 proximit\u00e9 de Mireval, tout comme le pilote gravement bless\u00e9.<\/p>\n<p>Les gendarmes se sont rendus sur place pour s\u00e9curiser l\u2019intervention et mettre en place une d\u00e9viation. La circulation a \u00e9t\u00e9 fortement perturb\u00e9e sur le secteur.<\/p>\n","protected":false},"excerpt":{"rendered":"L\u2019accident a eu lieu ce vendredi 12\u00a0d\u00e9cembre en d\u00e9but de soir\u00e9e, \u00e0 hauteur de Mireval. Un motard de&hellip;\n","protected":false},"author":2,"featured_media":596682,"comment_status":"","ping_status":"","sticky":false,"template":"","format":"standard","meta":{"footnotes":""},"categories":[9599],"tags":[1111,11,1777,674,118,1011,27,7089,2208,12,2680,25],"class_list":{"0":"post-596681","1":"post","2":"type-post","3":"status-publish","4":"format-standard","5":"has-post-thumbnail","7":"category-montpellier","8":"tag-actu","9":"tag-actualites","10":"tag-eu","11":"tag-europe","12":"tag-faits-divers","13":"tag-fr","14":"tag-france","15":"tag-herault","16":"tag-montpellier","17":"tag-news","18":"tag-occitanie","19":"tag-republique-francaise"},"share_on_mastodon":{"url":"https:\/\/pubeurope.com\/@fr\/115711794620514802","error":""},"_links":{"self":[{"href":"https:\/\/www.europesays.com\/fr\/wp-json\/wp\/v2\/posts\/596681","targetHints":{"allow":["GET"]}}],"collection":[{"href":"https:\/\/www.europesays.com\/fr\/wp-json\/wp\/v2\/posts"}],"about":[{"href":"https:\/\/www.europesays.com\/fr\/wp-json\/wp\/v2\/types\/post"}],"author":[{"embeddable":true,"href":"https:\/\/www.europesays.com\/fr\/wp-json\/wp\/v2\/users\/2"}],"replies":[{"embeddable":true,"href":"https:\/\/www.europesays.com\/fr\/wp-json\/wp\/v2\/comments?post=596681"}],"version-history":[{"count":0,"href":"https:\/\/www.europesays.com\/fr\/wp-json\/wp\/v2\/posts\/596681\/revisions"}],"wp:featuredmedia":[{"embeddable":true,"href":"https:\/\/www.europesays.com\/fr\/wp-json\/wp\/v2\/media\/596682"}],"wp:attachment":[{"href":"https:\/\/www.europesays.com\/fr\/wp-json\/wp\/v2\/media?parent=596681"}],"wp:term":[{"taxonomy":"category","embeddable":true,"href":"https:\/\/www.europesays.com\/fr\/wp-json\/wp\/v2\/categories?post=596681"},{"taxonomy":"post_tag","embeddable":true,"href":"https:\/\/www.europesays.com\/fr\/wp-json\/wp\/v2\/tags?post=596681"}],"curies":[{"name":"wp","href":"https:\/\/api.w.org\/{rel}","templated":true}]}}