{"id":596683,"date":"2025-12-13T10:30:18","date_gmt":"2025-12-13T10:30:18","guid":{"rendered":"https:\/\/www.europesays.com\/fr\/596683\/"},"modified":"2025-12-13T10:30:18","modified_gmt":"2025-12-13T10:30:18","slug":"animations-gratuites-cadeaux-concours-la-commune-de-montville-sillumine-pour-les-fetes-de-fin-dannee","status":"publish","type":"post","link":"https:\/\/www.europesays.com\/fr\/596683\/","title":{"rendered":"Animations gratuites, cadeaux, concours&#8230; La commune de Montville s&rsquo;illumine pour les f\u00eates de fin d&rsquo;ann\u00e9e"},"content":{"rendered":"<p>                    Par<br \/>\n        <strong><br \/>\n            <a href=\"https:\/\/actu.fr\/auteur\/laredaction\" title=\"Consulter tous les articles de R\u00e9daction Normandie\" target=\"_blank\" rel=\"noopener\">R\u00e9daction Normandie<\/a><br \/>\n                    <\/strong><\/p>\n<p>        Publi\u00e9 le<\/p>\n<p>            13 d\u00e9c. 2025 \u00e0 10h16        <\/p>\n<p>La <strong>bo\u00eete aux lettres du p\u00e8re No\u00ebl<\/strong> est officiellement ouverte\u2009! Install\u00e9e place de la R\u00e9publique \u00e0 <a href=\"https:\/\/actu.fr\/normandie\/montville_76452\" target=\"_blank\" rel=\"noopener\">Montville<\/a>, pr\u00e8s de <a href=\"https:\/\/actu.fr\/normandie\/rouen_76540\" target=\"_blank\" rel=\"noopener\">Rouen<\/a>, elle restera en place jusqu\u2019au 14\u00a0d\u00e9cembre 2025. Tous les Montvillais de moins de 10\u00a0ans ayant \u00e9crit une lettre ou adress\u00e9 un dessin au p\u00e8re No\u00ebl recevront un cadeau le 20\u00a0d\u00e9cembre.<\/p>\n<p>Plusieurs concours organis\u00e9s<\/p>\n<p class=\" wall-content\">Un <strong>concours du plus beau sapin<\/strong> a \u00e9t\u00e9 lanc\u00e9 sur le r\u00e9seau Facebook de la commune. Fin des inscriptions le 14\u00a0d\u00e9cembre. Pour les votes, tous les internautes pourront participer entre le 15 et le 18.<\/p>\n<p class=\" wall-content\">Le concours des <strong>maisons et vitrines d\u00e9cor\u00e9es<\/strong> est ouvert aux m\u00eames dates. Cette fois, ce sont les enfants du Conseil municipal des enfants et des jeunes (CMEJ) qui d\u00e9partageront les plus beaux ornements festifs.<\/p>\n<p>De nombreuses animations le 20\u00a0d\u00e9cembre<\/p>\n<p class=\" wall-content\">Le samedi 20\u00a0d\u00e9cembre, du matin au soir, la commune propose de nombreuses <strong>animations gratuites<\/strong>. Tout d\u2019abord, sur le parvis de la mairie avec la distribution des cadeaux du p\u00e8re No\u00ebl. Puis, \u00e0 16\u2009h, \u00e0 l\u2019espace Jean-Loup-Chr\u00e9tien, l\u2019\u00e9cole des arts jouera et chantera No\u00ebl. Un conte musical r\u00e9jouira les petits avant l\u2019arriv\u00e9e du p\u00e8re No\u00ebl.<\/p>\n<p>    <img   decoding=\"async\" loading=\"lazy\" class=\"size-large\" src=\"https:\/\/www.europesays.com\/fr\/wp-content\/uploads\/2025\/12\/874a4c79b23962e8a4c79b239d3ba4v-960x640.jpg\" alt=\"Le parvis de la mairie brille de tous ses feux\" width=\"960\" height=\"640\"\/><br \/>\n    Le parvis de la mairie brille de tous ses feux \u00a9Le Bulletin<\/p>\n<p class=\" wall-content\">Sur le parvis de la mairie, de 17\u2009h \u00e0 20\u2009h, des balades en cal\u00e8che sont pr\u00e9vues, des photos avec le p\u00e8re No\u00ebl pourront \u00eatre faites et divers ateliers de maquillage et d\u00e9coration seront propos\u00e9s ainsi que des jeux, toujours dans une ambiance festive.<\/p>\n<p>Le travail des services techniques mis en avant<\/p>\n<p class=\" wall-content\">Apr\u00e8s avoir annonc\u00e9 ce qui attendait les Montvillais, le d\u00e9compte a eu lieu pour faire \u00e9tinceler les lumi\u00e8res dans la ville le 29\u00a0novembre. \u00ab\u2009Ces illuminations et d\u00e9corations sont le fruit d\u2019un travail remarquable des services techniques, qui ont une nouvelle fois d\u00e9ploy\u00e9 toute leur cr\u00e9ativit\u00e9\u2009\u00bb, a indiqu\u00e9 Anne-Sophie Clabaut, adjointe au maire.<\/p>\n<p class=\" wall-content\">\u00c0 l\u2019occasion du lancement de ces festivit\u00e9s, avec la complicit\u00e9 du comit\u00e9 de jumelage, un chocolat chaud ou un vin chaud \u00e9tait offert aux habitants.<\/p>\n<p>Votre r\u00e9gion, votre actu !<\/p>\n<p>Recevez chaque jour les infos qui comptent pour vous.<\/p>\n<p>\t<a href=\"https:\/\/actu.fr\/newsletter\" class=\"ac-btn ac-btn--corner ac-btn--medium ac-btn--blue800\" target=\"_blank\" rel=\"noopener\">S&rsquo;incrire<\/a><br \/>\nSuivez l\u2019actualit\u00e9 de Rouen sur <a href=\"https:\/\/www.whatsapp.com\/channel\/0029VaKfnf99hXF2ddApFB1D\" target=\"_blank\" rel=\"noopener\">notre cha\u00eene WhatsApp<\/a> et sur <a href=\"https:\/\/www.tiktok.com\/@76actu.fr?lang=fr\" target=\"_blank\" rel=\"noopener\">notre compte TikTok.<\/a><\/p>\n<p class=\" wall-content\">Personnalisez votre actualit\u00e9 en ajoutant vos villes et m\u00e9dias en favori avec <a href=\"https:\/\/moncompte.actu.fr\" title=\"D\u00e9couvez Mon Actu\" rel=\"nofollow noopener\" data-trk=\"{&quot;cta&quot;:{&quot;action&quot;:&quot;https:\\\/\\\/moncompte.actu.fr&quot;,&quot;category&quot;:&quot;mon compte&quot;,&quot;from&quot;:&quot;article footer&quot;,&quot;name&quot;:&quot;Mon actu&quot;,&quot;type&quot;:&quot;cta&quot;}}\" target=\"_blank\">Mon Actu<\/a>.<\/p>\n<p>                    <script async src=\"\/\/www.tiktok.com\/embed.js\"><\/script><\/p>\n","protected":false},"excerpt":{"rendered":"Par R\u00e9daction Normandie Publi\u00e9 le 13 d\u00e9c. 2025 \u00e0 10h16 La bo\u00eete aux lettres du p\u00e8re No\u00ebl est&hellip;\n","protected":false},"author":2,"featured_media":596684,"comment_status":"","ping_status":"","sticky":false,"template":"","format":"standard","meta":{"footnotes":""},"categories":[9587],"tags":[1111,11,1719,1777,674,1011,27,1652,12,15830,5161,25,9590],"class_list":{"0":"post-596683","1":"post","2":"type-post","3":"status-publish","4":"format-standard","5":"has-post-thumbnail","7":"category-rouen","8":"tag-actu","9":"tag-actualites","10":"tag-enfants","11":"tag-eu","12":"tag-europe","13":"tag-fr","14":"tag-france","15":"tag-loisirs-culture","16":"tag-news","17":"tag-noel","18":"tag-normandie","19":"tag-republique-francaise","20":"tag-rouen"},"share_on_mastodon":{"url":"https:\/\/pubeurope.com\/@fr\/115711799340256451","error":""},"_links":{"self":[{"href":"https:\/\/www.europesays.com\/fr\/wp-json\/wp\/v2\/posts\/596683","targetHints":{"allow":["GET"]}}],"collection":[{"href":"https:\/\/www.europesays.com\/fr\/wp-json\/wp\/v2\/posts"}],"about":[{"href":"https:\/\/www.europesays.com\/fr\/wp-json\/wp\/v2\/types\/post"}],"author":[{"embeddable":true,"href":"https:\/\/www.europesays.com\/fr\/wp-json\/wp\/v2\/users\/2"}],"replies":[{"embeddable":true,"href":"https:\/\/www.europesays.com\/fr\/wp-json\/wp\/v2\/comments?post=596683"}],"version-history":[{"count":0,"href":"https:\/\/www.europesays.com\/fr\/wp-json\/wp\/v2\/posts\/596683\/revisions"}],"wp:featuredmedia":[{"embeddable":true,"href":"https:\/\/www.europesays.com\/fr\/wp-json\/wp\/v2\/media\/596684"}],"wp:attachment":[{"href":"https:\/\/www.europesays.com\/fr\/wp-json\/wp\/v2\/media?parent=596683"}],"wp:term":[{"taxonomy":"category","embeddable":true,"href":"https:\/\/www.europesays.com\/fr\/wp-json\/wp\/v2\/categories?post=596683"},{"taxonomy":"post_tag","embeddable":true,"href":"https:\/\/www.europesays.com\/fr\/wp-json\/wp\/v2\/tags?post=596683"}],"curies":[{"name":"wp","href":"https:\/\/api.w.org\/{rel}","templated":true}]}}