{"id":596687,"date":"2025-12-13T10:32:22","date_gmt":"2025-12-13T10:32:22","guid":{"rendered":"https:\/\/www.europesays.com\/fr\/596687\/"},"modified":"2025-12-13T10:32:22","modified_gmt":"2025-12-13T10:32:22","slug":"metropole-de-grenoble-ces-faux-eboueurs-arnaquent-les-habitants-voici-leur-methode","status":"publish","type":"post","link":"https:\/\/www.europesays.com\/fr\/596687\/","title":{"rendered":"M\u00e9tropole de Grenoble. Ces faux \u00e9boueurs arnaquent les habitants : voici leur m\u00e9thode"},"content":{"rendered":"<p>                    Par<br \/>\n        <strong><br \/>\n            <a href=\"https:\/\/actu.fr\/auteur\/lisa-rodrigues\" title=\"Consulter tous les articles de Lisa Rodrigues\" target=\"_blank\" rel=\"noopener\">Lisa Rodrigues<\/a><br \/>\n                    <\/strong><\/p>\n<p>        Publi\u00e9 le<\/p>\n<p>            12 d\u00e9c. 2025 \u00e0 16h30        <\/p>\n<p>C\u2019est la fin de l\u2019ann\u00e9e et peut-\u00eatre que des pompiers ou facteurs se sont d\u00e9j\u00e0 pr\u00e9sent\u00e9s chez vous pour vous proposer d\u2019acheter des calendriers contre des \u00e9trennes. Une pratique qui est <a href=\"https:\/\/actu.fr\/societe\/pompiers-eboueurs-facteurs-attention-aux-arnaques-aux-calendriers-les-escrocs-toujours-plus-inventifs_61865847.html\" target=\"_blank\" rel=\"noopener\">parfois d\u00e9tourn\u00e9e<\/a> par des individus peu scrupuleux.<\/p>\n<p class=\" wall-content\">Depuis quelques temps, ce sont des <strong>faux \u00e9boueurs ou agents de collecte des d\u00e9chets<\/strong> qui ont propos\u00e9 ces fameux calendriers \u00e0 des habitants de <a href=\"https:\/\/actu.fr\/tag\/grenoble-alpes-metropole\" target=\"_blank\" rel=\"noopener\">Grenoble-Alpes M\u00e9tropole<\/a>, moyennant de l\u2019argent.<\/p>\n<p>D\u00e9marchage au t\u00e9l\u00e9phone ou en porte-\u00e0-porte<\/p>\n<p class=\" wall-content\">Une <strong>arnaque<\/strong> sur laquelle la collectivit\u00e9 alerte \u00e0 l\u2019approche des f\u00eates.<\/p>\n<p class=\" wall-content\">\u00ab\u00a0Ces individus malveillants d\u00e9marchent les particuliers, en porte-\u00e0-porte ou par t\u00e9l\u00e9phone, pour r\u00e9clamer des \u00e9trennes, vendre des calendriers, solliciter des paiements sous divers pr\u00e9textes\u00a0\u00bb, indique la M\u00e9tropole.<\/p>\n<blockquote class=\"ac-article-quote wall-content\">\n<p>Grenoble-Alpes M\u00e9tropole tient \u00e0 pr\u00e9ciser qu&rsquo;aucun agent du service de collecte des d\u00e9chets n&rsquo;est mandat\u00e9 pour effectuer ce type de d\u00e9marchage aupr\u00e8s des usagers.<\/p>\n<p>    <strong>Grenoble-Alpes M\u00e9tropole<\/strong>\n            <\/p><\/blockquote>\n<p>Ne pas donner d\u2019informations personnelles<\/p>\n<p class=\" wall-content\">En cas de doute, il est recommand\u00e9 de ne pas ouvrir sa porte, de ne surtout pas donner d\u2019informations personnelles ou de proc\u00e9der \u00e0 quelque paiement que ce soit.<\/p>\n<p class=\" wall-content\">La M\u00e9tropole conseille \u00e9galement de <strong>signaler ces op\u00e9rations frauduleuses<\/strong> aux forces de l\u2019ordre.<\/p>\n<p class=\" wall-content\">Personnalisez votre actualit\u00e9 en ajoutant vos villes et m\u00e9dias en favori avec <a href=\"https:\/\/moncompte.actu.fr\" title=\"D\u00e9couvez Mon Actu\" rel=\"nofollow noopener\" data-trk=\"{&quot;cta&quot;:{&quot;action&quot;:&quot;https:\\\/\\\/moncompte.actu.fr&quot;,&quot;category&quot;:&quot;mon compte&quot;,&quot;from&quot;:&quot;article footer&quot;,&quot;name&quot;:&quot;Mon actu&quot;,&quot;type&quot;:&quot;cta&quot;}}\" target=\"_blank\">Mon Actu<\/a>.<\/p>\n","protected":false},"excerpt":{"rendered":"Par Lisa Rodrigues Publi\u00e9 le 12 d\u00e9c. 2025 \u00e0 16h30 C\u2019est la fin de l\u2019ann\u00e9e et peut-\u00eatre que&hellip;\n","protected":false},"author":2,"featured_media":596688,"comment_status":"","ping_status":"","sticky":false,"template":"","format":"standard","meta":{"footnotes":""},"categories":[9566],"tags":[1111,11,3514,2430,1777,674,1011,27,2731,19692,12,25,104],"class_list":{"0":"post-596687","1":"post","2":"type-post","3":"status-publish","4":"format-standard","5":"has-post-thumbnail","7":"category-grenoble","8":"tag-actu","9":"tag-actualites","10":"tag-arnaque","11":"tag-auvergne-rhone-alpes","12":"tag-eu","13":"tag-europe","14":"tag-fr","15":"tag-france","16":"tag-grenoble","17":"tag-grenoble-alpes-metropole","18":"tag-news","19":"tag-republique-francaise","20":"tag-societe"},"share_on_mastodon":{"url":"https:\/\/pubeurope.com\/@fr\/115711806357994756","error":""},"_links":{"self":[{"href":"https:\/\/www.europesays.com\/fr\/wp-json\/wp\/v2\/posts\/596687","targetHints":{"allow":["GET"]}}],"collection":[{"href":"https:\/\/www.europesays.com\/fr\/wp-json\/wp\/v2\/posts"}],"about":[{"href":"https:\/\/www.europesays.com\/fr\/wp-json\/wp\/v2\/types\/post"}],"author":[{"embeddable":true,"href":"https:\/\/www.europesays.com\/fr\/wp-json\/wp\/v2\/users\/2"}],"replies":[{"embeddable":true,"href":"https:\/\/www.europesays.com\/fr\/wp-json\/wp\/v2\/comments?post=596687"}],"version-history":[{"count":0,"href":"https:\/\/www.europesays.com\/fr\/wp-json\/wp\/v2\/posts\/596687\/revisions"}],"wp:featuredmedia":[{"embeddable":true,"href":"https:\/\/www.europesays.com\/fr\/wp-json\/wp\/v2\/media\/596688"}],"wp:attachment":[{"href":"https:\/\/www.europesays.com\/fr\/wp-json\/wp\/v2\/media?parent=596687"}],"wp:term":[{"taxonomy":"category","embeddable":true,"href":"https:\/\/www.europesays.com\/fr\/wp-json\/wp\/v2\/categories?post=596687"},{"taxonomy":"post_tag","embeddable":true,"href":"https:\/\/www.europesays.com\/fr\/wp-json\/wp\/v2\/tags?post=596687"}],"curies":[{"name":"wp","href":"https:\/\/api.w.org\/{rel}","templated":true}]}}