{"id":596698,"date":"2025-12-13T10:38:12","date_gmt":"2025-12-13T10:38:12","guid":{"rendered":"https:\/\/www.europesays.com\/fr\/596698\/"},"modified":"2025-12-13T10:38:12","modified_gmt":"2025-12-13T10:38:12","slug":"les-erreurs-a-eviter-et-les-solutions-pour-reduire-vos-depenses","status":"publish","type":"post","link":"https:\/\/www.europesays.com\/fr\/596698\/","title":{"rendered":"les erreurs \u00e0 \u00e9viter et les solutions pour r\u00e9duire vos d\u00e9penses"},"content":{"rendered":"<p class=\"rev-margin-0 rev-text-xs-normal\">\u00ab\u00a01 degr\u00e9 en moins, c&rsquo;est 7% d&rsquo;\u00e9conomie\u00a0\u00bb, explique \u00e0 \u00ab\u00a0La Provence\u00a0\u00bb Monsef Aboualla, pr\u00e9sident d&rsquo;EGS \u00c9nergies \u00e0 Nice et artisan chauffagiste dans les Alpes-Maritimes.<\/p>\n<p class=\"rev-margin-0 rev-text-xs-bold\">\/ Photo illustration FARINE Val\u00e9rie<\/p>\n<p>Thermostat trop haut, <a href=\"https:\/\/www.laprovence.com\/article\/societe\/2277570249699814\/bientot-on-va-dormir-avec-des-anoraks-des-habitants-sans-chauffage-au-jas-de-bouffan-a-aix\" target=\"_blank\" rel=\"noopener\">chauffage <\/a>qui tourne \u00ab\u00a0au cas o\u00f9\u00a0\u00bb, entretien report\u00e9\u2026 Ce trio de petites n\u00e9gligences p\u00e8se lourd sur la facture.<\/p>\n<p>Thermostat d\u2019ambiance, horaires \u00e0 respecter : les bons gestes \u00e0 adopter<\/p>\n<p>Pour Monsef Aboualla, pr\u00e9sident d\u2019EGS \u00c9nergies \u00e0 Nice, artisan <a href=\"https:\/\/www.laprovence.com\/article\/region\/219131497716914\/le-chauffage-du-calendal-mejanes-en-panne-famille-et-provence-distribue-des-radiateurs-dappoint-a-aix\" target=\"_blank\" rel=\"noopener\">chauffagiste<\/a> dans les Alpes-Maritimes, la premi\u00e8re action rentable consiste \u00e0 <strong>installer un <a href=\"https:\/\/www.laprovence.com\/article\/economie\/2136988856499915\/thermostats-obligatoires-le-gouvernement-recule-discretement-a-2030-face-a-la-polemique\" target=\"_blank\" rel=\"noopener\">thermostat <\/a>d\u2019ambiance programmable<\/strong>. L\u2019objectif est ici d\u2019adapter automatiquement la temp\u00e9rature en fonction des horaires de pr\u00e9sence. R\u00e9sultat, fini le chauffage qui carbure pendant que vous \u00eates au bureau. R\u00e9duire ou couper l\u2019installation quand personne n\u2019est l\u00e0 est une action simple, \u00ab\u00a0mais trop souvent oubli\u00e9e\u00a0\u00bb, selon Monsef Aboualla.<\/p>\n<p>Deuxi\u00e8me geste\u00a0: <strong>baisser son thermostat d\u2019un degr\u00e9<\/strong>. Rien de dramatique niveau confort, mais un vrai jackpot c\u00f4t\u00e9 <a href=\"https:\/\/www.laprovence.com\/economie\" target=\"_blank\" rel=\"noopener\">\u00e9conomies\u00a0<\/a>: \u00ab\u00a01 degr\u00e9 en moins, c\u2019est 7% d\u2019\u00e9conomie\u00a0\u00bb, appuie l\u2019expert.<\/p>\n<p>Le chauffage, c\u2019est 66% des d\u00e9penses d\u2019\u00e9nergie d\u2019un m\u00e9nage, pr\u00e9cise <a href=\"https:\/\/www.info.gouv.fr\/actualite\/7-gestes-cles-pour-economiser-lenergie-au-quotidien\" target=\"_blank\" rel=\"noopener\">le site du gouvernement<\/a>.<\/p>\n<p>Troisi\u00e8me r\u00e9flexe\u00a0: <strong>l\u2019entretien annuel du syst\u00e8me de <a href=\"https:\/\/www.laprovence.com\/article\/economie\/72962141272485\/max-la-solution-solaire-marseillaise-qui-revolutionne-le-chauffage-des-maisons\" target=\"_blank\" rel=\"noopener\">chauffage<\/a><\/strong>. Indispensable pour \u00e9viter les pannes co\u00fbteuses, assurer la s\u00e9curit\u00e9\u2026 et maintenir le rendement optimal de l\u2019installation. Une <a href=\"https:\/\/www.laprovence.com\/article\/economie\/69681731031677\/maprimerenov-quels-sont-les-travaux-de-renovation-exclus-du-dispositif-en-2026\" target=\"_blank\" rel=\"noopener\">chaudi\u00e8re <\/a>bien r\u00e9gl\u00e9e, c\u2019est de <a href=\"https:\/\/www.laprovence.com\/article\/faits-divers-justice\/1423468354384614\/un-reseau-de-trafic-de-drogue-demantele-dans-les-quartiers-sud-de-marseille-pilote-depuis-la-castellane\" target=\"_blank\" rel=\"noopener\">l\u2019\u00e9nergie <\/a>non gaspill\u00e9e et des euros qui restent dans votre poche.<\/p>\n<p>Et si vous \u00eates pr\u00eat \u00e0 changer vos \u00e9quipements, des aides existent pour soutenir votre investissement, comme <strong><a href=\"https:\/\/www.laprovence.com\/article\/economie\/1087503441876115\/maprimerenov-suspendue-relancee-puis-restreinte-chronologie-dun-dispositif-a-geometrie-variable\" target=\"_blank\" rel=\"noopener\">MaPrimeR\u00e9nov<\/a>&lsquo;.<\/strong><\/p>\n<p><img alt=\"\" loading=\"lazy\" width=\"18\" height=\"18\" decoding=\"async\" data-nimg=\"1\" class=\"mx-[8px]\" style=\"color:transparent\" src=\"https:\/\/www.laprovence.com\/_next\/static\/media\/comment.b95dda91.svg\"\/>D\u00e9marrez la conversation<\/p>\n<p class=\"text-[1.8rem] mt-[32px]\">Votre opinion compte pour nous. Rejoignez la communaut\u00e9 laprovence.com en r\u00e9agissant sur l&rsquo;article Chauffage\u00a0: thermostat, entretien\u2026 comment r\u00e9duire vos d\u00e9penses, sans sacrifier votre confort.<\/p>\n","protected":false},"excerpt":{"rendered":"\u00ab\u00a01 degr\u00e9 en moins, c&rsquo;est 7% d&rsquo;\u00e9conomie\u00a0\u00bb, explique \u00e0 \u00ab\u00a0La Provence\u00a0\u00bb Monsef Aboualla, pr\u00e9sident d&rsquo;EGS \u00c9nergies \u00e0 Nice&hellip;\n","protected":false},"author":2,"featured_media":596699,"comment_status":"","ping_status":"","sticky":false,"template":"","format":"standard","meta":{"footnotes":""},"categories":[2819],"tags":[17,1111,11,27378,20,10692,33,2956,1777,674,1011,27,12,2401,882,9114,25,70946,4023],"class_list":{"0":"post-596698","1":"post","2":"type-post","3":"status-publish","4":"format-standard","5":"has-post-thumbnail","7":"category-nice","8":"tag-17","9":"tag-actu","10":"tag-actualites","11":"tag-chauffage","12":"tag-comment","13":"tag-depenses","14":"tag-economie","15":"tag-entretien","16":"tag-eu","17":"tag-europe","18":"tag-fr","19":"tag-france","20":"tag-news","21":"tag-nice","22":"tag-provence-alpes-cote-dazur","23":"tag-reduire","24":"tag-republique-francaise","25":"tag-thermostat","26":"tag-vos"},"share_on_mastodon":{"url":"https:\/\/pubeurope.com\/@fr\/115711830954316158","error":""},"_links":{"self":[{"href":"https:\/\/www.europesays.com\/fr\/wp-json\/wp\/v2\/posts\/596698","targetHints":{"allow":["GET"]}}],"collection":[{"href":"https:\/\/www.europesays.com\/fr\/wp-json\/wp\/v2\/posts"}],"about":[{"href":"https:\/\/www.europesays.com\/fr\/wp-json\/wp\/v2\/types\/post"}],"author":[{"embeddable":true,"href":"https:\/\/www.europesays.com\/fr\/wp-json\/wp\/v2\/users\/2"}],"replies":[{"embeddable":true,"href":"https:\/\/www.europesays.com\/fr\/wp-json\/wp\/v2\/comments?post=596698"}],"version-history":[{"count":0,"href":"https:\/\/www.europesays.com\/fr\/wp-json\/wp\/v2\/posts\/596698\/revisions"}],"wp:featuredmedia":[{"embeddable":true,"href":"https:\/\/www.europesays.com\/fr\/wp-json\/wp\/v2\/media\/596699"}],"wp:attachment":[{"href":"https:\/\/www.europesays.com\/fr\/wp-json\/wp\/v2\/media?parent=596698"}],"wp:term":[{"taxonomy":"category","embeddable":true,"href":"https:\/\/www.europesays.com\/fr\/wp-json\/wp\/v2\/categories?post=596698"},{"taxonomy":"post_tag","embeddable":true,"href":"https:\/\/www.europesays.com\/fr\/wp-json\/wp\/v2\/tags?post=596698"}],"curies":[{"name":"wp","href":"https:\/\/api.w.org\/{rel}","templated":true}]}}