{"id":596700,"date":"2025-12-13T10:39:12","date_gmt":"2025-12-13T10:39:12","guid":{"rendered":"https:\/\/www.europesays.com\/fr\/596700\/"},"modified":"2025-12-13T10:39:12","modified_gmt":"2025-12-13T10:39:12","slug":"un-trafic-de-drogue-demantele-sur-la-cote-dazur","status":"publish","type":"post","link":"https:\/\/www.europesays.com\/fr\/596700\/","title":{"rendered":"Un trafic de drogue d\u00e9mantel\u00e9 sur la C\u00f4te d&rsquo;Azur"},"content":{"rendered":"<p>Quatre hommes ont \u00e9t\u00e9 condamn\u00e9s \u00e0 des peines de prison ferme pour avoir livr\u00e9, pr\u00e9par\u00e9 et gard\u00e9 du cannabis et de la coca\u00efne \u00e0 Nice, Cannes, Antibes et Beaulieu sur Mer.<\/p>\n<p>Apr\u00e8s plus d&rsquo;<strong>un mois d&rsquo;enqu\u00eate et de surveillances approfondies<\/strong>, <strong>quatre hommes \u00e2g\u00e9s de 30, 28, 24 et 20 ans ont \u00e9t\u00e9 condamn\u00e9s \u00e0<\/strong>\u00a0des <strong>peines de prison allant de 18 mois \u00e0 12 mois fermes.<\/strong> Tout est parti d&rsquo;\u00e9changes suspects et r\u00e9guliers dans le square Henri Christine \u00e0 Nice dans le quartier des Beaumettes.<\/p>\n<p>Les enqu\u00eateurs ont tout explor\u00e9 et les investigations ont permis de remonter jusqu&rsquo;\u00e0 un appartement situ\u00e9 avenue des Orangers \u00e0 Nice et jusqu&rsquo;\u00e0 quatre jeunes hommes. La police a saisi pr\u00e8s de <strong>20 kilos de cannabis et de marijuana ainsi que 360 grammes de coca\u00efne<\/strong>, plus de <strong>11.000 euros, une compteuse \u00e0 billets, des emballages et deux armes, un pistolet automatique et un revolver<\/strong>.<\/p>\n<p>Les quatre individus\u00a0 interpell\u00e9s, d\u00e9j\u00e0 connus pour des\u00a0<strong>infractions sur les stup\u00e9fiants<\/strong> ont reconnu les faits. Certains livraient de la drogue, d&rsquo;autres la gard\u00e9e et d&rsquo;autres la pr\u00e9par\u00e9e indique le Procureur de la R\u00e9publique de Nice, Damien Martinelli. La drogue \u00e9tait livr\u00e9e sur Nice, Cannes, Antibes et Beaulieu sur Mer.<\/p>\n<p>Ils ont \u00e9t\u00e9 d\u00e9f\u00e9r\u00e9s ce vendredi 12 d\u00e9cembre, tous ont \u00e9t\u00e9 condamn\u00e9s. Les peines les plus cons\u00e9quentes vont de 18 \u00e0 12 mois de prison ferme. Trois ont \u00e9t\u00e9 incarc\u00e9r\u00e9s \u00e0 la suite de leur proc\u00e8s en comparution imm\u00e9diate. Les scell\u00e9s ont \u00e9t\u00e9 confisqu\u00e9s.<\/p>\n","protected":false},"excerpt":{"rendered":"Quatre hommes ont \u00e9t\u00e9 condamn\u00e9s \u00e0 des peines de prison ferme pour avoir livr\u00e9, pr\u00e9par\u00e9 et gard\u00e9 du&hellip;\n","protected":false},"author":2,"featured_media":596701,"comment_status":"","ping_status":"","sticky":false,"template":"","format":"standard","meta":{"footnotes":""},"categories":[2819],"tags":[1111,11,1777,674,1011,27,12,2401,882,25],"class_list":{"0":"post-596700","1":"post","2":"type-post","3":"status-publish","4":"format-standard","5":"has-post-thumbnail","7":"category-nice","8":"tag-actu","9":"tag-actualites","10":"tag-eu","11":"tag-europe","12":"tag-fr","13":"tag-france","14":"tag-news","15":"tag-nice","16":"tag-provence-alpes-cote-dazur","17":"tag-republique-francaise"},"share_on_mastodon":{"url":"https:\/\/pubeurope.com\/@fr\/115711833900854700","error":""},"_links":{"self":[{"href":"https:\/\/www.europesays.com\/fr\/wp-json\/wp\/v2\/posts\/596700","targetHints":{"allow":["GET"]}}],"collection":[{"href":"https:\/\/www.europesays.com\/fr\/wp-json\/wp\/v2\/posts"}],"about":[{"href":"https:\/\/www.europesays.com\/fr\/wp-json\/wp\/v2\/types\/post"}],"author":[{"embeddable":true,"href":"https:\/\/www.europesays.com\/fr\/wp-json\/wp\/v2\/users\/2"}],"replies":[{"embeddable":true,"href":"https:\/\/www.europesays.com\/fr\/wp-json\/wp\/v2\/comments?post=596700"}],"version-history":[{"count":0,"href":"https:\/\/www.europesays.com\/fr\/wp-json\/wp\/v2\/posts\/596700\/revisions"}],"wp:featuredmedia":[{"embeddable":true,"href":"https:\/\/www.europesays.com\/fr\/wp-json\/wp\/v2\/media\/596701"}],"wp:attachment":[{"href":"https:\/\/www.europesays.com\/fr\/wp-json\/wp\/v2\/media?parent=596700"}],"wp:term":[{"taxonomy":"category","embeddable":true,"href":"https:\/\/www.europesays.com\/fr\/wp-json\/wp\/v2\/categories?post=596700"},{"taxonomy":"post_tag","embeddable":true,"href":"https:\/\/www.europesays.com\/fr\/wp-json\/wp\/v2\/tags?post=596700"}],"curies":[{"name":"wp","href":"https:\/\/api.w.org\/{rel}","templated":true}]}}