{"id":596710,"date":"2025-12-13T10:44:11","date_gmt":"2025-12-13T10:44:11","guid":{"rendered":"https:\/\/www.europesays.com\/fr\/596710\/"},"modified":"2025-12-13T10:44:11","modified_gmt":"2025-12-13T10:44:11","slug":"dans-la-residence-le-differend-entre-voisins-senvenime-lun-deux-menace-sa-victime-avec-une-arme-de-poing","status":"publish","type":"post","link":"https:\/\/www.europesays.com\/fr\/596710\/","title":{"rendered":"Dans la r\u00e9sidence, le diff\u00e9rend entre voisins s\u2019envenime\u00a0: l\u2019un d\u2019eux menace sa victime avec une arme de poing"},"content":{"rendered":"<p>\n                                                                    l&rsquo;essentiel<br \/>\n                                                                Un diff\u00e9rend de voisinage s\u2019est envenim\u00e9, au point que l\u2019un des protagonistes a d\u00e9gain\u00e9 une arme de poing et mis en joue la victime, dans la soir\u00e9e de vendredi, \u00e0 Toulouse.\n                            <\/p>\n<p>Qu\u2019est-ce qui a bien pu provoquer son agacement\u00a0? Un niveau sonore alt\u00e9rant sa tranquillit\u00e9\u00a0? Un pr\u00e9c\u00e9dent contentieux trop longtemps rumin\u00e9\u00a0? L\u2019absorption d\u2019alcool au-del\u00e0 du raisonnable\u00a0? Un cocktail des trois\u00a0?<\/p>\n<p>Vendredi 12\u00a0d\u00e9cembre 2025, vers 22\u00a0h\u00a030, les services de police sont alert\u00e9s par une victime, visiblement chamboul\u00e9e par la sc\u00e8ne v\u00e9cue. L\u2019homme en question indique qu\u2019il vient d\u2019\u00eatre mis en joue par son voisin, \u00e0 l\u2019aide d\u2019une arme de poing.<\/p>\n<p>Plusieurs armes \u00e0 feu chez lui<\/p>\n<p>Les faits se sont produits quartier Trois Cocus, \u00e0 Toulouse, au sein d\u2019une r\u00e9sidence r\u00e9cente de quatre niveaux. Imm\u00e9diatement, deux \u00e9quipages de la brigade anticriminalit\u00e9 (Bac) sont envoy\u00e9s sur place.<\/p>\n<p>L\u2019agresseur pr\u00e9sum\u00e9 a regagn\u00e9 ses p\u00e9nates apr\u00e8s son \u00ab\u00a0coup d\u2019\u00e9clat\u00a0\u00bb. Lorsque la police frappe \u00e0 sa porte, il para\u00eet avoir un peu trop forc\u00e9 sur la bouteille. Interrog\u00e9, il confirme d\u00e9tenir plusieurs r\u00e9pliques d\u2019armes \u00e0 feu dormant dans des cartons et leur remet le pistolet utilis\u00e9 pour effrayer le voisin.<\/p>\n<p>Garde \u00e0 vue<\/p>\n<p>Selon nos informations, il s\u2019agirait d\u2019une arme de d\u00e9fense \u2013 a priori non l\u00e9tale, donc \u2013 approvisionn\u00e9e de plusieurs balles. L\u2019individu, qui \u00e9tait seul \u00e0 son domicile au moment des faits, a imm\u00e9diatement \u00e9t\u00e9 plac\u00e9 en garde \u00e0 vue et le pistolet, saisi.<\/p>\n<p>La victime, choqu\u00e9e, a annonc\u00e9 son intention de d\u00e9poser plainte.<\/p>\n","protected":false},"excerpt":{"rendered":"l&rsquo;essentiel Un diff\u00e9rend de voisinage s\u2019est envenim\u00e9, au point que l\u2019un des protagonistes a d\u00e9gain\u00e9 une arme de&hellip;\n","protected":false},"author":2,"featured_media":596711,"comment_status":"","ping_status":"","sticky":false,"template":"","format":"standard","meta":{"footnotes":""},"categories":[2816],"tags":[1111,11,1777,674,118,1011,27,2722,12,2680,25,2312],"class_list":{"0":"post-596710","1":"post","2":"type-post","3":"status-publish","4":"format-standard","5":"has-post-thumbnail","7":"category-toulouse","8":"tag-actu","9":"tag-actualites","10":"tag-eu","11":"tag-europe","12":"tag-faits-divers","13":"tag-fr","14":"tag-france","15":"tag-haute-garonne","16":"tag-news","17":"tag-occitanie","18":"tag-republique-francaise","19":"tag-toulouse"},"share_on_mastodon":{"url":"https:\/\/pubeurope.com\/@fr\/115711853651871062","error":""},"_links":{"self":[{"href":"https:\/\/www.europesays.com\/fr\/wp-json\/wp\/v2\/posts\/596710","targetHints":{"allow":["GET"]}}],"collection":[{"href":"https:\/\/www.europesays.com\/fr\/wp-json\/wp\/v2\/posts"}],"about":[{"href":"https:\/\/www.europesays.com\/fr\/wp-json\/wp\/v2\/types\/post"}],"author":[{"embeddable":true,"href":"https:\/\/www.europesays.com\/fr\/wp-json\/wp\/v2\/users\/2"}],"replies":[{"embeddable":true,"href":"https:\/\/www.europesays.com\/fr\/wp-json\/wp\/v2\/comments?post=596710"}],"version-history":[{"count":0,"href":"https:\/\/www.europesays.com\/fr\/wp-json\/wp\/v2\/posts\/596710\/revisions"}],"wp:featuredmedia":[{"embeddable":true,"href":"https:\/\/www.europesays.com\/fr\/wp-json\/wp\/v2\/media\/596711"}],"wp:attachment":[{"href":"https:\/\/www.europesays.com\/fr\/wp-json\/wp\/v2\/media?parent=596710"}],"wp:term":[{"taxonomy":"category","embeddable":true,"href":"https:\/\/www.europesays.com\/fr\/wp-json\/wp\/v2\/categories?post=596710"},{"taxonomy":"post_tag","embeddable":true,"href":"https:\/\/www.europesays.com\/fr\/wp-json\/wp\/v2\/tags?post=596710"}],"curies":[{"name":"wp","href":"https:\/\/api.w.org\/{rel}","templated":true}]}}