{"id":596714,"date":"2025-12-13T10:48:18","date_gmt":"2025-12-13T10:48:18","guid":{"rendered":"https:\/\/www.europesays.com\/fr\/596714\/"},"modified":"2025-12-13T10:48:18","modified_gmt":"2025-12-13T10:48:18","slug":"lille-plus-de-500-verbalisations-pour-usage-de-protoxyde-dazote-en-8-mois","status":"publish","type":"post","link":"https:\/\/www.europesays.com\/fr\/596714\/","title":{"rendered":"Lille : Plus de 500 verbalisations pour usage de protoxyde d\u2019azote en 8 mois"},"content":{"rendered":"<p class=\"mb-4 text-lg md:leading-8 break-words\"><strong>Au ballon &#8211; Malgr\u00e9 une interdiction depuis mai dernier et plus de 500 PV dress\u00e9s, le protoxyde d\u2019azote est toujours au c\u0153ur des pr\u00e9occupations de la mairie, qui demande d\u00e9sormais son classement sur la liste des stup\u00e9fiants<\/strong><\/p>\n<p class=\"mb-4 text-lg md:leading-8 break-words\">A <a href=\"https:\/\/www.20minutes.fr\/lille\/?at_medium=RSS%20feed&amp;at_campaign=ynews&amp;utm_source=yahoo&amp;utm_medium=rss&amp;utm_campaign=news_feed&amp;utm_content=in_article_link\" rel=\"nofollow noopener\" target=\"_blank\" data-ylk=\"slk:Lille;elm:context_link;itc:0;sec:content-canvas\" class=\"link \">Lille<\/a>, la municipalit\u00e9 a \u00e9t\u00e9 parmi les premi\u00e8res \u00e0 prendre un arr\u00eat\u00e9 interdisant l\u2019usage et la vente de <a href=\"https:\/\/www.20minutes.fr\/societe\/protoxyde-azote\/?at_medium=RSS%20feed&amp;at_campaign=ynews&amp;utm_source=yahoo&amp;utm_medium=rss&amp;utm_campaign=news_feed&amp;utm_content=in_article_link\" rel=\"nofollow noopener\" target=\"_blank\" data-ylk=\"slk:protoxyde d\u2019azote;elm:context_link;itc:0;sec:content-canvas\" class=\"link \">protoxyde d\u2019azote<\/a>. Mais <a href=\"https:\/\/www.20minutes.fr\/faits_divers\/4185006-20251111-horrible-saint-omer-vaste-hommage-mathis-tue-automobiliste-sous-protoxyde-azote?at_medium=RSS%20feed&amp;at_campaign=ynews&amp;utm_source=yahoo&amp;utm_medium=rss&amp;utm_campaign=news_feed&amp;utm_content=in_article_link\" rel=\"nofollow noopener\" target=\"_blank\" data-ylk=\"slk:la mort d\u2019un jeune homme lors de la nuit d\u2019Halloween;elm:context_link;itc:0;sec:content-canvas\" class=\"link \">la mort d\u2019un jeune homme lors de la nuit d\u2019Halloween<\/a>, percut\u00e9 par un chauffard soup\u00e7onn\u00e9 d\u2019avoir consomm\u00e9 ce gaz, montre les limites de ce qu\u2019une ville peut faire seule.<\/p>\n<p class=\"mb-4 text-lg md:leading-8 break-words\">On ne peut pas dire que l\u2019arr\u00eat\u00e9 municipal pris en mai dernier par le conseil municipal de Lille n\u2019a pas \u00e9t\u00e9 suivi d\u2019effets. Le texte interdit donc depuis presque 8 mois \u00ab\u00a0la consommation, la d\u00e9tention, la vente et la distribution de protoxyde d\u2019azote dans plusieurs secteurs festifs identifi\u00e9s\u00a0\u00bb. Et sur ce laps de temps, la police municipale a dress\u00e9 \u00ab\u00a0plus de 500 verbalisations\u00a0\u00bb, notamment pour \u00ab\u00a0usage, d\u00e9tention ou abandon de cartouches dans l\u2019espace public\u00a0\u00bb.<\/p>\n<p>Une volont\u00e9 politique mais des obstacles techniques<\/p>\n<p class=\"mb-4 text-lg md:leading-8 break-words\">Sauf que le proto, m\u00eame s\u2019il fait l\u2019objet d\u2019une loi cens\u00e9e lutter contre les usages dangereux qui peuvent en \u00eatre faits, reste un produit licite en France. Notamment parce que ce gaz est largement utilis\u00e9 dans les domaines de la m\u00e9decine et de l\u2019agroalimentaire et qu\u2019il ne figure pas sur la liste des stup\u00e9fiants de l\u2019ANSES.<\/p>\n<p class=\"mb-4 text-lg md:leading-8 break-words\">Mais les choses pourraient changer, du moins sent-on que la volont\u00e9 politique va dans ce sens. La ville de Lille, lors de son conseil municipal de vendredi, a formellement demand\u00e9 au gouvernement \u00ab\u00a0de faire \u00e9voluer le cadre juridique afin que [\u2026] le protoxyde d\u2019azote soit class\u00e9 comme produit stup\u00e9fiant\u00a0\u00bb. Et \u00e7a tombe bien, parce que de mani\u00e8re conco(&#8230;)<\/p>\n<p class=\"mb-4 text-lg md:leading-8 break-words\"><a href=\"https:\/\/www.20minutes.fr\/lille\/4191301-20251213-lille-plus-500-verbalisations-usage-protoxyde-azote-8-mois?at_medium=RSS%20feed&amp;at_campaign=ynews&amp;utm_source=yahoo&amp;utm_medium=rss&amp;utm_campaign=news_feed&amp;utm_content=read_more_link&quot;\" rel=\"nofollow noopener\" target=\"_blank\" data-ylk=\"slk:Lire la suite sur 20minutes;elm:context_link;itc:0;sec:content-canvas\" class=\"link \">Lire la suite sur 20minutes<\/a><\/p>\n<p>\u00c0 lire aussi :<br \/><a href=\"https:\/\/www.20minutes.fr\/societe\/4189759-20251204-consommation-protoxyde-azote-volant-hausse-alerte-etude?at_medium=RSS%20feed&amp;at_campaign=ynews&amp;utm_source=yahoo&amp;utm_medium=rss&amp;utm_campaign=news_feed&amp;utm_content=related_content_link\" rel=\"nofollow noopener\" target=\"_blank\" data-ylk=\"slk:La consommation de protoxyde d\u2019azote au volant est en hausse, alerte une \u00e9tude;elm:context_link;itc:0;sec:content-canvas\" class=\"link \">La consommation de protoxyde d\u2019azote au volant est en hausse, alerte une \u00e9tude<\/a><br \/><a href=\"https:\/\/www.20minutes.fr\/societe\/4184242-20251109-pourquoi-malgre-accidents-mortels-protoxyde-azote-pres-etre-sanctionne-volant?at_medium=RSS%20feed&amp;at_campaign=ynews&amp;utm_source=yahoo&amp;utm_medium=rss&amp;utm_campaign=news_feed&amp;utm_content=related_content_link\" rel=\"nofollow noopener\" target=\"_blank\" data-ylk=\"slk:Pourquoi, malgr\u00e9 des accidents mortels, le protoxyde d\u2019azote n\u2019est pas pr\u00e8s d\u2019\u00eatre sanctionn\u00e9 au volant;elm:context_link;itc:0;sec:content-canvas\" class=\"link \">Pourquoi, malgr\u00e9 des accidents mortels, le protoxyde d\u2019azote n\u2019est pas pr\u00e8s d\u2019\u00eatre sanctionn\u00e9 au volant <\/a><\/p>\n","protected":false},"excerpt":{"rendered":"Au ballon &#8211; Malgr\u00e9 une interdiction depuis mai dernier et plus de 500 PV dress\u00e9s, le protoxyde d\u2019azote&hellip;\n","protected":false},"author":2,"featured_media":596715,"comment_status":"","ping_status":"","sticky":false,"template":"","format":"standard","meta":{"footnotes":""},"categories":[2815],"tags":[1111,11,1777,674,1011,27,811,70947,1307,12,63867,25],"class_list":{"0":"post-596714","1":"post","2":"type-post","3":"status-publish","4":"format-standard","5":"has-post-thumbnail","7":"category-lille","8":"tag-actu","9":"tag-actualites","10":"tag-eu","11":"tag-europe","12":"tag-fr","13":"tag-france","14":"tag-hauts-de-france","15":"tag-laps-de-temps","16":"tag-lille","17":"tag-news","18":"tag-protoxyde-dazote","19":"tag-republique-francaise"},"share_on_mastodon":{"url":"https:\/\/pubeurope.com\/@fr\/115711869206845211","error":""},"_links":{"self":[{"href":"https:\/\/www.europesays.com\/fr\/wp-json\/wp\/v2\/posts\/596714","targetHints":{"allow":["GET"]}}],"collection":[{"href":"https:\/\/www.europesays.com\/fr\/wp-json\/wp\/v2\/posts"}],"about":[{"href":"https:\/\/www.europesays.com\/fr\/wp-json\/wp\/v2\/types\/post"}],"author":[{"embeddable":true,"href":"https:\/\/www.europesays.com\/fr\/wp-json\/wp\/v2\/users\/2"}],"replies":[{"embeddable":true,"href":"https:\/\/www.europesays.com\/fr\/wp-json\/wp\/v2\/comments?post=596714"}],"version-history":[{"count":0,"href":"https:\/\/www.europesays.com\/fr\/wp-json\/wp\/v2\/posts\/596714\/revisions"}],"wp:featuredmedia":[{"embeddable":true,"href":"https:\/\/www.europesays.com\/fr\/wp-json\/wp\/v2\/media\/596715"}],"wp:attachment":[{"href":"https:\/\/www.europesays.com\/fr\/wp-json\/wp\/v2\/media?parent=596714"}],"wp:term":[{"taxonomy":"category","embeddable":true,"href":"https:\/\/www.europesays.com\/fr\/wp-json\/wp\/v2\/categories?post=596714"},{"taxonomy":"post_tag","embeddable":true,"href":"https:\/\/www.europesays.com\/fr\/wp-json\/wp\/v2\/tags?post=596714"}],"curies":[{"name":"wp","href":"https:\/\/api.w.org\/{rel}","templated":true}]}}