{"id":596716,"date":"2025-12-13T10:49:15","date_gmt":"2025-12-13T10:49:15","guid":{"rendered":"https:\/\/www.europesays.com\/fr\/596716\/"},"modified":"2025-12-13T10:49:15","modified_gmt":"2025-12-13T10:49:15","slug":"les-avocats-exigent-des-mesures","status":"publish","type":"post","link":"https:\/\/www.europesays.com\/fr\/596716\/","title":{"rendered":"les avocats exigent des mesures"},"content":{"rendered":"\n<p>Dans un courrier commun dat\u00e9 du 4\u00a0d\u00e9cembre et que La Marseillaise a pu consulter, le Syndicat des avocats de France (SAF) et l\u2019Union des jeunes avocats alertent les membres du Conseil de l\u2019Ordre sur les violences sexistes et sexuelles au sein de la profession, apr\u00e8s \u00ab\u00a0une plainte pour agression sexuelle et un t\u00e9moignage similaire visant un de nos confr\u00e8res\u00a0\u00bb. En juin dernier en effet, l\u2019ancien b\u00e2tonnier et adjoint au maire Jos\u00e9 Allegrini avait \u00e9t\u00e9 vis\u00e9 par une plainte d\u2019une greffi\u00e8re du tribunal judiciaire de Marseille, et il est d\u00e9sormais convoqu\u00e9 fin d\u00e9cembre \u00e0 Aix-en-Provence dans le cadre d\u2019une reconnaissance pr\u00e9alable de culpabilit\u00e9, comme le r\u00e9v\u00e9lait d\u00e9but novembre La Provence. Une juge d\u2019instruction marseillaise avait \u00e9galement t\u00e9moign\u00e9 d\u2019agressions subies.<\/p>\n<p>\u00ab\u00a0Il ne para\u00eet plus possible pour nos organisations professionnelles de ne pas adopter une action forte pour lutter contre ce fl\u00e9au\u00a0\u00bb, \u00e9crivent les signataires du courrier. Ils demandent \u00ab\u00a0\u00e0 renforcer l\u2019action de l\u2019Ordre en la mati\u00e8re avec le double objectif de lib\u00e9rer la parole et prot\u00e9ger efficacement toute cons\u0153ur ou confr\u00e8re concern\u00e9\u00a0\u00bb. Ainsi ils r\u00e9clament une meilleure communication avec une adresse de signalement, une campagne de sensibilisation et une enqu\u00eate de \u00ab\u00a0victimation\u00a0\u00bb, ainsi que l\u2019\u00e9laboration d\u2019un protocole \u00e0 respecter en cas de d\u00e9nonciations de violences sexistes et sexuelles, s\u2019\u00e9tonnant qu\u2019il n\u2019y ait eu aucune enqu\u00eate interne apr\u00e8s la d\u00e9couverte des faits visant l\u2019ancien b\u00e2tonnier. Ils esp\u00e9raient aborder le sujet lors du conseil de l\u2019Ordre le 9\u00a0d\u00e9cembre : cela n\u2019a pu \u00eatre le cas. La b\u00e2tonni\u00e8re, sollicit\u00e9e par La Marseillaise, n\u2019a de son c\u00f4t\u00e9 pas donn\u00e9 suite.<\/p>\n","protected":false},"excerpt":{"rendered":"Dans un courrier commun dat\u00e9 du 4\u00a0d\u00e9cembre et que La Marseillaise a pu consulter, le Syndicat des avocats&hellip;\n","protected":false},"author":2,"featured_media":596717,"comment_status":"","ping_status":"","sticky":false,"template":"","format":"standard","meta":{"footnotes":""},"categories":[2814],"tags":[1111,11,1777,674,1011,27,884,12,882,25,41454],"class_list":{"0":"post-596716","1":"post","2":"type-post","3":"status-publish","4":"format-standard","5":"has-post-thumbnail","7":"category-marseille","8":"tag-actu","9":"tag-actualites","10":"tag-eu","11":"tag-europe","12":"tag-fr","13":"tag-france","14":"tag-marseille","15":"tag-news","16":"tag-provence-alpes-cote-dazur","17":"tag-republique-francaise","18":"tag-saf"},"share_on_mastodon":{"url":"https:\/\/pubeurope.com\/@fr\/115711873133753472","error":""},"_links":{"self":[{"href":"https:\/\/www.europesays.com\/fr\/wp-json\/wp\/v2\/posts\/596716","targetHints":{"allow":["GET"]}}],"collection":[{"href":"https:\/\/www.europesays.com\/fr\/wp-json\/wp\/v2\/posts"}],"about":[{"href":"https:\/\/www.europesays.com\/fr\/wp-json\/wp\/v2\/types\/post"}],"author":[{"embeddable":true,"href":"https:\/\/www.europesays.com\/fr\/wp-json\/wp\/v2\/users\/2"}],"replies":[{"embeddable":true,"href":"https:\/\/www.europesays.com\/fr\/wp-json\/wp\/v2\/comments?post=596716"}],"version-history":[{"count":0,"href":"https:\/\/www.europesays.com\/fr\/wp-json\/wp\/v2\/posts\/596716\/revisions"}],"wp:featuredmedia":[{"embeddable":true,"href":"https:\/\/www.europesays.com\/fr\/wp-json\/wp\/v2\/media\/596717"}],"wp:attachment":[{"href":"https:\/\/www.europesays.com\/fr\/wp-json\/wp\/v2\/media?parent=596716"}],"wp:term":[{"taxonomy":"category","embeddable":true,"href":"https:\/\/www.europesays.com\/fr\/wp-json\/wp\/v2\/categories?post=596716"},{"taxonomy":"post_tag","embeddable":true,"href":"https:\/\/www.europesays.com\/fr\/wp-json\/wp\/v2\/tags?post=596716"}],"curies":[{"name":"wp","href":"https:\/\/api.w.org\/{rel}","templated":true}]}}