{"id":596720,"date":"2025-12-13T10:51:13","date_gmt":"2025-12-13T10:51:13","guid":{"rendered":"https:\/\/www.europesays.com\/fr\/596720\/"},"modified":"2025-12-13T10:51:13","modified_gmt":"2025-12-13T10:51:13","slug":"municipales-2026-emmanuel-giraud-lance-sa-campagne-municipale-dans-le-9eme-arrondissement","status":"publish","type":"post","link":"https:\/\/www.europesays.com\/fr\/596720\/","title":{"rendered":"Municipales 2026 : Emmanuel Giraud lance sa campagne municipale dans le 9\u00e8me arrondissement\u00a0"},"content":{"rendered":"<p><strong>Il y a presque un mois, le Lyon Bondy Blog r\u00e9v\u00e9lait les t\u00eates de listes de l\u2019alliance de gauche pour les \u00e9lections municipales de 2026. C\u2019est le huiti\u00e8me rendez-vous des lancements de campagnes de l\u2019alliance de gauche et le premier socialiste.<\/strong><\/p>\n<p>Pour rappel, les socialistes auront deux t\u00eates de listes pour les municipales 2026 \u00e0 Lyon : Emmanuel Giraud dans le 9 \u00e8me arrondissement et R\u00e9mi Cadoret dans le 6\u00e8me arrondissement.<\/p>\n<p>Hier soir au bar la station, juxtapos\u00e9e \u00e0 la Gare de Vaise G\u00e9rard Collomb, les militants et les badauds commencent \u00e0 rentrer doucement dans ce bar. Ce n\u2019est pas un hasard, que les socialistes soient la t\u00eate de liste dans le 9\u00e8me arrondissement, c\u2019est l\u2019arrondissement de la vie politique de G\u00e9rard Collomb, ancien maire de Lyon,d\u00e9c\u00e9d\u00e9 en 2023.<\/p>\n<p>Il est 18H30, normalement le meeting devait commencer mais quelqu\u2019un se fait attendre. Tout le monde a le sourire, Emmanuel Giraud en premier accompagn\u00e9 sur l\u2019estrade par deux d\u00e9put\u00e9(e)s Sandrine Runel (PS) et Boris Tavernier (Les \u00e9cologistes). \u00c9galement les autres camarades de gauche pr\u00e9sents sur la liste : Raph\u00e4el Debu (PCF), Adrien Drioli (GRS), Bruno Couturier (Voix Commune) entre autres.\u00a0<\/p>\n<p>Pour les militants venus nombreux, environ 150, l\u2019attente est longue. Presque une heure d\u2019attente alors que le d\u00e9but du meeting devait \u00eatre \u00e0 18H30, que se passe-t-il ?\u00a0<\/p>\n<p><img loading=\"lazy\" decoding=\"async\" width=\"1920\" height=\"1440\" src=\"https:\/\/www.europesays.com\/fr\/wp-content\/uploads\/2025\/12\/IMG_0472-1920x1440.jpeg\" alt=\"\" class=\"wp-image-37498\"  \/><\/p>\n<p>Apparemment la guest-star du soir arrive, le public fusionne, Gregory Doucet maire de Lyon rentre dans le bar \u201c La station\u201d, tous les militants sont heureux et ses premiers mots : \u201cLe neuvi\u00e8me arrondissement, terre d\u2019un grand homme, G\u00e9rard Collomb, socialiste de surcro\u00eet, doit rester une terre de gauche pour 2026\u201d. Le public est en \u00e9moi, Emmanuel Giraud a r\u00e9ussi son premier coup d\u2019envoi, bien aid\u00e9 par ses camarades socialistes, notamment la d\u00e9put\u00e9e Sandrine Runel.<\/p>\n<p><strong>Emmanuel Giraud candidat socialiste du 9\u00e8me arrondissement de Lyon a accept\u00e9 de r\u00e9pondre \u00e0 nos questions :\u00a0<\/strong><\/p>\n<p>Emmanuel Giraud aura fort \u00e0 faire pour sauvegarder le 9\u00e8me arrondissement face aux candidatures du RN de Florian Patard, celle des R\u00e9publicains Maxence Pereira-Rios et pour finir Bruno Magnin qui sera en course pour LFI . R\u00e9sultat dans les urnes le 22 mars 2026, \u00e0 l\u2019issue du second tour des \u00e9lections municipales.<\/p>\n","protected":false},"excerpt":{"rendered":"Il y a presque un mois, le Lyon Bondy Blog r\u00e9v\u00e9lait les t\u00eates de listes de l\u2019alliance de&hellip;\n","protected":false},"author":2,"featured_media":596721,"comment_status":"","ping_status":"","sticky":false,"template":"","format":"standard","meta":{"footnotes":""},"categories":[1889],"tags":[1111,11,2430,1777,674,1011,27,2428,12,25],"class_list":{"0":"post-596720","1":"post","2":"type-post","3":"status-publish","4":"format-standard","5":"has-post-thumbnail","7":"category-lyon","8":"tag-actu","9":"tag-actualites","10":"tag-auvergne-rhone-alpes","11":"tag-eu","12":"tag-europe","13":"tag-fr","14":"tag-france","15":"tag-lyon","16":"tag-news","17":"tag-republique-francaise"},"share_on_mastodon":{"url":"https:\/\/pubeurope.com\/@fr\/115711882062835752","error":""},"_links":{"self":[{"href":"https:\/\/www.europesays.com\/fr\/wp-json\/wp\/v2\/posts\/596720","targetHints":{"allow":["GET"]}}],"collection":[{"href":"https:\/\/www.europesays.com\/fr\/wp-json\/wp\/v2\/posts"}],"about":[{"href":"https:\/\/www.europesays.com\/fr\/wp-json\/wp\/v2\/types\/post"}],"author":[{"embeddable":true,"href":"https:\/\/www.europesays.com\/fr\/wp-json\/wp\/v2\/users\/2"}],"replies":[{"embeddable":true,"href":"https:\/\/www.europesays.com\/fr\/wp-json\/wp\/v2\/comments?post=596720"}],"version-history":[{"count":0,"href":"https:\/\/www.europesays.com\/fr\/wp-json\/wp\/v2\/posts\/596720\/revisions"}],"wp:featuredmedia":[{"embeddable":true,"href":"https:\/\/www.europesays.com\/fr\/wp-json\/wp\/v2\/media\/596721"}],"wp:attachment":[{"href":"https:\/\/www.europesays.com\/fr\/wp-json\/wp\/v2\/media?parent=596720"}],"wp:term":[{"taxonomy":"category","embeddable":true,"href":"https:\/\/www.europesays.com\/fr\/wp-json\/wp\/v2\/categories?post=596720"},{"taxonomy":"post_tag","embeddable":true,"href":"https:\/\/www.europesays.com\/fr\/wp-json\/wp\/v2\/tags?post=596720"}],"curies":[{"name":"wp","href":"https:\/\/api.w.org\/{rel}","templated":true}]}}