{"id":596724,"date":"2025-12-13T10:54:12","date_gmt":"2025-12-13T10:54:12","guid":{"rendered":"https:\/\/www.europesays.com\/fr\/596724\/"},"modified":"2025-12-13T10:54:12","modified_gmt":"2025-12-13T10:54:12","slug":"18-minutes-pour-relier-creteil-et-villeneuve-saint-georges-le-premier-telepherique-dile-de-france-ravit-les-habitants","status":"publish","type":"post","link":"https:\/\/www.europesays.com\/fr\/596724\/","title":{"rendered":"18 minutes pour relier Cr\u00e9teil et Villeneuve-Saint-Georges&#8230; Le premier t\u00e9l\u00e9ph\u00e9rique d&rsquo;\u00cele-de-France ravit les habitants"},"content":{"rendered":"<p>Le premier t\u00e9l\u00e9ph\u00e9rique urbain d&rsquo;\u00cele-de-France, baptis\u00e9 le C1, est inaugur\u00e9 dans le Val-de-Marne ce samedi 13 d\u00e9cembre. Il doit desservir 4 villes du d\u00e9partement, et permettre de r\u00e9duire le temps de trajet par deux, pour le plus grand bonheur des habitants.<\/p>\n<p>Comme un air de montagne&#8230; Le premier t\u00e9l\u00e9ph\u00e9rique d&rsquo;\u00cele-de-France va entrer en fonction aujourd&rsquo;hui ! C&rsquo;est le plus long t\u00e9l\u00e9ph\u00e9rique urbain d&rsquo;Europe, avec un trac\u00e9 de 4,5 km entre Cr\u00e9teil et Villeneuve-Saint-Georges.<\/p>\n<p>4 villes du <a href=\"https:\/\/rmc.bfmtv.com\/actualites\/societe\/transports\/une-petition-reclame-des-wagons-reserves-aux-femmes-dans-les-transports-en-commun-d-ile-de-france_AV-202511030148.html\" title=\"&quot;Triste mais peut-\u00eatre in\u00e9vitable&quot;: une p\u00e9tition r\u00e9clame des wagons r\u00e9serv\u00e9s aux femmes dans les transports\" class=\"internal_link\" target=\"_blank\" rel=\"noopener\">Val-de-Marne<\/a> seront desservies par ce mode de transport original. Les passagers voyageront au-dessus des routes et autres obstacles dans l&rsquo;une des 105 t\u00e9l\u00e9cabines. Des \u0153ufs, comme \u00e0 la montagne, mais pour relier plusieurs villes de r\u00e9gion parisienne. Avec le gros avantage d&rsquo;\u00e9viter les bouchons et r\u00e9duire le temps de trajet par 2. Il a \u00e9t\u00e9 mis en service en fin de matin\u00e9e ce samedi 13 d\u00e9cembre \u00e0 11h.<\/p>\n<p>\u00ab\u00a0C&rsquo;est vraiment pratique\u00a0\u00bb<\/p>\n<p>Un nouveau mode de transport en commun qui pourrait bien changer la vie des habitants rencontr\u00e9s par <a href=\"https:\/\/rmc.bfmtv.com\/\" target=\"_blank\" class=\"external_link\" rel=\"noopener\">RMC<\/a>. C&rsquo;est un peu comme \u00e0 la montagne. Des cabines qui ralentissent quand elles arrivent \u00e0 quai, de grands pyl\u00f4nes reli\u00e9s par des c\u00e2bles. Sauf qu&rsquo;ici pas de piste \u00e0 survoler, mais des immeubles et des routes. Claudine est impatiente: \u00ab\u00a0je suis trop contente, comme je ne vais pas aller au ski car je n&rsquo;ai pas les moyens, au moins j&rsquo;ai le t\u00e9l\u00e9ph\u00e9rique dans ma ville.\u00a0\u00bb<\/p>\n<blockquote class=\"embed embed_quote\"><p>\u00ab\u00a0Il suffit qu&rsquo;on ait de la neige en janvier, et l\u00e0 ce sera top\u00a0\u00bb, se r\u00e9jouit-elle.<\/p><\/blockquote>\n<p>Avec en prime, une vue sur la Tour Eiffel quand le ciel est d\u00e9gag\u00e9. Mais surtout, dans les airs, pas d&#8217;embouteillages: \u00ab\u00a0si je prends mon bus pour aller au m\u00e9tro \u00e0 <a href=\"https:\/\/rmc.bfmtv.com\/actualites\/police-justice\/video-elle-interrompt-une-tentative-de-viol-dans-le-rer-c_VN-202510270090.html\" title=\"Elle interrompt une tentative de viol dans le RER C\" class=\"internal_link\" target=\"_blank\" rel=\"noopener\">Cr\u00e9teil<\/a>, c&rsquo;est bouch\u00e9 j&rsquo;en ai pour 30 minutes. L\u00e0 avec le t\u00e9l\u00e9ph\u00e9rique, c&rsquo;est quoi ? 5 minutes.\u00a0\u00bb<\/p>\n<p>Un <a href=\"https:\/\/rmc.bfmtv.com\/actualites\/societe\/telepherique-en-ile-de-france-pas-de-non-mixite-il-faut-eduquer-nos-fils-plaide-cecile-duflot_AV-202510020619.html\" title=\"T\u00e9l\u00e9ph\u00e9rique en \u00cele-de-France: &quot;Pas de non-mixit\u00e9, il faut \u00e9duquer nos fils&quot;, plaide C\u00e9cile Duflot\" class=\"internal_link\" target=\"_blank\" rel=\"noopener\">t\u00e9l\u00e9ph\u00e9rique<\/a> accessible comme n&rsquo;importe quel bus ou m\u00e9tro: \u00ab\u00a0c&rsquo;est quand m\u00eame assez rapide, il y en a beaucoup. Je monterai c&rsquo;est s\u00fbr, je trouve \u00e7a g\u00e9nial.\u00a0\u00bb<\/p>\n<blockquote class=\"embed embed_quote\"><p>\u00ab\u00a0On avait un peu l&rsquo;impression d&rsquo;\u00eatre d\u00e9favoris\u00e9s. Quelqu&rsquo;un qui veut sortir sur Paris, c&rsquo;est vraiment pratique\u00a0\u00bb, reconna\u00eet un habitant \u00e0 <a href=\"https:\/\/rmc.bfmtv.com\/\" target=\"_blank\" class=\"external_link\" rel=\"noopener\">RMC<\/a>.<\/p><\/blockquote>\n<p>11.000 voyageurs attendus par jour<\/p>\n<p>Plus que le quotidien, c&rsquo;est aussi les communes qui vont \u00e9voluer. Pr\u00e8s du chantier de la station, la maire de Limeil-Br\u00e9vannes Fran\u00e7oise Lecoufle se r\u00e9jouit: \u00ab\u00a0on va exister sur la carte. La ville qui existe avec, \u00e0 la fois, ses habitants, ses emplois et sa possibilit\u00e9 de se d\u00e9placer facilement.\u00a0\u00bb<\/p>\n<p>Et alors que 11.000 voyageurs sont attendus chaque jour sur cette ligne, Arnaud Crolais, directeur des infrastructures chez \u00cele-de-France Mobilit\u00e9s, affirme qu&rsquo;il \u00ab\u00a0apportera une vraie r\u00e9volution.\u00a0\u00bb C&rsquo;est, selon lui, \u00ab\u00a0une vraie desserte importante et de qualit\u00e9.\u00a0\u00bb Mais pas seulement.<\/p>\n<blockquote class=\"embed embed_quote\"><p>\u00ab\u00a0C&rsquo;est aussi un transport garanti en temps de parcours puisque c&rsquo;est 18 minutes pour faire les 4,5 km, par rapport \u00e0 des bus qui, aujourd&rsquo;hui, mettent au moins 40 minutes pour faire le m\u00eame trajet\u00a0\u00bb, justifie le porte-parole.<\/p><\/blockquote>\n<p>\u00ab\u00a0Sur une journ\u00e9e \u00e7a peut faire au moins une demi-heure de gagn\u00e9e dans sa journ\u00e9e pour des loisirs, pour la vie\u00a0\u00bb, poursuit Arnaud Crolais. Avant de conclure: \u00ab\u00a0l\u00e0 vous d\u00e9pendez d&rsquo;aucuns bouchons et vous pouvez juste admirer la vue.\u00a0\u00bb<\/p>\n<p>Les travaux ont dur\u00e9 3 ans avec un investissement de 132 millions d\u2019euros. Le t\u00e9l\u00e9ph\u00e9rique est d\u00e9sormais accessible avec le pass Navigo et Libert\u00e9 +. Pour cette premi\u00e8re journ\u00e9e, il circulera jusqu&rsquo;\u00e0 00h30. Il circulera ensuite selon ses horaires d\u00e9finis: de 5h30 \u00e0 23h30 en semaine et jusqu\u2019\u00e0 00h30 le week-end, avec une cabine toutes les 30 secondes tous les jours, et 10 places assises.<\/p>\n<p>Clara Gabillet et Guilhem de Prevoisin avec Solenn Guillanton<\/p>\n","protected":false},"excerpt":{"rendered":"Le premier t\u00e9l\u00e9ph\u00e9rique urbain d&rsquo;\u00cele-de-France, baptis\u00e9 le C1, est inaugur\u00e9 dans le Val-de-Marne ce samedi 13 d\u00e9cembre. Il&hellip;\n","protected":false},"author":2,"featured_media":596725,"comment_status":"","ping_status":"","sticky":false,"template":"","format":"standard","meta":{"footnotes":""},"categories":[1592],"tags":[1111,11,1777,674,1011,27,662,12,626,25],"class_list":{"0":"post-596724","1":"post","2":"type-post","3":"status-publish","4":"format-standard","5":"has-post-thumbnail","7":"category-ile-de-france","8":"tag-actu","9":"tag-actualites","10":"tag-eu","11":"tag-europe","12":"tag-fr","13":"tag-france","14":"tag-ile-de-france","15":"tag-news","16":"tag-paris","17":"tag-republique-francaise"},"share_on_mastodon":{"url":"https:\/\/pubeurope.com\/@fr\/115711892931559045","error":""},"_links":{"self":[{"href":"https:\/\/www.europesays.com\/fr\/wp-json\/wp\/v2\/posts\/596724","targetHints":{"allow":["GET"]}}],"collection":[{"href":"https:\/\/www.europesays.com\/fr\/wp-json\/wp\/v2\/posts"}],"about":[{"href":"https:\/\/www.europesays.com\/fr\/wp-json\/wp\/v2\/types\/post"}],"author":[{"embeddable":true,"href":"https:\/\/www.europesays.com\/fr\/wp-json\/wp\/v2\/users\/2"}],"replies":[{"embeddable":true,"href":"https:\/\/www.europesays.com\/fr\/wp-json\/wp\/v2\/comments?post=596724"}],"version-history":[{"count":0,"href":"https:\/\/www.europesays.com\/fr\/wp-json\/wp\/v2\/posts\/596724\/revisions"}],"wp:featuredmedia":[{"embeddable":true,"href":"https:\/\/www.europesays.com\/fr\/wp-json\/wp\/v2\/media\/596725"}],"wp:attachment":[{"href":"https:\/\/www.europesays.com\/fr\/wp-json\/wp\/v2\/media?parent=596724"}],"wp:term":[{"taxonomy":"category","embeddable":true,"href":"https:\/\/www.europesays.com\/fr\/wp-json\/wp\/v2\/categories?post=596724"},{"taxonomy":"post_tag","embeddable":true,"href":"https:\/\/www.europesays.com\/fr\/wp-json\/wp\/v2\/tags?post=596724"}],"curies":[{"name":"wp","href":"https:\/\/api.w.org\/{rel}","templated":true}]}}