{"id":596726,"date":"2025-12-13T10:55:13","date_gmt":"2025-12-13T10:55:13","guid":{"rendered":"https:\/\/www.europesays.com\/fr\/596726\/"},"modified":"2025-12-13T10:55:13","modified_gmt":"2025-12-13T10:55:13","slug":"mickael-ettori-un-pilier-de-la-bande-criminelle-du-petit-bar-arrete-en-corse-par-le-gign-apres-cinq-ans-de-cavale","status":"publish","type":"post","link":"https:\/\/www.europesays.com\/fr\/596726\/","title":{"rendered":"Micka\u00ebl Ettori, un pilier de la bande criminelle du Petit Bar, arr\u00eat\u00e9 en Corse par le GIGN apr\u00e8s cinq ans de cavale"},"content":{"rendered":"<p>                      <img loading=\"lazy\" decoding=\"async\" src=\"https:\/\/www.europesays.com\/fr\/wp-content\/uploads\/2025\/12\/ecd3077_upload-1-dr1fg4wffwqn-000-1ad1c9.jpg\" alt=\"Au si\u00e8ge du GIGN, \u00e0 Versailles (Yvelines), le 27\u00a0octobre 2018.\"   width=\"664\" height=\"443\"\/>    Au si\u00e8ge du GIGN, \u00e0 Versailles (Yvelines), le 27\u00a0octobre 2018.  LUCAS BARIOULET \/ AFP                          <\/p>\n<p class=\"article__paragraph  \">Micka\u00ebl Ettori, pr\u00e9sent\u00e9 comme un pilier du grand banditisme corse, membre de la bande criminelle du Petit Bar, a \u00e9t\u00e9 arr\u00eat\u00e9, samedi 13\u00a0d\u00e9cembre au matin, \u00e0 Olmeto-Plage (Corse-du-Sud) par le GIGN apr\u00e8s cinq ans de cavale, a annonc\u00e9 le parquet d\u2019Ajaccio.<\/p>\n<p class=\"article__paragraph  \">L\u2019homme de 52\u00a0ans est actuellement en garde \u00e0 vue apr\u00e8s \u00ab\u00a0une interpellation sans r\u00e9sistance\u00a0\u00bb, a pr\u00e9cis\u00e9 le procureur d\u2019Ajaccio, Nicolas Septe, dans un communiqu\u00e9. Son interpellation, \u00e0 6\u00a0heures du matin, survient deux jours apr\u00e8s sa <a href=\"https:\/\/www.lemonde.fr\/societe\/article\/2025\/12\/12\/assassinat-du-batonnier-d-ajaccio-antoine-sollacaro-le-tireur-condamne-a-trente-ans-de-prison_6657008_3224.html\" target=\"_blank\" rel=\"noopener\">condamnation en son absence dans l\u2019affaire de l\u2019assassinat de l\u2019avocat Antoine Sollacaro<\/a>, en\u00a02012. L\u2019arrestation s\u2019inscrit dans le cadre d\u2019une commission rogatoire \u00e9manant d\u2019un juge d\u2019instruction de la juridiction interr\u00e9gionale sp\u00e9cialis\u00e9e (JIRS) de Marseille, a ajout\u00e9 M.\u00a0Septe.<\/p>\n<p class=\"article__paragraph  \">Le procureur de Marseille, Nicolas Bessone, s\u2019est f\u00e9licit\u00e9 <a href=\"https:\/\/www.corsematin.com\/article\/faits-diversjustice\/4416531797413214\/mickael-ettori-condamne-dans-le-proces-sollacaro-vient-detre-interpelle-par-le-gign-en-corse-du-sud\" target=\"_blank\" rel=\"noopener\" title=\"Nouvelle fen\u00eatre\">aupr\u00e8s de Corse Matin <\/a>de cette arrestation permise par\u00a0\u00ab\u00a0un travail consid\u00e9rable et minutieux de la section de recherches de la gendarmerie\u00a0\u00bb. Le ministre de l\u2019int\u00e9rieur, Laurent Nu\u00f1ez, a lui apport\u00e9 sur X ses\u00a0\u00ab\u00a0f\u00e9licitations aux gendarmes du GIGN et de la section de recherches Corse\u00a0\u00bb\u00a0pour cette interpellation.<\/p>\n<p>                    Association de malfaiteurs en r\u00e9cidive                    <\/p>\n<p class=\"article__paragraph  \">Consid\u00e9r\u00e9 par les enqu\u00eateurs comme \u00ab\u00a0proche lieutenant\u00a0\u00bb de Jacques Santoni, suspect\u00e9 d\u2019\u00eatre \u00e0 la t\u00eate du Petit Bar, Micka\u00ebl Ettori avait \u00e9t\u00e9 condamn\u00e9 jeudi \u00e0 quinze ans de r\u00e9clusion criminelle pour association de malfaiteurs en r\u00e9cidive par la cour d\u2019assises des Bouches-du-Rh\u00f4ne. Il a \u00e9t\u00e9 reconnu coupable d\u2019avoir particip\u00e9 \u00e0 des actes pr\u00e9paratoires dans le cadre de l\u2019assassinat d\u2019Antoine Sollacaro \u00e0 Ajaccio, en\u00a02012, mais aussi de la tentative d\u2019assassinat contre Charles Cervoni la m\u00eame ann\u00e9e.<\/p>\n<p class=\"article__paragraph  \">Andr\u00e9 Bacchiolelli, consid\u00e9r\u00e9 comme le tireur qui a abattu l\u2019ancien b\u00e2tonnier du barreau d\u2019Ajaccio, a lui \u00e9t\u00e9 condamn\u00e9 \u00e0 une peine de trente ans de r\u00e9clusion criminelle sur la base, en partie, <a href=\"https:\/\/www.lemonde.fr\/societe\/article\/2025\/11\/04\/huis-clos-au-proces-du-meurtre-d-antoine-sollacaro-pour-proteger-le-repenti-patrick-giovannoni_6651946_3224.html\" target=\"_blank\" rel=\"noopener\">des d\u00e9clarations d\u2019un repenti, Patrick Giovannoni<\/a>. Celui-ci a \u00e9t\u00e9 condamn\u00e9 \u00e0 cinq ans de prison avec sursis dans le cadre de la tentative d\u2019assassinat contre Charles Cervoni. Les avocats d\u2019Andr\u00e9 Bacchiolelli ont annonc\u00e9 leur intention de faire appel.<\/p>\n<p class=\"article__paragraph  \">Le 28\u00a0mai\u00a02025, Micka\u00ebl Ettori avait \u00e9galement \u00e9t\u00e9 condamn\u00e9 \u00e0 la peine de douze ans par le tribunal correctionnel de Marseille dans le dossier dit des finances du Petit Bar, un tentaculaire dossier de blanchiment des fonds occultes de cette bande criminelle. Il avait \u00e9galement \u00e9cop\u00e9 d\u2019une amende de 1,5\u00a0million d\u2019euros et de l\u2019interdiction de g\u00e9rer une soci\u00e9t\u00e9.<\/p>\n<p class=\"article__paragraph  \">Le 28\u00a0septembre\u00a02020, il avait \u00e9chapp\u00e9 \u00e0 son arrestation \u00e0 Ajaccio, tout comme Pascal Porri et Andr\u00e9 Bacchiolelli. Il \u00e9tait depuis en cavale.<\/p>\n<p>                                       Lire aussi |  Article r\u00e9serv\u00e9 \u00e0 nos abonn\u00e9s  <a href=\"https:\/\/www.lemonde.fr\/societe\/article\/2025\/06\/28\/la-mafia-corse-au-c-ur-d-une-vaste-recomposition-en-cours-selon-une-note-du-renseignement_6616218_3224.html\" class=\"js-article-read-also catcher--favoris__link\" data-premium=\"1\" id=\"article-title-3428089\" target=\"_blank\" rel=\"noopener\">La mafia corse au c\u0153ur d\u2019une \u00ab\u00a0vaste recomposition en cours\u00a0\u00bb, selon une note du renseignement<\/a>    <\/p>\n<p>   Lire plus tard  <\/p>\n<p class=\"author__detail\">  Le Monde avec AFP  <\/p>\n<p>                <a href=\"https:\/\/www.lemonde.fr\/syndication\/\" class=\"reuse__content\" title=\"R\u00e9utiliser ce contenu\" target=\"_blank\" rel=\"noopener\">R\u00e9utiliser ce contenu<\/a>      <\/p>\n","protected":false},"excerpt":{"rendered":"Au si\u00e8ge du GIGN, \u00e0 Versailles (Yvelines), le 27\u00a0octobre 2018. LUCAS BARIOULET \/ AFP Micka\u00ebl Ettori, pr\u00e9sent\u00e9 comme&hellip;\n","protected":false},"author":2,"featured_media":596727,"comment_status":"","ping_status":"","sticky":false,"template":"","format":"standard","meta":{"footnotes":""},"categories":[1888],"tags":[1111,1928,11,1927,1777,674,1011,27,12,1926,626,1925,25],"class_list":{"0":"post-596726","1":"post","2":"type-post","3":"status-publish","4":"format-standard","5":"has-post-thumbnail","7":"category-paris","8":"tag-actu","9":"tag-actu-paris","10":"tag-actualites","11":"tag-actualites-paris","12":"tag-eu","13":"tag-europe","14":"tag-fr","15":"tag-france","16":"tag-news","17":"tag-news-paris","18":"tag-paris","19":"tag-paris-news","20":"tag-republique-francaise"},"share_on_mastodon":{"url":"https:\/\/pubeurope.com\/@fr\/115711898470532415","error":""},"_links":{"self":[{"href":"https:\/\/www.europesays.com\/fr\/wp-json\/wp\/v2\/posts\/596726","targetHints":{"allow":["GET"]}}],"collection":[{"href":"https:\/\/www.europesays.com\/fr\/wp-json\/wp\/v2\/posts"}],"about":[{"href":"https:\/\/www.europesays.com\/fr\/wp-json\/wp\/v2\/types\/post"}],"author":[{"embeddable":true,"href":"https:\/\/www.europesays.com\/fr\/wp-json\/wp\/v2\/users\/2"}],"replies":[{"embeddable":true,"href":"https:\/\/www.europesays.com\/fr\/wp-json\/wp\/v2\/comments?post=596726"}],"version-history":[{"count":0,"href":"https:\/\/www.europesays.com\/fr\/wp-json\/wp\/v2\/posts\/596726\/revisions"}],"wp:featuredmedia":[{"embeddable":true,"href":"https:\/\/www.europesays.com\/fr\/wp-json\/wp\/v2\/media\/596727"}],"wp:attachment":[{"href":"https:\/\/www.europesays.com\/fr\/wp-json\/wp\/v2\/media?parent=596726"}],"wp:term":[{"taxonomy":"category","embeddable":true,"href":"https:\/\/www.europesays.com\/fr\/wp-json\/wp\/v2\/categories?post=596726"},{"taxonomy":"post_tag","embeddable":true,"href":"https:\/\/www.europesays.com\/fr\/wp-json\/wp\/v2\/tags?post=596726"}],"curies":[{"name":"wp","href":"https:\/\/api.w.org\/{rel}","templated":true}]}}