{"id":596730,"date":"2025-12-13T10:58:22","date_gmt":"2025-12-13T10:58:22","guid":{"rendered":"https:\/\/www.europesays.com\/fr\/596730\/"},"modified":"2025-12-13T10:58:22","modified_gmt":"2025-12-13T10:58:22","slug":"les-habitants-du-5e-inquiets-pour-lavenir-des-commerces-et-le-prix-des-logements","status":"publish","type":"post","link":"https:\/\/www.europesays.com\/fr\/596730\/","title":{"rendered":"les habitants du 5e inquiets pour l&rsquo;avenir des commerces et le prix des logements"},"content":{"rendered":"<p>                    Par<br \/>\n        <strong><br \/>\n            <a href=\"https:\/\/actu.fr\/auteur\/glenn-gillet\" title=\"Consulter tous les articles de Glenn Gillet\" target=\"_blank\" rel=\"noopener\">Glenn Gillet<\/a><br \/>\n                    <\/strong><\/p>\n<p>        Publi\u00e9 le<\/p>\n<p>            13 d\u00e9c. 2025 \u00e0 9h00        <\/p>\n<p>L&rsquo;essentiel<\/p>\n<ul>\n<li>En mars 2026, Paris aura un ou une nouvelle maire, Anne Hidalgo (PS) ayant d\u00e9cid\u00e9 de ne pas briguer de troisi\u00e8me mandat. L\u2019enjeu majeur est identifi\u00e9 : la capitale basculera-t-elle \u00e0 droite, apr\u00e8s vingt-cinq ans de gouvernance socialiste ? \u00c0 trois mois du scrutin, les candidats de gauche peinent \u00e0 s\u2019unir pour pr\u00e9senter une liste unique au premier tour (15 mars); la droite appara\u00eet divis\u00e9e.<\/li>\n<li>Un \u00e9l\u00e9ment plus technique pourrait aussi rebattre les cartes \u00e0 l\u2019issue du second tour (22 mars) : la r\u00e9forme de la loi PLM, contest\u00e9e, mais valid\u00e9e par le Conseil constitutionnel (lire l\u2019encadr\u00e9), et qui introduit pour la premi\u00e8re fois depuis quarante ans un double scrutin. <\/li>\n<li>Avant que les \u00e9lecteurs parisiens se prononcent, actu Paris a cherch\u00e9 \u00e0 prendre la temp\u00e9rature aupr\u00e8s d\u2019eux. En allant \u00e0 leur rencontre, dans les all\u00e9es des hauts lieux de la vie locale que sont les march\u00e9s, et en leur demandant ce qu&rsquo;ils attendent vraiment des \u00e9lections municipales, ce qu&rsquo;elles doivent changer ou non dans leur vie de tous les jours. Dans le deuxi\u00e8me \u00e9pisode de notre s\u00e9rie, direction le 5e arrondissement.<\/li>\n<\/ul>\n<p>Cela fait 30\u00a0ans qu\u2019Herv\u00e9, <strong>m\u00e9decin urgentiste retrait\u00e9 de 73\u00a0ans<\/strong>, habite dans le 5e arrondissement de Paris, sur le <a href=\"https:\/\/actu.fr\/ile-de-france\/paris_75056\/paris-le-commissaire-de-police-suspecte-d-avoir-agresse-une-femme-dans-un-bar-sera-juge-en-juin_63546860.html\" target=\"_blank\" rel=\"noopener\">boulevard Saint-Germain<\/a>. Journal sous le bras, il zyeute les \u00e9tals du march\u00e9 Maubert, dans le quartier de la <a href=\"https:\/\/actu.fr\/ile-de-france\/paris_75056\/en-images-a-paris-une-clinique-desaffectee-va-etre-transformee-en-ecole-pour-la-sorbonne_63528336.html\" target=\"_blank\" rel=\"noopener\">Sorbonne<\/a>. Il a des choses \u00e0 dire sur les enjeux qui concernent son quartier, notamment sur la question du commerce, mais tient \u00e0 souligner, en souriant, que \u00ab\u2009les probl\u00e9matiques des gens du 5e, comme moi, ce sont des probl\u00e9matiques de gens ais\u00e9s, privil\u00e9gi\u00e9s\u2009\u00bb.<br \/>Pierre, <strong>enseignant de 37\u00a0ans<\/strong> travaillant dans le Val-de-Marne, habite, lui aussi, l\u2019arrondissement depuis 30\u00a0ans et y est attach\u00e9. Locataire, il fait toutefois part de son amertume car il a peu de chance de pouvoir acheter un logement dans le secteur, en raison des \u00ab\u2009prix monstrueux\u2009\u00bb. Ce jeudi 11\u00a0d\u00e9cembre 2025, actu Paris a <strong>sond\u00e9 les habitants<\/strong> du 5e arrondissement, avant le premier tour des <a href=\"https:\/\/actu.fr\/ile-de-france\/paris_75056\/municipales-les-deux-secteurs-cles-que-rachida-dati-promet-de-degraisser-pour-reduire-la-dette-de-paris_63496903.html\" target=\"_blank\" rel=\"noopener\">\u00e9lections municipales<\/a> pr\u00e9vu le 15\u00a0mars 2026. S\u2019ils ont peu d\u2019avis sur leur maire <a href=\"https:\/\/actu.fr\/ile-de-france\/paris_75056\/resultats-des-municipales-a-paris-florence-berthout-reelue-maire-du-5eme-arrondissement_34527532.html\" target=\"_blank\" rel=\"noopener\">Florence Berthout<\/a> (Horizons), ils ont des opinions parfois radicales sur leur quartier.<\/p>\n<p>D\u00e9veloppement des magasins de grandes cha\u00eenes \u00ab\u2009attrape-touristes\u2009\u00bb<\/p>\n<p class=\" wall-content\">Romaric, 48\u00a0ans, vient d\u2019acheter une bo\u00eete de raviolis tib\u00e9tains sur un stand du march\u00e9 Maubert. Ce journaliste culturel, qui explique \u00eatre un \u00ab\u2009r\u00e9cent habitant du 5e\u2009\u00bb, se dit d\u2019embl\u00e9e tr\u00e8s \u00e9mu par la \u00ab\u2009<strong>disparition des librairies<\/strong>, qui se transforment partout en boutiques de fringues\u2009\u00bb, un ph\u00e9nom\u00e8ne qui \u00ab\u2009d\u00e9nature l\u2019\u00e2me de ce quartier\u2009\u00bb, qui abrite de nombreux sites universitaires et grandes \u00e9coles. S\u2019il salue la v\u00e9g\u00e9talisation progressive du secteur, il l\u00e2che un brin provocateur\u2009: \u00ab\u2009Moi je pr\u00e9f\u00e8re que ce soit les librairies qui se multiplient plut\u00f4t que les baobabs dans des pots de fleurs\u2009\u00bb.<\/p>\n<p class=\" wall-content\">Comme Romaric, de nombreux habitants pointent une certaine d\u00e9liquescence des petits commerces ind\u00e9pendants dans l\u2019arrondissement, en particulier du c\u00f4t\u00e9 du boulevard Saint-Michel, qui fait office de fronti\u00e8re avec le 6e\u2009: \u00ab\u2009<strong>tous les commer\u00e7ants s\u2019en vont\u2009!<\/strong> Et leurs locaux ont du mal \u00e0 \u00eatre repris, c\u2019est la d\u00e9prime\u2009\u00bb, partage Odile Le Gal, 74\u00a0ans, retrait\u00e9e du secteur de la photographie. Pierre d\u00e9plore lui aussi la disparition des \u00ab\u2009vieux commerces\u2009\u00bb qui avaient chacun leur identit\u00e9 propre au profit des grandes cha\u00eenes \u00ab\u2009attrape-touristes\u2009\u00bb, en particulier dans le secteur entre Maubert et Notre-Dame.<\/p>\n<p class=\" wall-content\">Sur la question de la propret\u00e9 des rues, les avis des habitants sont aussi diff\u00e9rents que tranch\u00e9s\u2009: \u00ab\u2009les trottoirs sont d\u00e9go\u00fbtants, c\u2019est de pire en pire avec tous les gens qui mangent dehors tout le temps\u2009\u00bb, regrette Odile Le Gal. \u00ab\u2009Il y a des crottes de chiens partout. J\u2019ai une voisine qui dit que devant chez elle, ce n\u2019est plus un trottoir mais un crottoir\u2009\u00bb, abonde Jacques, 85\u00a0ans, retrait\u00e9 du secteur de la formation aux m\u00e9tiers de la construction. \u00ab\u2009Pas un probl\u00e8me\u2009\u00bb, r\u00e9pliquent quatre autres personnes interrog\u00e9es.<\/p>\n<p class=\" wall-content\">M\u00eame division sur le th\u00e8me de la s\u00e9curit\u00e9\u2009: tous estiment que l\u2019arrondissement est s\u00fbr, hormis Assia qui y habite depuis une quinzaine d\u2019ann\u00e9es, et qui cherche \u00e0 partir depuis que des \u00ab\u2009voyous\u2009\u00bb boivent et dealent en bas de chez elle, vers le boulevard Saint-Germain, depuis environ deux ans. \u00ab\u2009Je cherche vraiment \u00e0 <strong>partir<\/strong> maintenant\u2009\u00bb, affirme-t-elle. Herv\u00e9 estime qu\u2019on \u00ab\u00a0voit un certain pauvret\u00e9 qui s\u2019est accrue mais qui n\u2019est pas pour autant g\u00e9n\u00e9ratrice de violences\u00a0\u00bb. Lui s\u2019inqui\u00e8te surtout de la \u00ab\u00a0mont\u00e9e des extr\u00eames\u00a0\u00bb, dont il estime le 5e \u00e9pargn\u00e9 mais redoute une mont\u00e9e de LFI dans le nord-est de la capitale qui pourrait avoir une influence sur la mairie centrale.<\/p>\n<p>Un arrondissement qui a \u00ab\u2009perdu pas mal de jeunes\u2009\u00bb<\/p>\n<p class=\" wall-content\">Jacques souhaite aborder un autre enjeu qui est source d\u2019inqui\u00e9tude pour lui\u2009: le fait que l\u2019arrondissement ait \u00ab\u2009perdu pas mal de jeunes qui vivaient sur place\u2009\u00bb notamment autour des sites universitaires, du fait de la hausse des loyers et des prix de vente des logements au cours des derni\u00e8res d\u00e9cennies. \u00ab\u2009Ils amenaient une <strong>certaine gaiet\u00e9<\/strong>. Aujourd\u2019hui, le 5e est un arrondissement de retrait\u00e9s. Tous ces immeubles enti\u00e8rement peupl\u00e9s de gens de mon \u00e2ge, \u00e7a manque un peu de vie parfois\u2009\u00bb, regrette-t-il, qualifiant de \u00ab\u2009miracle\u2009\u00bb l\u2019installation r\u00e9cente d\u2019un couple avec un jeune enfant dans son b\u00e2timent. \u00ab\u2009Et il y a de plus en plus de logements qui deviennent des meubl\u00e9s touristiques de type Airbnb, \u00e7a participe \u00e0 une touristification\u2009\u00bb, compl\u00e8te Pierre, l\u2019enseignant officiant dans le Val-de-Marne.<\/p>\n<p>Votre r\u00e9gion, votre actu !<\/p>\n<p>Recevez chaque jour les infos qui comptent pour vous.<\/p>\n<p>\t<a href=\"https:\/\/actu.fr\/newsletter\" class=\"ac-btn ac-btn--corner ac-btn--medium ac-btn--blue800\" target=\"_blank\" rel=\"noopener\">S&rsquo;incrire<\/a><\/p>\n<p class=\" wall-content\">Jacques tient aussi \u00e0 \u00e9voquer la question des projets d\u2019urbanisme dans le 5e, o\u00f9 il vit depuis 25\u00a0ans\u2009: \u00ab\u2009je trouve qu\u2019on a gaspill\u00e9 beaucoup d\u2019argent \u00e0 faire des travaux partout, comme rue Mouffetard o\u00f9 c\u2019\u00e9tait tr\u00e8s bien comme c\u2019\u00e9tait avant, alors qu\u2019on n\u2019a m\u00eame pas les moyens de bien entretenir les b\u00e2timents publics\u2009\u00bb, d\u00e9plore-t-il.<\/p>\n<p class=\" wall-content\">Dans leur grande majorit\u00e9, les autres habitants interrog\u00e9s saluent eux la v\u00e9g\u00e9talisation des espaces urbains, \u00e0 Paris comme dans leur arrondissement tout comme l\u2019accroissement du nombre de pistes cyclables\u2009: \u00ab\u2009Moi je pense qu\u2019il faut aller vers \u00e7a. C\u2019est quand m\u00eame mieux si on arrive \u00e0 <strong>supprimer la voiture<\/strong>, au moins un petit peu\u2009\u00bb, sourit Jacqueline Clavreuil, 81\u00a0ans, habitante du quartier depuis 20\u00a0ans, crois\u00e9e bouquet de fleurs \u00e0 la main au march\u00e9 de Port-Royal. Elle souligne toutefois qu\u2019elle poss\u00e8de une voiture, m\u00eame si elle l\u2019utilise peu, principalement pour transporter son mari, qui est en situation de handicap. \u00ab\u2009Moi je fais du v\u00e9lo donc je suis plut\u00f4t pour les pistes cyclables mais les cyclistes ont barbaris\u00e9 les rues\u2009\u00bb, d\u00e9nonce Romaric, le journaliste culturel, \u00ab\u2009certains v\u00e9los ou certaines trottinettes vont \u00e0 50 sur les pistes cyclables, \u00e7a cr\u00e9e de l\u2019agressivit\u00e9 de tous les c\u00f4t\u00e9s\u2009\u00bb.<\/p>\n<p>Un tournant dans la vie municipale<\/p>\n<p>Depuis 1982, les \u00e9lections municipales se d\u00e9roulaient (\u00e0 Paris, Lyon et Marseille) par arrondissement, et non pas \u00e0 l&rsquo;\u00e9chelle de la ville. Les \u00e9lecteurs votaient pour une liste de conseillers d\u2019arrondissement : une partie d\u2019entre eux devenaient conseillers de Paris, et \u00e9taient alors charg\u00e9s d\u2019\u00e9lire le premier \u00e9dile. Avec cette r\u00e9forme, les \u00e9lecteurs devront d\u00e9signer s\u00e9par\u00e9ment leurs conseillers d\u2019arrondissement, qui \u00e9liront ensuite leur maire d\u2019arrondissement, et leurs conseillers de Paris, qui \u00e9liront, eux, le premier \u00e9dile. Le v\u00e9ritable changement sera en r\u00e9alit\u00e9 l\u2019abaissement de la prime majoritaire pour la liste arriv\u00e9e en t\u00eate \u00e0 l\u2019issue des municipales. En clair : elle remportera non plus 50%, mais 25% des si\u00e8ges au Conseil de Paris, le reste des si\u00e8ges sera r\u00e9parti quant \u00e0 lui \u00e0 la proportionnelle. Les diff\u00e9rentes tendances politiques seront mieux repr\u00e9sent\u00e9es, mais la majorit\u00e9 peut s\u2019en retrouver affaiblie.<\/p>\n<p class=\" wall-content\">Les habitants rencontr\u00e9s ont \u00e9galement \u00e9t\u00e9 interrog\u00e9s sur la <strong>r\u00e9forme du scrutin municipal dite \u00ab\u2009PLM\u2009\u00bb<\/strong> (Paris-Lyon-Marseille), adopt\u00e9e en juillet. Certains n\u2019en avaient pas entendu parler, d\u2019autres si, mais sans forc\u00e9ment comprendre ce qui allait changer concr\u00e8tement. \u00ab\u2009Je ne sais pas vraiment comment \u00e7a va fonctionner\u2009\u00bb, confie Pierre, \u00ab\u2009mais j\u2019ose esp\u00e9rer qu\u2019on sera guid\u00e9s le jour de l\u2019\u00e9lection\u2009\u00bb.<\/p>\n<p class=\" wall-content\">Personnalisez votre actualit\u00e9 en ajoutant vos villes et m\u00e9dias en favori avec <a href=\"https:\/\/moncompte.actu.fr\" title=\"D\u00e9couvez Mon Actu\" rel=\"nofollow noopener\" data-trk=\"{&quot;cta&quot;:{&quot;action&quot;:&quot;https:\\\/\\\/moncompte.actu.fr&quot;,&quot;category&quot;:&quot;mon compte&quot;,&quot;from&quot;:&quot;article footer&quot;,&quot;name&quot;:&quot;Mon actu&quot;,&quot;type&quot;:&quot;cta&quot;}}\" target=\"_blank\">Mon Actu<\/a>.<\/p>\n","protected":false},"excerpt":{"rendered":"Par Glenn Gillet Publi\u00e9 le 13 d\u00e9c. 2025 \u00e0 9h00 L&rsquo;essentiel En mars 2026, Paris aura un ou&hellip;\n","protected":false},"author":2,"featured_media":596731,"comment_status":"","ping_status":"","sticky":false,"template":"","format":"standard","meta":{"footnotes":""},"categories":[1888],"tags":[11,215,4188,1777,674,1011,27,1908,3434,12,626,316,25],"class_list":{"0":"post-596730","1":"post","2":"type-post","3":"status-publish","4":"format-standard","5":"has-post-thumbnail","7":"category-paris","8":"tag-actualites","9":"tag-commerce","10":"tag-elections-municipales","11":"tag-eu","12":"tag-europe","13":"tag-fr","14":"tag-france","15":"tag-logement","16":"tag-municipales-2026","17":"tag-news","18":"tag-paris","19":"tag-politique","20":"tag-republique-francaise"},"share_on_mastodon":{"url":"https:\/\/pubeurope.com\/@fr\/115711908616247354","error":""},"_links":{"self":[{"href":"https:\/\/www.europesays.com\/fr\/wp-json\/wp\/v2\/posts\/596730","targetHints":{"allow":["GET"]}}],"collection":[{"href":"https:\/\/www.europesays.com\/fr\/wp-json\/wp\/v2\/posts"}],"about":[{"href":"https:\/\/www.europesays.com\/fr\/wp-json\/wp\/v2\/types\/post"}],"author":[{"embeddable":true,"href":"https:\/\/www.europesays.com\/fr\/wp-json\/wp\/v2\/users\/2"}],"replies":[{"embeddable":true,"href":"https:\/\/www.europesays.com\/fr\/wp-json\/wp\/v2\/comments?post=596730"}],"version-history":[{"count":0,"href":"https:\/\/www.europesays.com\/fr\/wp-json\/wp\/v2\/posts\/596730\/revisions"}],"wp:featuredmedia":[{"embeddable":true,"href":"https:\/\/www.europesays.com\/fr\/wp-json\/wp\/v2\/media\/596731"}],"wp:attachment":[{"href":"https:\/\/www.europesays.com\/fr\/wp-json\/wp\/v2\/media?parent=596730"}],"wp:term":[{"taxonomy":"category","embeddable":true,"href":"https:\/\/www.europesays.com\/fr\/wp-json\/wp\/v2\/categories?post=596730"},{"taxonomy":"post_tag","embeddable":true,"href":"https:\/\/www.europesays.com\/fr\/wp-json\/wp\/v2\/tags?post=596730"}],"curies":[{"name":"wp","href":"https:\/\/api.w.org\/{rel}","templated":true}]}}