{"id":596732,"date":"2025-12-13T10:59:22","date_gmt":"2025-12-13T10:59:22","guid":{"rendered":"https:\/\/www.europesays.com\/fr\/596732\/"},"modified":"2025-12-13T10:59:22","modified_gmt":"2025-12-13T10:59:22","slug":"la-meilleure-galette-des-rois-du-grand-paris-se-trouve-dans-les-hauts-de-seine","status":"publish","type":"post","link":"https:\/\/www.europesays.com\/fr\/596732\/","title":{"rendered":"la meilleure galette des rois du Grand Paris se trouve dans les Hauts-de-Seine"},"content":{"rendered":"<p>                    Par<br \/>\n        <strong><br \/>\n            <a href=\"https:\/\/actu.fr\/auteur\/dorinegoth\" title=\"Consulter tous les articles de Dorine Goth\" target=\"_blank\" rel=\"noopener\">Dorine Goth<\/a><br \/>\n                    <\/strong><\/p>\n<p>        Publi\u00e9 le<\/p>\n<p>            13 d\u00e9c. 2025 \u00e0 11h52        <\/p>\n<p>Le Grand Paris tient ses rois et reines de la galette. Le palmar\u00e8s du concours de la meilleure <a href=\"https:\/\/actu.fr\/ile-de-france\/paris_75056\/un-boulanger-de-paris-remporte-le-prix-de-la-meilleure-galette-aux-amandes-d-ile-de-france_38634391.html\" target=\"_blank\" rel=\"noopener\"><strong>galette aux amandes<\/strong><\/a> 2026 du <a href=\"https:\/\/actu.fr\/tag\/grand-paris-express\" target=\"_blank\" rel=\"noopener\">Grand Paris<\/a> a \u00e9t\u00e9 d\u00e9voil\u00e9, vendredi 5\u00a0d\u00e9cembre 2025, apr\u00e8s une d\u00e9gustation particuli\u00e8rement serr\u00e9e. Chefs d\u2019entreprise et apprentis ont \u00e9t\u00e9 d\u00e9partag\u00e9s sur la cuisson, le d\u00e9cor, la composition aux amandes, le feuilletage et la tenue \u00e0 la coupe.<\/p>\n<p>Une boulangerie de Clamart en haut du podium<\/p>\n<p class=\" wall-content\">Dans la cat\u00e9gorie \u00ab\u2009Chefs d\u2019entreprise\u2009\u00bb, la m\u00e9daille d\u2019or revient \u00e0 la<strong> Maison Dumont \u00e0 Clamart<\/strong> (Hauts-de-Seine). Elle devance<strong> La Maillardise \u00e0 Levallois-Perret,<\/strong> qui d\u00e9croche l\u2019argent. La troisi\u00e8me place est attribu\u00e9e ex \u00e6quo \u00e0 Mohamed Khouildi, install\u00e9 \u00e0 Bagnolet (Seine-Saint-Denis), et \u00e0 Hanai Horikoshi, venue sp\u00e9cialement du Japon. Le top\u00a05 est ensuite parisien, avec deux boulangeries du 5e arrondissement\u2009: la Boulangerie Moderne Rabineau et Maison Landemaine de rue la Monge.<\/p>\n<p class=\" wall-content\">C\u00f4t\u00e9 apprentis, il faut se rendre en <a href=\"https:\/\/actu.fr\/ile-de-france\/athis-mons_91027\/essonne-un-concours-devoile-la-meilleure-galette-aux-amandes-2026-voici-ou-la-gouter_63483153.html\" target=\"_blank\" rel=\"noopener\">Essonne<\/a>, plus pr\u00e9cis\u00e9ment chez Les Petits Gourmands \u00e0 Athis Mons pour d\u00e9guster les galettes qui ont fini \u00e0 la premi\u00e8re et troisi\u00e8me place. Le podium est compl\u00e9t\u00e9 \u00e0 la seconde place avec Fred Boulangeries \u00e0 Pontault-Combault (Seine-et-Marne).<\/p>\n<p class=\" wall-content\">Personnalisez votre actualit\u00e9 en ajoutant vos villes et m\u00e9dias en favori avec <a href=\"https:\/\/moncompte.actu.fr\" title=\"D\u00e9couvez Mon Actu\" rel=\"nofollow noopener\" data-trk=\"{&quot;cta&quot;:{&quot;action&quot;:&quot;https:\\\/\\\/moncompte.actu.fr&quot;,&quot;category&quot;:&quot;mon compte&quot;,&quot;from&quot;:&quot;article footer&quot;,&quot;name&quot;:&quot;Mon actu&quot;,&quot;type&quot;:&quot;cta&quot;}}\" target=\"_blank\">Mon Actu<\/a>.<\/p>\n","protected":false},"excerpt":{"rendered":"Par Dorine Goth Publi\u00e9 le 13 d\u00e9c. 2025 \u00e0 11h52 Le Grand Paris tient ses rois et reines&hellip;\n","protected":false},"author":2,"featured_media":596733,"comment_status":"","ping_status":"","sticky":false,"template":"","format":"standard","meta":{"footnotes":""},"categories":[1888],"tags":[11,1777,674,1011,27,1661,1305,12,626,25],"class_list":{"0":"post-596732","1":"post","2":"type-post","3":"status-publish","4":"format-standard","5":"has-post-thumbnail","7":"category-paris","8":"tag-actualites","9":"tag-eu","10":"tag-europe","11":"tag-fr","12":"tag-france","13":"tag-gastronomie","14":"tag-lifestyle","15":"tag-news","16":"tag-paris","17":"tag-republique-francaise"},"share_on_mastodon":{"url":"https:\/\/pubeurope.com\/@fr\/115711913247639325","error":""},"_links":{"self":[{"href":"https:\/\/www.europesays.com\/fr\/wp-json\/wp\/v2\/posts\/596732","targetHints":{"allow":["GET"]}}],"collection":[{"href":"https:\/\/www.europesays.com\/fr\/wp-json\/wp\/v2\/posts"}],"about":[{"href":"https:\/\/www.europesays.com\/fr\/wp-json\/wp\/v2\/types\/post"}],"author":[{"embeddable":true,"href":"https:\/\/www.europesays.com\/fr\/wp-json\/wp\/v2\/users\/2"}],"replies":[{"embeddable":true,"href":"https:\/\/www.europesays.com\/fr\/wp-json\/wp\/v2\/comments?post=596732"}],"version-history":[{"count":0,"href":"https:\/\/www.europesays.com\/fr\/wp-json\/wp\/v2\/posts\/596732\/revisions"}],"wp:featuredmedia":[{"embeddable":true,"href":"https:\/\/www.europesays.com\/fr\/wp-json\/wp\/v2\/media\/596733"}],"wp:attachment":[{"href":"https:\/\/www.europesays.com\/fr\/wp-json\/wp\/v2\/media?parent=596732"}],"wp:term":[{"taxonomy":"category","embeddable":true,"href":"https:\/\/www.europesays.com\/fr\/wp-json\/wp\/v2\/categories?post=596732"},{"taxonomy":"post_tag","embeddable":true,"href":"https:\/\/www.europesays.com\/fr\/wp-json\/wp\/v2\/tags?post=596732"}],"curies":[{"name":"wp","href":"https:\/\/api.w.org\/{rel}","templated":true}]}}