{"id":596734,"date":"2025-12-13T11:00:47","date_gmt":"2025-12-13T11:00:47","guid":{"rendered":"https:\/\/www.europesays.com\/fr\/596734\/"},"modified":"2025-12-13T11:00:47","modified_gmt":"2025-12-13T11:00:47","slug":"sortie-de-guerre-en-vue-mais-que-fera-ensuite-la-russie-guillaume-ancel-ne-pas-subir","status":"publish","type":"post","link":"https:\/\/www.europesays.com\/fr\/596734\/","title":{"rendered":"sortie de guerre en vue, mais que fera ensuite la Russie\u00a0? \u2013 Guillaume Ancel \u2013 Ne pas subir"},"content":{"rendered":"<p><img loading=\"lazy\" decoding=\"async\" data-attachment-id=\"38955\" data-permalink=\"https:\/\/nepassubir.fr\/2025\/12\/13\/ukraine-sortie-de-guerre-en-vue-mais-que-fera-ensuite-la-russie\/img_4469-2\/\" data-orig-file=\"https:\/\/nepassubir.fr\/wp-content\/uploads\/2025\/12\/img_4469.jpeg\" data-orig-size=\"2160,1504\" data-comments-opened=\"1\" data-image-meta=\"{&quot;aperture&quot;:&quot;0&quot;,&quot;credit&quot;:&quot;&quot;,&quot;camera&quot;:&quot;&quot;,&quot;caption&quot;:&quot;&quot;,&quot;created_timestamp&quot;:&quot;0&quot;,&quot;copyright&quot;:&quot;&quot;,&quot;focal_length&quot;:&quot;0&quot;,&quot;iso&quot;:&quot;0&quot;,&quot;shutter_speed&quot;:&quot;0&quot;,&quot;title&quot;:&quot;&quot;,&quot;orientation&quot;:&quot;1&quot;}\" data-image-title=\"IMG_4469\" data-image-description=\"\" data-image-caption=\"\" data-medium-file=\"https:\/\/nepassubir.fr\/wp-content\/uploads\/2025\/12\/img_4469.jpeg?w=300\" data-large-file=\"https:\/\/www.europesays.com\/fr\/wp-content\/uploads\/2025\/12\/img_4469.jpeg\" width=\"1024\" height=\"713\" src=\"https:\/\/www.europesays.com\/fr\/wp-content\/uploads\/2025\/12\/img_4469.jpeg\" alt=\"\" class=\"wp-image-38955\"  \/><\/p>\n<p>La n\u00e9gociation sur un accord de \u00ab\u00a0fin de guerre\u00a0\u00bb en Ukraine avance au forceps, sous la pression d\u00e9s\u00e9quilibr\u00e9e de Donald Trump qui, plus que jamais, esp\u00e8re arracher un compromis avant la fin de l\u2019ann\u00e9e lui permettant de proclamer qu\u2019il est \u00ab\u00a0le pr\u00e9sident le plus puissant de l\u2019histoire des Etats-Unis\u00a0\u00bb.<\/p>\n<blockquote class=\"wp-block-quote is-layout-flow wp-block-quote-is-layout-flow\">\n<p>Lire aussi\u00a0: <strong><a href=\"https:\/\/nepassubir.fr\/2025\/12\/07\/ukraine-la-nego-de-tous-les-dangers\/\" target=\"_blank\" rel=\"noopener\">Ukraine, la n\u00e9go de tous les dangers<\/a><\/strong><\/p>\n<\/blockquote>\n<p>La principale difficult\u00e9 dans cette n\u00e9gociation est la question des concessions de territoires incluant le trac\u00e9 d\u2019une ligne de d\u00e9marcation. Poutine r\u00e9clame l\u2019int\u00e9gralit\u00e9 de quatre r\u00e9gions ukrainiennes qu\u2019il a annex\u00e9es \u00e0 la Russie mais qu\u2019il n\u2019est pas arriv\u00e9 \u00e0 conqu\u00e9rir, en quatre ann\u00e9es de guerre d\u2019une violence inou\u00efe, tandis que l\u2019Ukraine ne s\u2019imagine pas offrir \u00e0 son agresseur ce qu\u2019elle a vaillamment d\u00e9fendu par les armes et par le sang.<\/p>\n<p><img loading=\"lazy\" decoding=\"async\" data-attachment-id=\"38957\" data-permalink=\"https:\/\/nepassubir.fr\/2025\/12\/13\/ukraine-sortie-de-guerre-en-vue-mais-que-fera-ensuite-la-russie\/img_4558\/\" data-orig-file=\"https:\/\/nepassubir.fr\/wp-content\/uploads\/2025\/12\/img_4558.jpeg\" data-orig-size=\"1382,1074\" data-comments-opened=\"1\" data-image-meta=\"{&quot;aperture&quot;:&quot;0&quot;,&quot;credit&quot;:&quot;&quot;,&quot;camera&quot;:&quot;&quot;,&quot;caption&quot;:&quot;&quot;,&quot;created_timestamp&quot;:&quot;0&quot;,&quot;copyright&quot;:&quot;&quot;,&quot;focal_length&quot;:&quot;0&quot;,&quot;iso&quot;:&quot;0&quot;,&quot;shutter_speed&quot;:&quot;0&quot;,&quot;title&quot;:&quot;&quot;,&quot;orientation&quot;:&quot;1&quot;}\" data-image-title=\"IMG_4558\" data-image-description=\"\" data-image-caption=\"\" data-medium-file=\"https:\/\/nepassubir.fr\/wp-content\/uploads\/2025\/12\/img_4558.jpeg?w=300\" data-large-file=\"https:\/\/www.europesays.com\/fr\/wp-content\/uploads\/2025\/12\/img_4558.jpeg\" width=\"1024\" height=\"795\" src=\"https:\/\/www.europesays.com\/fr\/wp-content\/uploads\/2025\/12\/img_4558.jpeg\" alt=\"\" class=\"wp-image-38957\"  \/>Le Monde<\/p>\n<p>Habile man\u0153uvre pour contourner l\u2019obstacle des \u00ab\u00a0concessions territoriales\u00a0\u00bb<\/p>\n<p>Il semble que le pr\u00e9sident ukrainien, Volodymyr Zelensky, ait trouv\u00e9 un biais pour contourner cet obstacle qui bloque les n\u00e9gociations et suscite la col\u00e8re de Donald Trump\u00a0: plut\u00f4t que de c\u00e9der ces territoires, Zelensky a propos\u00e9 \u2013 sur le conseil de ses alli\u00e9s europ\u00e9ens \u2013 de s\u2019en retirer \u00e0 condition qu\u2019ils deviennent une \u00ab\u00a0zone d\u00e9militaris\u00e9e\u00a0\u00bb, en jaune sur la carte pr\u00e9c\u00e9dente.<\/p>\n<p>Certes la pr\u00e9sidence ukrainienne est revenue sur ces d\u00e9clarations qu\u2019elle a qualifi\u00e9 ensuite \u00ab\u00a0d\u2019incompr\u00e9hension\u00a0\u00bb, mais le chancelier allemand a confirm\u00e9 entre-temps qu\u2019il s\u2019agissait bien d\u2019une solide avanc\u00e9e dans ces n\u00e9gociations. Le point pour le pr\u00e9sident Zelensky est probablement d\u2019attribuer la paternit\u00e9 de cette proposition aux Am\u00e9ricains plut\u00f4t que l\u2019assumer politiquement compte tenu de sa sensibilit\u00e9 vis-\u00e0-vis des Ukrainiens.<\/p>\n<p><img loading=\"lazy\" decoding=\"async\" data-attachment-id=\"38960\" data-permalink=\"https:\/\/nepassubir.fr\/2025\/12\/13\/ukraine-sortie-de-guerre-en-vue-mais-que-fera-ensuite-la-russie\/img_4573\/\" data-orig-file=\"https:\/\/nepassubir.fr\/wp-content\/uploads\/2025\/12\/img_4573.jpeg\" data-orig-size=\"1451,1255\" data-comments-opened=\"1\" data-image-meta=\"{&quot;aperture&quot;:&quot;0&quot;,&quot;credit&quot;:&quot;&quot;,&quot;camera&quot;:&quot;&quot;,&quot;caption&quot;:&quot;&quot;,&quot;created_timestamp&quot;:&quot;0&quot;,&quot;copyright&quot;:&quot;&quot;,&quot;focal_length&quot;:&quot;0&quot;,&quot;iso&quot;:&quot;0&quot;,&quot;shutter_speed&quot;:&quot;0&quot;,&quot;title&quot;:&quot;&quot;,&quot;orientation&quot;:&quot;1&quot;}\" data-image-title=\"IMG_4573\" data-image-description=\"\" data-image-caption=\"\" data-medium-file=\"https:\/\/nepassubir.fr\/wp-content\/uploads\/2025\/12\/img_4573.jpeg?w=300\" data-large-file=\"https:\/\/www.europesays.com\/fr\/wp-content\/uploads\/2025\/12\/img_4573.jpeg\" width=\"1024\" height=\"885\" src=\"https:\/\/www.europesays.com\/fr\/wp-content\/uploads\/2025\/12\/img_4573.jpeg\" alt=\"\" class=\"wp-image-38960\"  \/>Le Monde<\/p>\n<p>Sur le mod\u00e8le de la ligne de d\u00e9marcation en Cor\u00e9e qui date de 1953, chacun des bellig\u00e9rants se retirerait d\u2019une zone qui deviendrait neutre et qui s\u00e9parerait ainsi largement les deux parties. Une force internationale serait alors en charge de la surveiller, soit de part et d\u2019autre comme en Cor\u00e9e (la ligne fait 4 km de large et constitue de fait un No man\u2019s land), soit de l\u2019occuper physiquement pour \u00e9viter toute tentation pour une des parties de s\u2019en emparer et de relancer la guerre.<\/p>\n<p>Si l\u2019Ukraine accepte de se retirer, l\u2019\u00e9quilibre de l\u2019accord voudrait que la Russie en fasse de m\u00eame ce qui est loin d\u2019\u00eatre acquis. Mais Vladimir Poutine, au-del\u00e0 de ses d\u00e9clarations imp\u00e9riales, a int\u00e9r\u00eat aussi \u00e0 trouver un compromis, ne serait-ce que pour \u00e9viter que la hargne du pr\u00e9sident Trump ne se retourne contre lui parce qu\u2019il aurait fait \u00e9chouer \u00ab\u00a0son\u00a0\u00bb accord.<\/p>\n<p>La fin de cette guerre en Ukraine est enfin envisageable<\/p>\n<p>Les d\u00e9tails de cette concession majeure de Zelensky, \u2013 non pas sur les territoires mais sur leur occupation \u2013, ne seront pas faciles \u00e0 r\u00e9gler, mais c\u2019est la premi\u00e8re fois depuis le d\u00e9but de ce conflit en f\u00e9vrier 2022 qu\u2019un accord est rendu possible, que la fin de cette guerre est enfin envisageable.<\/p>\n<p>Cette \u00ab\u00a0astuce\u00a0\u00bb ukrainienne sur le retrait d\u2019une zone d\u00e9militaris\u00e9e est doublement int\u00e9ressante, elle \u00e9vite d\u2019abord la pol\u00e9mique sur la cession d\u2019un territoire controvers\u00e9 que probablement une large partie de la population ukrainienne est pr\u00eate \u00e0 sacrifier mais sans le reconna\u00eetre ouvertement. Ce proc\u00e9d\u00e9 renvoie aussi \u00e0 la Russie la responsabilit\u00e9 de sceller enfin un accord de fin de guerre en acceptant enfin un compromis, alors que Poutine n\u2019a fait aucune concession jusqu\u2019ici.<\/p>\n<p>Mais une fin de guerre ne signifierait pas la paix pour autant<\/p>\n<p>\u00ab\u00a0Fin de guerre\u00a0\u00bb, comme nous l\u2019avons souvent rappel\u00e9 ici, ne signifie pas pour autant qu\u2019un accord de paix serait trouv\u00e9. Il est difficile d\u2019imaginer en effet que la Russie de Poutine ait sacrifi\u00e9 autant d\u2019hommes (probablement de l\u2019ordre du million) et consacr\u00e9 autant de moyens pour se contenter du Donbass et de la partie sud des r\u00e9gions de Zaporijia et de Kherson.<\/p>\n<p><img decoding=\"async\" data-attachment-id=\"37295\" data-permalink=\"https:\/\/nepassubir.fr\/2025\/11\/01\/la-grammaire-nucleaire-ne-dessert-pas-la-guerre\/img_4369\/\" data-orig-file=\"https:\/\/nepassubir.fr\/wp-content\/uploads\/2025\/11\/img_4369.jpeg\" data-orig-size=\"2160,1507\" data-comments-opened=\"1\" data-image-meta=\"{&quot;aperture&quot;:&quot;0&quot;,&quot;credit&quot;:&quot;&quot;,&quot;camera&quot;:&quot;&quot;,&quot;caption&quot;:&quot;&quot;,&quot;created_timestamp&quot;:&quot;0&quot;,&quot;copyright&quot;:&quot;&quot;,&quot;focal_length&quot;:&quot;0&quot;,&quot;iso&quot;:&quot;0&quot;,&quot;shutter_speed&quot;:&quot;0&quot;,&quot;title&quot;:&quot;&quot;,&quot;orientation&quot;:&quot;1&quot;}\" data-image-title=\"IMG_4369\" data-image-description=\"\" data-image-caption=\"\" data-medium-file=\"https:\/\/nepassubir.fr\/wp-content\/uploads\/2025\/11\/img_4369.jpeg?w=300\" data-large-file=\"https:\/\/www.europesays.com\/fr\/wp-content\/uploads\/2025\/12\/img_4369.jpeg\" loading=\"lazy\" width=\"1024\" height=\"714\" src=\"https:\/\/www.europesays.com\/fr\/wp-content\/uploads\/2025\/12\/img_4369.jpeg\" alt=\"\" class=\"wp-image-37295\"  \/><\/p>\n<p>C\u2019est pour cette raison que les garanties de s\u00e9curit\u00e9 de cet accord sont essentielles et que les Ukrainiens comme les Europ\u00e9ens esp\u00e8rent encore obtenir un engagement direct des Am\u00e9ricains, m\u00eame si la coalition des volontaires form\u00e9e par la plupart des pays europ\u00e9ens fournirait l\u2019essentiel des forces n\u00e9cessaires.<\/p>\n<p>Par ailleurs, les Europ\u00e9ens ont d\u00e9cid\u00e9 ce 12 d\u00e9cembre de geler les actifs souverains russes en Europe jusqu\u2019\u00e0 la fin de la guerre en Ukraine, gageant ainsi plus de 200 milliards d\u2019euros russes pour financer d\u2019abord le soutien \u00e0 l\u2019Ukraine puis, si un accord \u00e9tait sign\u00e9, pour payer une partie de sa reconstruction estim\u00e9e \u00e0 plus de 500 milliards d\u2019euros. \u00a0\u00a0\u00a0\u00a0\u00a0\u00a0\u00a0\u00a0\u00a0\u00a0\u00a0\u00a0\u00a0\u00a0\u00a0\u00a0<\/p>\n<p><img decoding=\"async\" data-attachment-id=\"38962\" data-permalink=\"https:\/\/nepassubir.fr\/2025\/12\/13\/ukraine-sortie-de-guerre-en-vue-mais-que-fera-ensuite-la-russie\/img_4577\/\" data-orig-file=\"https:\/\/nepassubir.fr\/wp-content\/uploads\/2025\/12\/img_4577.jpeg\" data-orig-size=\"2160,1494\" data-comments-opened=\"1\" data-image-meta=\"{&quot;aperture&quot;:&quot;0&quot;,&quot;credit&quot;:&quot;&quot;,&quot;camera&quot;:&quot;&quot;,&quot;caption&quot;:&quot;&quot;,&quot;created_timestamp&quot;:&quot;0&quot;,&quot;copyright&quot;:&quot;&quot;,&quot;focal_length&quot;:&quot;0&quot;,&quot;iso&quot;:&quot;0&quot;,&quot;shutter_speed&quot;:&quot;0&quot;,&quot;title&quot;:&quot;&quot;,&quot;orientation&quot;:&quot;1&quot;}\" data-image-title=\"IMG_4577\" data-image-description=\"\" data-image-caption=\"\" data-medium-file=\"https:\/\/nepassubir.fr\/wp-content\/uploads\/2025\/12\/img_4577.jpeg?w=300\" data-large-file=\"https:\/\/www.europesays.com\/fr\/wp-content\/uploads\/2025\/12\/img_4577.jpeg\" loading=\"lazy\" width=\"1024\" height=\"708\" src=\"https:\/\/www.europesays.com\/fr\/wp-content\/uploads\/2025\/12\/img_4577.jpeg\" alt=\"\" class=\"wp-image-38962\"  \/><\/p>\n<p>La menace exerc\u00e9e par la Russie contre les Europ\u00e9ens perdurera sauf s\u2019ils se mobilisent pour la dissuader<\/p>\n<p>Un accord de sortie de guerre tel qu\u2019il s\u2019esquisse installerait une Russie plus mena\u00e7ante que jamais\u00a0: elle se consacrerait \u00e0 son r\u00e9armement apr\u00e8s les pi\u00e8tres performances de son arm\u00e9e qui n\u2019aura r\u00e9ussi en quatre ann\u00e9es de guerre \u00e0 conqu\u00e9rir que 12% du territoire ukrainien en compl\u00e9ment des 7% dont elle s\u2019\u00e9tait empar\u00e9e via des \u00ab\u00a0milices s\u00e9paratistes\u00a0\u00bb (une arm\u00e9e russe sans casquette) depuis 2014.<\/p>\n<p><img decoding=\"async\" data-attachment-id=\"38963\" data-permalink=\"https:\/\/nepassubir.fr\/2025\/12\/13\/ukraine-sortie-de-guerre-en-vue-mais-que-fera-ensuite-la-russie\/img_4520-2\/\" data-orig-file=\"https:\/\/nepassubir.fr\/wp-content\/uploads\/2025\/12\/img_4520-1.jpeg\" data-orig-size=\"516,575\" data-comments-opened=\"1\" data-image-meta=\"{&quot;aperture&quot;:&quot;0&quot;,&quot;credit&quot;:&quot;&quot;,&quot;camera&quot;:&quot;&quot;,&quot;caption&quot;:&quot;&quot;,&quot;created_timestamp&quot;:&quot;0&quot;,&quot;copyright&quot;:&quot;&quot;,&quot;focal_length&quot;:&quot;0&quot;,&quot;iso&quot;:&quot;0&quot;,&quot;shutter_speed&quot;:&quot;0&quot;,&quot;title&quot;:&quot;&quot;,&quot;orientation&quot;:&quot;1&quot;}\" data-image-title=\"IMG_4520\" data-image-description=\"\" data-image-caption=\"\" data-medium-file=\"https:\/\/nepassubir.fr\/wp-content\/uploads\/2025\/12\/img_4520-1.jpeg?w=269\" data-large-file=\"https:\/\/www.europesays.com\/fr\/wp-content\/uploads\/2025\/12\/img_4520-1.jpeg\" loading=\"lazy\" width=\"516\" height=\"575\" src=\"https:\/\/www.europesays.com\/fr\/wp-content\/uploads\/2025\/12\/img_4520-1.jpeg\" alt=\"\" class=\"wp-image-38963\"  \/>Bilan par @PouletVolant3<\/p>\n<p>De fait, tant que Poutine sera au pouvoir \u2013 et il n\u2019a que 73 ans \u2013, aucune paix durable n\u2019est r\u00e9ellement envisageable. Cela a le m\u00e9rite de renvoyer les pays europ\u00e9ens \u00e0 leur propre responsabilit\u00e9\u00a0: assurer leur s\u00e9curit\u00e9 oblige \u00e0 une cruciale union politique \u2013 celle-l\u00e0 m\u00eame que menacent les relais extr\u00e9mistes de la Russie comme des Trumpistes \u2013, une communaut\u00e9 politique europ\u00e9enne pour que ces puissances moyennes prises s\u00e9par\u00e9ment atteignent enfin la taille d\u2019une grande puissance militaire et disposent des moyens de se d\u00e9fendre ensemble.<\/p>\n<p><img decoding=\"async\" data-attachment-id=\"38965\" data-permalink=\"https:\/\/nepassubir.fr\/2025\/12\/13\/ukraine-sortie-de-guerre-en-vue-mais-que-fera-ensuite-la-russie\/img_4513\/\" data-orig-file=\"https:\/\/nepassubir.fr\/wp-content\/uploads\/2025\/12\/img_4513.jpeg\" data-orig-size=\"2160,1510\" data-comments-opened=\"1\" data-image-meta=\"{&quot;aperture&quot;:&quot;0&quot;,&quot;credit&quot;:&quot;&quot;,&quot;camera&quot;:&quot;&quot;,&quot;caption&quot;:&quot;&quot;,&quot;created_timestamp&quot;:&quot;0&quot;,&quot;copyright&quot;:&quot;&quot;,&quot;focal_length&quot;:&quot;0&quot;,&quot;iso&quot;:&quot;0&quot;,&quot;shutter_speed&quot;:&quot;0&quot;,&quot;title&quot;:&quot;&quot;,&quot;orientation&quot;:&quot;1&quot;}\" data-image-title=\"IMG_4513\" data-image-description=\"\" data-image-caption=\"\" data-medium-file=\"https:\/\/nepassubir.fr\/wp-content\/uploads\/2025\/12\/img_4513.jpeg?w=300\" data-large-file=\"https:\/\/www.europesays.com\/fr\/wp-content\/uploads\/2025\/12\/img_4513.jpeg\" loading=\"lazy\" width=\"1024\" height=\"715\" src=\"https:\/\/www.europesays.com\/fr\/wp-content\/uploads\/2025\/12\/img_4513.jpeg\" alt=\"\" class=\"wp-image-38965\"  \/><\/p>\n<p>L\u2019objectif \u00ab\u00a0profond\u00a0\u00bb de Poutine est de soumettre les Europ\u00e9ens<\/p>\n<p>Cette taille serait en effet dissuasive contre tout empire mena\u00e7ant, aujourd\u2019hui la Russie de Poutine, demain les Etats-Unis d\u2019un id\u00e9ologue d\u2019extr\u00eame-droite comme son vice-pr\u00e9sident JD Vance s\u2019il venait \u00e0 succ\u00e9der \u00e0 Donald Trump. Les Europ\u00e9ens, du fait de leur r\u00e9ussite \u00e9conomique et sociale, sont devenus un objet de convoitise et m\u00eame une proie.<\/p>\n<p>Si un accord de sortie de guerre est d\u00e9sormais envisageable en Ukraine, la s\u00e9curit\u00e9 des pays europ\u00e9ens passe bien \u00e9videmment par le regroupement de ceux qui s\u2019uniront enfin pour se prot\u00e9ger. Se r\u00e9unir pour rendre caduques les menaces que Poutine et ses successeurs exercent contre \u00ab\u00a0l\u2019occident\u00a0\u00bb, contre ces Europ\u00e9ens qui constituent la v\u00e9ritable cible de celui qui se prend pour un tsar, et dont l\u2019objectif \u00ab\u00a0profond\u00a0\u00bb est de nous dominer et de nous soumettre.<\/p>\n<p><img decoding=\"async\" data-attachment-id=\"38967\" data-permalink=\"https:\/\/nepassubir.fr\/2025\/12\/13\/ukraine-sortie-de-guerre-en-vue-mais-que-fera-ensuite-la-russie\/img_4554\/\" data-orig-file=\"https:\/\/nepassubir.fr\/wp-content\/uploads\/2025\/12\/img_4554.jpeg\" data-orig-size=\"1428,1966\" data-comments-opened=\"1\" data-image-meta=\"{&quot;aperture&quot;:&quot;0&quot;,&quot;credit&quot;:&quot;&quot;,&quot;camera&quot;:&quot;&quot;,&quot;caption&quot;:&quot;&quot;,&quot;created_timestamp&quot;:&quot;0&quot;,&quot;copyright&quot;:&quot;&quot;,&quot;focal_length&quot;:&quot;0&quot;,&quot;iso&quot;:&quot;0&quot;,&quot;shutter_speed&quot;:&quot;0&quot;,&quot;title&quot;:&quot;&quot;,&quot;orientation&quot;:&quot;1&quot;}\" data-image-title=\"IMG_4554\" data-image-description=\"\" data-image-caption=\"\" data-medium-file=\"https:\/\/nepassubir.fr\/wp-content\/uploads\/2025\/12\/img_4554.jpeg?w=218\" data-large-file=\"https:\/\/www.europesays.com\/fr\/wp-content\/uploads\/2025\/12\/img_4554.jpeg\" loading=\"lazy\" width=\"744\" height=\"1024\" src=\"https:\/\/www.europesays.com\/fr\/wp-content\/uploads\/2025\/12\/img_4554.jpeg\" alt=\"\" class=\"wp-image-38967\"  \/>Le Monde<\/p>\n<p>Pour approfondir,<\/p>\n<blockquote class=\"wp-block-quote is-layout-flow wp-block-quote-is-layout-flow\">\n<p><strong><a href=\"https:\/\/nepassubir.fr\/wp-content\/uploads\/2025\/12\/lukraine-est-prete-a-envisager-une-zone-demilitarisee-dans-le-donbass-une-conc.pdf\" target=\"_blank\" rel=\"noopener\">L\u2019Ukraine est pr\u00eate \u00e0 envisager une zone d\u00e9militaris\u00e9e dans le Donbass, une concession majeure pour mettre fin \u00e0 la guerre<\/a><\/strong>, par\u00a0Claire Gatinois et Philippe Ricard<\/p>\n<\/blockquote>\n<blockquote class=\"wp-block-quote is-layout-flow wp-block-quote-is-layout-flow\">\n<p><strong><a href=\"https:\/\/nepassubir.fr\/wp-content\/uploads\/2025\/12\/pourquoi-lue-a-decide-de-geler-les-actifs-souverains-russes-en-europe-jusqua-l.pdf\" target=\"_blank\" rel=\"noopener\">\u00ab L\u2019offensive trumpiste pose un double d\u00e9fi \u00e0 l\u2019Europe, s\u00e9curitaire et id\u00e9ologique. Le plus dangereux est le second \u00bb<\/a><\/strong>, par Sylvie Kauffmann<\/p>\n<\/blockquote>\n<blockquote class=\"wp-block-quote is-layout-flow wp-block-quote-is-layout-flow\">\n<p><strong><a href=\"https:\/\/nepassubir.fr\/wp-content\/uploads\/2025\/12\/loffensive-trumpiste-pose-un-double-defi-a-leurope-securitaire-et-ideologiq.pdf\" target=\"_blank\" rel=\"noopener\">Pourquoi l\u2019UE a d\u00e9cid\u00e9 de geler les actifs souverains russes en Europe jusqu\u2019\u00e0 la fin de la guerre en Ukraine<\/a><\/strong>, par Virginie Malingre<\/p>\n<\/blockquote>\n<p>\tEn savoir plus sur Guillaume Ancel &#8211; Ne pas subir<\/p>\n<p class=\"has-text-align-center\" style=\"margin-top:10px;margin-bottom:10px;font-size:15px\">Abonnez-vous pour recevoir les derniers articles par e-mail.<\/p>\n<p>\n\t\t\t<strong>Publi\u00e9<\/strong><br \/>\n\t\t\t13 d\u00e9cembre 2025\t\t<\/p>\n","protected":false},"excerpt":{"rendered":"La n\u00e9gociation sur un accord de \u00ab\u00a0fin de guerre\u00a0\u00bb en Ukraine avance au forceps, sous la pression d\u00e9s\u00e9quilibr\u00e9e&hellip;\n","protected":false},"author":2,"featured_media":596735,"comment_status":"","ping_status":"","sticky":false,"template":"","format":"standard","meta":{"footnotes":""},"categories":[1591],"tags":[11,1887,12,1885,1886,132],"class_list":{"0":"post-596734","1":"post","2":"type-post","3":"status-publish","4":"format-standard","5":"has-post-thumbnail","7":"category-russie","8":"tag-actualites","9":"tag-federation-de-russie","10":"tag-news","11":"tag-russia","12":"tag-russian-federation","13":"tag-russie"},"share_on_mastodon":{"url":"https:\/\/pubeurope.com\/@fr\/115711922344089242","error":""},"_links":{"self":[{"href":"https:\/\/www.europesays.com\/fr\/wp-json\/wp\/v2\/posts\/596734","targetHints":{"allow":["GET"]}}],"collection":[{"href":"https:\/\/www.europesays.com\/fr\/wp-json\/wp\/v2\/posts"}],"about":[{"href":"https:\/\/www.europesays.com\/fr\/wp-json\/wp\/v2\/types\/post"}],"author":[{"embeddable":true,"href":"https:\/\/www.europesays.com\/fr\/wp-json\/wp\/v2\/users\/2"}],"replies":[{"embeddable":true,"href":"https:\/\/www.europesays.com\/fr\/wp-json\/wp\/v2\/comments?post=596734"}],"version-history":[{"count":0,"href":"https:\/\/www.europesays.com\/fr\/wp-json\/wp\/v2\/posts\/596734\/revisions"}],"wp:featuredmedia":[{"embeddable":true,"href":"https:\/\/www.europesays.com\/fr\/wp-json\/wp\/v2\/media\/596735"}],"wp:attachment":[{"href":"https:\/\/www.europesays.com\/fr\/wp-json\/wp\/v2\/media?parent=596734"}],"wp:term":[{"taxonomy":"category","embeddable":true,"href":"https:\/\/www.europesays.com\/fr\/wp-json\/wp\/v2\/categories?post=596734"},{"taxonomy":"post_tag","embeddable":true,"href":"https:\/\/www.europesays.com\/fr\/wp-json\/wp\/v2\/tags?post=596734"}],"curies":[{"name":"wp","href":"https:\/\/api.w.org\/{rel}","templated":true}]}}