{"id":596740,"date":"2025-12-13T11:04:17","date_gmt":"2025-12-13T11:04:17","guid":{"rendered":"https:\/\/www.europesays.com\/fr\/596740\/"},"modified":"2025-12-13T11:04:17","modified_gmt":"2025-12-13T11:04:17","slug":"charles-iii-rassurant-sur-son-etat-de-sante","status":"publish","type":"post","link":"https:\/\/www.europesays.com\/fr\/596740\/","title":{"rendered":"Charles III rassurant sur son \u00e9tat de sant\u00e9"},"content":{"rendered":"<p>      lire plus tard<\/p>\n<p id=\"dialog__title\" class=\"dialog__title\">Pour sauvegarder cet article, connectez-vous ou cr\u00e9ez un compte franceinfo<\/p>\n<p class=\"dialog__description\">Sans paiement. Sans abonnement.<\/p>\n<p>        Fermer la fen\u00eatre d\u2019activation des notifications France Info<\/p>\n<p>      cr\u00e9er votre compte<\/p>\n<p>      se connecter<\/p>\n<p>      :<\/p>\n<p>        Fermer la fen\u00eatre de pr\u00e9sentation<\/p>\n<p>    Publi\u00e9 le 13\/12\/2025 11:31<\/p>\n<p>        Temps de lecture : 1min &#8211; vid\u00e9o : 1min<\/p>\n<p>    <img decoding=\"async\" class=\"francetv-player-wrapper__image\" alt=\"Atteint d\u2019un cancer, Charles III a diffus\u00e9 un message t\u00e9l\u00e9vis\u00e9, pr\u00e9enregistr\u00e9 en novembre, pour rassurer ses concitoyens. Son traitement devrait \u00eatre bient\u00f4t all\u00e9g\u00e9.\"  width=\"432\" height=\"243\" src=\"https:\/\/www.europesays.com\/fr\/wp-content\/uploads\/2025\/12\/charles-iii-annonce-une-bonne-no-693d3ffea187c887280370.jpg\" fetchpriority=\"high\"\/><\/p>\n<p>              Atteint d\u2019un cancer, Charles III a diffus\u00e9 un message t\u00e9l\u00e9vis\u00e9, pr\u00e9enregistr\u00e9 en novembre, pour rassurer ses concitoyens. Son traitement devrait \u00eatre bient\u00f4t all\u00e9g\u00e9.<br \/>\n                    (Franceinfo)<\/p>\n<p>      1min<\/p>\n<p>\n  Atteint d\u2019un cancer, Charles III a diffus\u00e9 un message t\u00e9l\u00e9vis\u00e9, pr\u00e9enregistr\u00e9 en novembre, pour rassurer ses concitoyens. Son traitement devrait \u00eatre bient\u00f4t all\u00e9g\u00e9.\n<\/p>\n<p><strong>Ce texte correspond \u00e0 une partie de la retranscription du reportage ci-dessus. Cliquez sur la vid\u00e9o pour la regarder dans son int\u00e9gralit\u00e9.<\/strong><\/p>\n<p>\u00c0 l&rsquo;approche des f\u00eates, <a href=\"https:\/\/www.franceinfo.fr\/societe\/familles-royales\/le-roi-charles-iii-annonce-une-bonne-nouvelle-sur-son-cancer-avec-un-traitement-reduit-en-2026_7675492.html\" target=\"_blank\" rel=\"noopener\">Charles III a tenu \u00e0 diffuser une bonne nouvelle aux Britanniques<\/a>. \u00ab\u00a0Gr\u00e2ce \u00e0 un diagnostic pr\u00e9coce, une intervention efficace et le respect des prescriptions m\u00e9dicales, mon programme de traitement contre le cancer pourra \u00eatre all\u00e9g\u00e9 d\u00e8s la nouvelle ann\u00e9e\u00a0\u00bb, a-t-il d\u00e9clar\u00e9, dans un message t\u00e9l\u00e9vis\u00e9 pr\u00e9enregistr\u00e9 fin novembre.<\/p>\n<p>Le souverain de 77 ans s&rsquo;est exprim\u00e9 sur sa vie avec la maladie. Un discours diffus\u00e9 dans le cadre d&rsquo;un programme de la t\u00e9l\u00e9vision publique visant \u00e0 encourager la pr\u00e9vention du cancer et \u00e0 lever des fonds pour la recherche. \u00ab\u00a0Je sais cependant aussi que le d\u00e9pistage pr\u00e9coce est la cl\u00e9 qui peut transformer les parcours de soins, offrant un temps pr\u00e9cieux aux \u00e9quipes m\u00e9dicales et \u00e0 leurs patients. Le cadeau de l&rsquo;espoir\u00a0\u00bb, a-t-il expliqu\u00e9.<\/p>\n<p>En f\u00e9vrier 2024, \u00e0 l&rsquo;occasion d&rsquo;une intervention chirurgicale li\u00e9e \u00e0 une hypertrophie de la prostate, Charles III avait annonc\u00e9 souffrir d&rsquo;un cancer, sans pr\u00e9ciser sa nature. La fin d&rsquo;un tabou historique puisque les monarques avaient pour habitude de rester muets sur leur \u00e9tat de sant\u00e9.<\/p>\n","protected":false},"excerpt":{"rendered":"lire plus tard Pour sauvegarder cet article, connectez-vous ou cr\u00e9ez un compte franceinfo Sans paiement. Sans abonnement. Fermer&hellip;\n","protected":false},"author":2,"featured_media":596741,"comment_status":"","ping_status":"","sticky":false,"template":"","format":"standard","meta":{"footnotes":""},"categories":[1588],"tags":[11,1777,674,12,473,1853,1851,1850,1852],"class_list":{"0":"post-596740","1":"post","2":"type-post","3":"status-publish","4":"format-standard","5":"has-post-thumbnail","7":"category-royaume-uni","8":"tag-actualites","9":"tag-eu","10":"tag-europe","11":"tag-news","12":"tag-royaume-uni","13":"tag-royaume-uni-de-grande-bretagne-et-dirlande-du-nord","14":"tag-uk","15":"tag-united-kingdom","16":"tag-united-kingdom-of-great-britain-and-northern-ireland"},"share_on_mastodon":{"url":"https:\/\/pubeurope.com\/@fr\/115711933051702894","error":""},"_links":{"self":[{"href":"https:\/\/www.europesays.com\/fr\/wp-json\/wp\/v2\/posts\/596740","targetHints":{"allow":["GET"]}}],"collection":[{"href":"https:\/\/www.europesays.com\/fr\/wp-json\/wp\/v2\/posts"}],"about":[{"href":"https:\/\/www.europesays.com\/fr\/wp-json\/wp\/v2\/types\/post"}],"author":[{"embeddable":true,"href":"https:\/\/www.europesays.com\/fr\/wp-json\/wp\/v2\/users\/2"}],"replies":[{"embeddable":true,"href":"https:\/\/www.europesays.com\/fr\/wp-json\/wp\/v2\/comments?post=596740"}],"version-history":[{"count":0,"href":"https:\/\/www.europesays.com\/fr\/wp-json\/wp\/v2\/posts\/596740\/revisions"}],"wp:featuredmedia":[{"embeddable":true,"href":"https:\/\/www.europesays.com\/fr\/wp-json\/wp\/v2\/media\/596741"}],"wp:attachment":[{"href":"https:\/\/www.europesays.com\/fr\/wp-json\/wp\/v2\/media?parent=596740"}],"wp:term":[{"taxonomy":"category","embeddable":true,"href":"https:\/\/www.europesays.com\/fr\/wp-json\/wp\/v2\/categories?post=596740"},{"taxonomy":"post_tag","embeddable":true,"href":"https:\/\/www.europesays.com\/fr\/wp-json\/wp\/v2\/tags?post=596740"}],"curies":[{"name":"wp","href":"https:\/\/api.w.org\/{rel}","templated":true}]}}