{"id":596744,"date":"2025-12-13T11:06:34","date_gmt":"2025-12-13T11:06:34","guid":{"rendered":"https:\/\/www.europesays.com\/fr\/596744\/"},"modified":"2025-12-13T11:06:34","modified_gmt":"2025-12-13T11:06:34","slug":"europe-un-nouveau-reglement-de-la-honte-contre-les-exiles-la-chronique-de-francis-wurtz-13-decembre-2025","status":"publish","type":"post","link":"https:\/\/www.europesays.com\/fr\/596744\/","title":{"rendered":"Europe\u00a0: un \u00ab\u00a0nouveau r\u00e8glement de la honte\u00a0\u00bb contre les exil\u00e9s &#8211; La chronique de Francis Wurtz &#8211; 13 d\u00e9cembre 2025"},"content":{"rendered":"<p>En pleine p\u00e9riode de c\u00e9l\u00e9bration de la D\u00e9claration universelle des droits de l\u2019homme, tandis que <a href=\"https:\/\/www.humanite.fr\/monde\/donald-trump\/comment-donald-trump-favorise-les-theories-fumeuses-des-extremes-droites-europeennes-dans-sa-nouvelle-strategie-de-securite\" target=\"_blank\" rel=\"noopener\">Donald Trump pr\u00e9disait \u00e0 l\u2019Europe la perspective d\u2019un \u00ab\u00a0effacement civilisationnel\u00a0\u00bb<\/a> en raison de sa politique migratoire, pr\u00e9tendument trop laxiste, les repr\u00e9sentants du Parlement europ\u00e9en et ceux des \u00c9tats membres \u00e9taient, quant \u00e0 eux, en train de n\u00e9gocier le contenu final d\u2019une nouvelle r\u00e9forme migratoire sc\u00e9l\u00e9rate, durcissant encore les r\u00e8gles existantes, qui ne brillaient pourtant pas par leur humanit\u00e9.<\/p>\n<p>Il s\u2019agit d\u2019un r\u00e8glement destin\u00e9 \u00e0 remplacer&#8230;<\/p>\n","protected":false},"excerpt":{"rendered":"En pleine p\u00e9riode de c\u00e9l\u00e9bration de la D\u00e9claration universelle des droits de l\u2019homme, tandis que Donald Trump pr\u00e9disait&hellip;\n","protected":false},"author":2,"featured_media":4519,"comment_status":"","ping_status":"","sticky":false,"template":"","format":"standard","meta":{"footnotes":""},"categories":[1586],"tags":[11,1777,674,1011,27,12,25],"class_list":{"0":"post-596744","1":"post","2":"type-post","3":"status-publish","4":"format-standard","5":"has-post-thumbnail","7":"category-europe","8":"tag-actualites","9":"tag-eu","10":"tag-europe","11":"tag-fr","12":"tag-france","13":"tag-news","14":"tag-republique-francaise"},"share_on_mastodon":{"url":"https:\/\/pubeurope.com\/@fr\/115711940313171699","error":""},"_links":{"self":[{"href":"https:\/\/www.europesays.com\/fr\/wp-json\/wp\/v2\/posts\/596744","targetHints":{"allow":["GET"]}}],"collection":[{"href":"https:\/\/www.europesays.com\/fr\/wp-json\/wp\/v2\/posts"}],"about":[{"href":"https:\/\/www.europesays.com\/fr\/wp-json\/wp\/v2\/types\/post"}],"author":[{"embeddable":true,"href":"https:\/\/www.europesays.com\/fr\/wp-json\/wp\/v2\/users\/2"}],"replies":[{"embeddable":true,"href":"https:\/\/www.europesays.com\/fr\/wp-json\/wp\/v2\/comments?post=596744"}],"version-history":[{"count":0,"href":"https:\/\/www.europesays.com\/fr\/wp-json\/wp\/v2\/posts\/596744\/revisions"}],"wp:featuredmedia":[{"embeddable":true,"href":"https:\/\/www.europesays.com\/fr\/wp-json\/wp\/v2\/media\/4519"}],"wp:attachment":[{"href":"https:\/\/www.europesays.com\/fr\/wp-json\/wp\/v2\/media?parent=596744"}],"wp:term":[{"taxonomy":"category","embeddable":true,"href":"https:\/\/www.europesays.com\/fr\/wp-json\/wp\/v2\/categories?post=596744"},{"taxonomy":"post_tag","embeddable":true,"href":"https:\/\/www.europesays.com\/fr\/wp-json\/wp\/v2\/tags?post=596744"}],"curies":[{"name":"wp","href":"https:\/\/api.w.org\/{rel}","templated":true}]}}