{"id":596745,"date":"2025-12-13T11:07:19","date_gmt":"2025-12-13T11:07:19","guid":{"rendered":"https:\/\/www.europesays.com\/fr\/596745\/"},"modified":"2025-12-13T11:07:19","modified_gmt":"2025-12-13T11:07:19","slug":"je-nai-pas-eu-la-chance-de-lapercevoir-la-venue-de-lionel-messi-seme-le-chaos-a-calcutta-un-stade-saccage","status":"publish","type":"post","link":"https:\/\/www.europesays.com\/fr\/596745\/","title":{"rendered":"\u00ab\u00a0Je n\u2019ai pas eu la chance de l\u2019apercevoir\u00a0\u00bb\u00a0: la venue de Lionel Messi s\u00e8me le chaos \u00e0 Calcutta, un stade saccag\u00e9"},"content":{"rendered":"<p class=\"paragraph text_align_left lp-f-body-02\">La d\u00e9ception a \u00e9t\u00e9 \u00e0 la hauteur de l\u2019attente g\u00e9n\u00e9r\u00e9e. Des admirateurs venus voir en chair et en os leur idole <a href=\"https:\/\/www.leparisien.fr\/sports\/football\/lionel-messi\/\" target=\"_self\" rel=\"nofollow noopener\">Lionel Messi<\/a>, qui a d\u00e9but\u00e9 en Inde <a href=\"https:\/\/www.leparisien.fr\/sports\/football\/football-un-hommage-a-sa-hauteur-en-inde-des-fans-construisent-une-statue-de-21-metres-a-la-gloire-de-messi-12-12-2025-6HO42HG6X5CKZKAZ4O5JG26JPU.php\" target=\"_self\" rel=\"nofollow noopener\">une rare tourn\u00e9e promotionnelle dans le pays<\/a>, ont saccag\u00e9 un stade de Calcutta (est), samedi, apr\u00e8s que <a href=\"https:\/\/www.leparisien.fr\/sports\/football\/honore-par-le-president-en-avant-match-puis-buteur-la-soiree-particuliere-de-lionel-messi-en-angola-14-11-2025-3UBLBVWXEBAKDAZ74SB3RHHO74.php\" target=\"_self\" rel=\"nofollow noopener\">la superstar argentine<\/a> en a \u00e9t\u00e9 exfiltr\u00e9e. En visite jusqu\u2019\u00e0 lundi, le joueur de 38 ans, idol\u00e2tr\u00e9 en Inde o\u00f9 le football ne jouit pourtant pas d\u2019une immense popularit\u00e9, a \u00e9t\u00e9 accueilli \u00e0 son arriv\u00e9e dans l\u2019\u00c9tat du Bengale-Occidental samedi matin par des fans exub\u00e9rants qui scandaient son nom.<\/p>\n<p class=\"\">Quelques heures plus tard, des milliers de fans portant des maillots du joueur r\u00e9unis dans le stade Salt Lake de Calcutta ont \u00e9t\u00e9 frustr\u00e9s par les mesures de s\u00e9curit\u00e9 entourant la venue de Messi et la quasi-impossibilit\u00e9 de l\u2019apercevoir. Selon les m\u00e9dias locaux, <a href=\"https:\/\/www.leparisien.fr\/sports\/football\/coupe-du-monde\/largentine-championne-du-monde-messi-enfin-heritier-de-maradona-18-12-2022-IQGHFTJWBBB4HGE7STBOV7IIQY.php\" target=\"_self\" rel=\"nofollow noopener\">le champion du monde<\/a> a fait le tour du terrain en saluant la foule puis a imm\u00e9diatement quitt\u00e9 le stade, alors qu\u2019il \u00e9tait pr\u00e9vu qu\u2019il y joue quelques minutes.<\/p>\n<p>\u00ab Inorganisation dans le stade \u00bb<\/p>\n<p class=\"\">La col\u00e8re de certains fans, dont beaucoup avaient pay\u00e9 plus de 100 dollars, \u00ab un mois de salaire \u00bb pour d\u2019autres, a alors \u00e9clat\u00e9. Des si\u00e8ges arrach\u00e9s ont \u00e9t\u00e9 lanc\u00e9s sur la pelouse, ainsi que des bouteilles d\u2019eau. Puis le terrain a \u00e9t\u00e9 envahi. \u00ab Voir Messi \u00e9tait un r\u00eave. Mais je n\u2019ai pas eu la chance de l\u2019apercevoir \u00e0 cause de l\u2019inorganisation dans le stade \u00bb, a regrett\u00e9 aupr\u00e8s de l\u2019AFP un homme d\u2019affaires de 37 ans, Nabin Chatterjee.<\/p>\n<p><img decoding=\"async\" class=\"image \" loading=\"lazy\" src=\"https:\/\/www.europesays.com\/fr\/wp-content\/uploads\/2025\/12\/SZSAGZYX7FE4FJX5S2QX3IYUSY.jpg\" alt=\"Reuters\/Sahiba Chawdhary\" align=\"\" data-rubrique-principale=\"\" data-article-type=\"\" fetchpriority=\"auto\"\/>Reuters\/Sahiba Chawdhary<\/p>\n<p class=\"\">\u00ab Je suis venu avec mon fils pour voir Messi, pas des politiciens \u00bb, s\u2019est f\u00e2ch\u00e9 Ajay Shah, cit\u00e9 par l\u2019agence de presse indienne PTI, soulignant qu\u2019alors qu\u2019il n\u2019avait pu voir la star, des policiers et des militaires qui assuraient sa s\u00e9curit\u00e9 \u00ab prenaient des selfies \u00bb avec le joueur. Le chaos est d\u00fb \u00e0 \u00ab l\u2019organisation \u00bb, a-t-il accus\u00e9.<\/p>\n<p class=\"\">Accusation reprise par les autorit\u00e9s, dont la ministre en chef de l\u2019\u00c9tat du Bengale-Occidental, Mamata Banerjee, qui s\u2019est dite \u00ab choqu\u00e9e \u00bb par la mauvaise organisation. \u00ab Je pr\u00e9sente mes sinc\u00e8res excuses \u00e0 Lionel Messi ainsi qu\u2019\u00e0 tous les amoureux de sport et \u00e0 ses fans pour le malheureux incident \u00bb, a \u00e9crit Mme Banerjee sur son compte X, ajoutant qu\u2019elle avait lanc\u00e9 une enqu\u00eate sur les \u00e9v\u00e9nements. Avant sa venue au stade Salt Lake, une immense statue (21 m) de Messi brandissant la Coupe du monde a \u00e9t\u00e9 d\u00e9voil\u00e9e dans la ville. L\u2019Argentin doit poursuivre sa tourn\u00e9e \u00e0 Hyderabad, Bombay et New Delhi.<\/p>\n","protected":false},"excerpt":{"rendered":"La d\u00e9ception a \u00e9t\u00e9 \u00e0 la hauteur de l\u2019attente g\u00e9n\u00e9r\u00e9e. Des admirateurs venus voir en chair et en&hellip;\n","protected":false},"author":2,"featured_media":596746,"comment_status":"","ping_status":"","sticky":false,"template":"","format":"standard","meta":{"footnotes":""},"categories":[1586],"tags":[11,1777,674,1779,63,1011,27,12,25,60,1778,364],"class_list":{"0":"post-596745","1":"post","2":"type-post","3":"status-publish","4":"format-standard","5":"has-post-thumbnail","7":"category-europe","8":"tag-actualites","9":"tag-eu","10":"tag-europe","11":"tag-european-union","12":"tag-football","13":"tag-fr","14":"tag-france","15":"tag-news","16":"tag-republique-francaise","17":"tag-sports","18":"tag-ue","19":"tag-union-europeenne"},"share_on_mastodon":{"url":"https:\/\/pubeurope.com\/@fr\/115711944999577453","error":""},"_links":{"self":[{"href":"https:\/\/www.europesays.com\/fr\/wp-json\/wp\/v2\/posts\/596745","targetHints":{"allow":["GET"]}}],"collection":[{"href":"https:\/\/www.europesays.com\/fr\/wp-json\/wp\/v2\/posts"}],"about":[{"href":"https:\/\/www.europesays.com\/fr\/wp-json\/wp\/v2\/types\/post"}],"author":[{"embeddable":true,"href":"https:\/\/www.europesays.com\/fr\/wp-json\/wp\/v2\/users\/2"}],"replies":[{"embeddable":true,"href":"https:\/\/www.europesays.com\/fr\/wp-json\/wp\/v2\/comments?post=596745"}],"version-history":[{"count":0,"href":"https:\/\/www.europesays.com\/fr\/wp-json\/wp\/v2\/posts\/596745\/revisions"}],"wp:featuredmedia":[{"embeddable":true,"href":"https:\/\/www.europesays.com\/fr\/wp-json\/wp\/v2\/media\/596746"}],"wp:attachment":[{"href":"https:\/\/www.europesays.com\/fr\/wp-json\/wp\/v2\/media?parent=596745"}],"wp:term":[{"taxonomy":"category","embeddable":true,"href":"https:\/\/www.europesays.com\/fr\/wp-json\/wp\/v2\/categories?post=596745"},{"taxonomy":"post_tag","embeddable":true,"href":"https:\/\/www.europesays.com\/fr\/wp-json\/wp\/v2\/tags?post=596745"}],"curies":[{"name":"wp","href":"https:\/\/api.w.org\/{rel}","templated":true}]}}