{"id":596747,"date":"2025-12-13T11:08:12","date_gmt":"2025-12-13T11:08:12","guid":{"rendered":"https:\/\/www.europesays.com\/fr\/596747\/"},"modified":"2025-12-13T11:08:12","modified_gmt":"2025-12-13T11:08:12","slug":"vincent-munier-et-le-chant-des-forets-un-film-pour-ralentir-et-agir","status":"publish","type":"post","link":"https:\/\/www.europesays.com\/fr\/596747\/","title":{"rendered":"Vincent Munier et \u00ab\u00a0Le chant des for\u00eats\u00a0\u00bb : un film pour ralentir et agir"},"content":{"rendered":"<p class=\"PopSlotParagraph qg-tx2 qg-xtra-lh svelte-1r0pyek\">Le film \u00ab\u00a0Le Chant des For\u00eats\u00a0\u00bb de Vincent Munier offre une plong\u00e9e immersive et sensorielle au c\u0153ur de la nature, transcendant le documentaire animalier classique. \u00ab\u00a0On chuchote, on murmure, on se tait souvent\u00a0: on a essay\u00e9 de vous emmener au plus pr\u00e8s de la for\u00eat avec nous\u00a0\u00bb, explique le r\u00e9alisateur.<\/p>\n<p class=\"PopSlotParagraph qg-tx2 qg-xtra-lh svelte-1r0pyek\">\u00c0 travers les regards crois\u00e9s du r\u00e9alisateur, de son p\u00e8re et de son fils, le film explore la biodiversit\u00e9 des Vosges, du Jura et du Grand Nord, mettant en lumi\u00e8re la fragilit\u00e9 de ce monde face au d\u00e9r\u00e8glement climatique. L&rsquo;\u0153uvre invite \u00e0 une red\u00e9couverte de la faune et de la flore, non pas par le spectaculaire, mais par une observation lente et attentive, privil\u00e9giant l&rsquo;\u00e9coute et le ressenti.<\/p>\n<p class=\"PopSlotParagraph qg-tx2 qg-xtra-lh svelte-1r0pyek\">\u00ab\u00a0Mon fils a 12 ans,\u00a0\u00a0\u00e0 cet \u00e2ge l\u00e0, il y a cette esp\u00e8ce d&rsquo;\u00e9merveillement qui est l\u00e0, cette curiosit\u00e9, cette bienveillance envers les autres, et comment on fait pour essayer de faire en sorte que cette bienveillance ne s&rsquo;endorme pas\u00a0?\u00a0\u00bb<\/p>\n","protected":false},"excerpt":{"rendered":"Le film \u00ab\u00a0Le Chant des For\u00eats\u00a0\u00bb de Vincent Munier offre une plong\u00e9e immersive et sensorielle au c\u0153ur de&hellip;\n","protected":false},"author":2,"featured_media":596748,"comment_status":"","ping_status":"","sticky":false,"template":"","format":"standard","meta":{"footnotes":""},"categories":[2],"tags":[11,1011,27,12,25],"class_list":{"0":"post-596747","1":"post","2":"type-post","3":"status-publish","4":"format-standard","5":"has-post-thumbnail","7":"category-actualites","8":"tag-actualites","9":"tag-fr","10":"tag-france","11":"tag-news","12":"tag-republique-francaise"},"share_on_mastodon":{"url":"https:\/\/pubeurope.com\/@fr\/115711947925562924","error":""},"_links":{"self":[{"href":"https:\/\/www.europesays.com\/fr\/wp-json\/wp\/v2\/posts\/596747","targetHints":{"allow":["GET"]}}],"collection":[{"href":"https:\/\/www.europesays.com\/fr\/wp-json\/wp\/v2\/posts"}],"about":[{"href":"https:\/\/www.europesays.com\/fr\/wp-json\/wp\/v2\/types\/post"}],"author":[{"embeddable":true,"href":"https:\/\/www.europesays.com\/fr\/wp-json\/wp\/v2\/users\/2"}],"replies":[{"embeddable":true,"href":"https:\/\/www.europesays.com\/fr\/wp-json\/wp\/v2\/comments?post=596747"}],"version-history":[{"count":0,"href":"https:\/\/www.europesays.com\/fr\/wp-json\/wp\/v2\/posts\/596747\/revisions"}],"wp:featuredmedia":[{"embeddable":true,"href":"https:\/\/www.europesays.com\/fr\/wp-json\/wp\/v2\/media\/596748"}],"wp:attachment":[{"href":"https:\/\/www.europesays.com\/fr\/wp-json\/wp\/v2\/media?parent=596747"}],"wp:term":[{"taxonomy":"category","embeddable":true,"href":"https:\/\/www.europesays.com\/fr\/wp-json\/wp\/v2\/categories?post=596747"},{"taxonomy":"post_tag","embeddable":true,"href":"https:\/\/www.europesays.com\/fr\/wp-json\/wp\/v2\/tags?post=596747"}],"curies":[{"name":"wp","href":"https:\/\/api.w.org\/{rel}","templated":true}]}}