{"id":596749,"date":"2025-12-13T11:09:21","date_gmt":"2025-12-13T11:09:21","guid":{"rendered":"https:\/\/www.europesays.com\/fr\/596749\/"},"modified":"2025-12-13T11:09:21","modified_gmt":"2025-12-13T11:09:21","slug":"la-crise-setend-entre-la-chine-et-le-japon","status":"publish","type":"post","link":"https:\/\/www.europesays.com\/fr\/596749\/","title":{"rendered":"la crise s\u2019\u00e9tend entre la Chine et le Japon"},"content":{"rendered":"<p>                     <img loading=\"lazy\" decoding=\"async\" src=\"https:\/\/www.europesays.com\/fr\/wp-content\/uploads\/2025\/12\/e605746_upload-1-vi8twg34ffed-247749.jpg\" alt=\"La premi\u00e8re ministre japonaise, Sanae Takaichi, lors d\u2019une s\u00e9ance pl\u00e9ni\u00e8re de la Chambre des repr\u00e9sentants \u00e0 la Di\u00e8te nationale. A Tokyo, le 8\u00a0d\u00e9cembre 2025. \"   width=\"664\" height=\"443\"\/>    La premi\u00e8re ministre japonaise, Sanae Takaichi, lors d\u2019une s\u00e9ance pl\u00e9ni\u00e8re de la Chambre des repr\u00e9sentants \u00e0 la Di\u00e8te nationale. A Tokyo, le 8\u00a0d\u00e9cembre 2025.  KAZUHIRO NOGI\/AFP                 <\/p>\n<p class=\"article__paragraph  \">Bien qu\u2019encore tr\u00e8s ma\u00eetris\u00e9es, les d\u00e9monstrations de force montent d\u2019un cran, un\u00a0mois apr\u00e8s l\u2019ouverture d\u2019une crise diplomatique entre la Chine et le Japon. Depuis que la nouvelle premi\u00e8re ministre japonaise, Sanae\u00a0Takaichi, a d\u00e9clar\u00e9, le 7\u00a0novembre, en r\u00e9ponse \u00e0 la question d\u2019un \u00e9lu de l\u2019opposition, qu\u2019une attaque sur Ta\u00efwan \u00ab\u00a0repr\u00e9senterait une menace existentielle pour le Japon\u00a0\u00bb, P\u00e9kin ne cesse de hausser le ton. Les propos de Sanae\u00a0Takaichi signifient en effet que l\u2019Archipel envisagerait d\u2019intervenir militairement en cas d\u2019attaque ou de blocus chinois contre Ta\u00efwan, en appui d\u2019une \u00e9ventuelle intervention am\u00e9ricaine.<\/p>\n<p class=\"article__paragraph  \">La crise a pris une nouvelle dimension samedi 6\u00a0d\u00e9cembre lorsque des chasseurs J-15 du porte-avions chinois Liaoning ont verrouill\u00e9 \u00e0 deux\u00a0reprises leurs radars sur des avions japonais, une posture mena\u00e7ante. Le porte-avions, l\u2019un des trois dont dispose la Chine, a r\u00e9cemment franchi un d\u00e9troit au sud de l\u2019\u00eele d\u2019Okinawa et m\u00e8ne des entra\u00eenements dans le Pacifique, dans un contexte diplomatique d\u00e9l\u00e9t\u00e8re. Les avions japonais avaient d\u00e9coll\u00e9 en urgence d\u2019Okinawa, sur fond d\u2019accusations mutuelles de provocations.<\/p>\n<p class=\"reading-mode-only \"><strong>Il vous reste 83.77% de cet article \u00e0 lire. La suite est r\u00e9serv\u00e9e aux abonn\u00e9s.<\/strong><\/p>\n","protected":false},"excerpt":{"rendered":"La premi\u00e8re ministre japonaise, Sanae Takaichi, lors d\u2019une s\u00e9ance pl\u00e9ni\u00e8re de la Chambre des repr\u00e9sentants \u00e0 la Di\u00e8te&hellip;\n","protected":false},"author":2,"featured_media":596750,"comment_status":"","ping_status":"","sticky":false,"template":"","format":"standard","meta":{"footnotes":""},"categories":[2],"tags":[11,1011,27,12,25],"class_list":{"0":"post-596749","1":"post","2":"type-post","3":"status-publish","4":"format-standard","5":"has-post-thumbnail","7":"category-actualites","8":"tag-actualites","9":"tag-fr","10":"tag-france","11":"tag-news","12":"tag-republique-francaise"},"share_on_mastodon":{"url":"https:\/\/pubeurope.com\/@fr\/115711952954552889","error":""},"_links":{"self":[{"href":"https:\/\/www.europesays.com\/fr\/wp-json\/wp\/v2\/posts\/596749","targetHints":{"allow":["GET"]}}],"collection":[{"href":"https:\/\/www.europesays.com\/fr\/wp-json\/wp\/v2\/posts"}],"about":[{"href":"https:\/\/www.europesays.com\/fr\/wp-json\/wp\/v2\/types\/post"}],"author":[{"embeddable":true,"href":"https:\/\/www.europesays.com\/fr\/wp-json\/wp\/v2\/users\/2"}],"replies":[{"embeddable":true,"href":"https:\/\/www.europesays.com\/fr\/wp-json\/wp\/v2\/comments?post=596749"}],"version-history":[{"count":0,"href":"https:\/\/www.europesays.com\/fr\/wp-json\/wp\/v2\/posts\/596749\/revisions"}],"wp:featuredmedia":[{"embeddable":true,"href":"https:\/\/www.europesays.com\/fr\/wp-json\/wp\/v2\/media\/596750"}],"wp:attachment":[{"href":"https:\/\/www.europesays.com\/fr\/wp-json\/wp\/v2\/media?parent=596749"}],"wp:term":[{"taxonomy":"category","embeddable":true,"href":"https:\/\/www.europesays.com\/fr\/wp-json\/wp\/v2\/categories?post=596749"},{"taxonomy":"post_tag","embeddable":true,"href":"https:\/\/www.europesays.com\/fr\/wp-json\/wp\/v2\/tags?post=596749"}],"curies":[{"name":"wp","href":"https:\/\/api.w.org\/{rel}","templated":true}]}}