{"id":596751,"date":"2025-12-13T11:10:24","date_gmt":"2025-12-13T11:10:24","guid":{"rendered":"https:\/\/www.europesays.com\/fr\/596751\/"},"modified":"2025-12-13T11:10:24","modified_gmt":"2025-12-13T11:10:24","slug":"lequipe-de-france-feminine-de-biathlon-polluee-par-une-ambiance-lourde-dans-le-sillage-de-laffaire-julia-simon","status":"publish","type":"post","link":"https:\/\/www.europesays.com\/fr\/596751\/","title":{"rendered":"L\u2019\u00e9quipe de France f\u00e9minine de biathlon pollu\u00e9e par une ambiance lourde, dans le sillage de l\u2019affaire Julia Simon"},"content":{"rendered":"<p>                      <img loading=\"lazy\" decoding=\"async\" src=\"https:\/\/www.europesays.com\/fr\/wp-content\/uploads\/2025\/12\/368b68f_ftp-1-87dz5qciok3j-5664184-01-06.jpg\" alt=\"La Fran\u00e7aise Lou Jeanmonnot, lors du sprint de la Coupe du monde de biathlon \u00e0 Hochfilzen, en Autriche, le 12\u00a0d\u00e9cembre 2025. \"   width=\"664\" height=\"443\"\/>    La Fran\u00e7aise Lou Jeanmonnot, lors du sprint de la Coupe du monde de biathlon \u00e0 Hochfilzen, en Autriche, le 12\u00a0d\u00e9cembre 2025.  GEORG HOCHMUTH \/ AFP                          <\/p>\n<p class=\"article__paragraph  \">Lou Jeanmonnot r\u00eavait d\u2019\u00e9voluer au sein d\u2019une \u00e9quipe de France f\u00e9minine de biathlon unie, sereine. \u00ab\u00a0Que ce soit comme quand j\u2019\u00e9tais cadette, que j\u2019aille \u00e0 l\u2019entra\u00eenement avec des copines, et heureuse d\u2019y aller\u00a0\u00bb, a-t-elle d\u00e9velopp\u00e9, vendredi 12\u00a0d\u00e9cembre, au micro de La Cha\u00eene L\u2019Equipe, apr\u00e8s sa victoire sur le sprint de l\u2019\u00e9tape de Coupe du monde d\u2019Hochfilzen (Autriche). Mais \u00ab\u00a0ce n\u2019est pas le cas\u00a0\u00bb, pr\u00e9cisait dans la foul\u00e9e la Jurassienne de 27\u00a0ans.<\/p>\n<p>                                            Lire aussi |  <a href=\"https:\/\/www.lemonde.fr\/sport\/article\/2025\/12\/12\/la-biathlete-lou-jeanmonnot-remporte-le-sprint-d-hochfilzen-son-premier-succes-de-la-saison_6657070_3242.html\" class=\"js-article-read-also catcher--favoris__link\" data-premium=\"\" id=\"article-title-3450905\" target=\"_blank\" rel=\"noopener\">La biathl\u00e8te Lou Jeanmonnot remporte le sprint d\u2019Hochfilzen, son premier succ\u00e8s de la saison<\/a>    <\/p>\n<p>   Lire plus tard  <\/p>\n<p class=\"article__paragraph  \">Car une affaire extra-sportive,<a href=\"https:\/\/www.lemonde.fr\/sport\/article\/2023\/07\/06\/l-affaire-julia-simon-plonge-le-biathlon-francais-dans-la-crise_6180861_3242.html\" target=\"_blank\" rel=\"noopener\"> r\u00e9v\u00e9l\u00e9e d\u00e9but juillet\u00a02023<\/a>, pollue depuis plusieurs ann\u00e9es le quotidien des Bleues, sans toutefois que le sujet ne se soit invit\u00e9 jusque-l\u00e0 dans les paroles publiques des athl\u00e8tes\u00a0: le vol et l\u2019utilisation frauduleuse de la carte bancaire d\u2019une des membres du groupe, Justine Braisaz-Bouchet, par sa co\u00e9quipi\u00e8re Julia Simon, lors d\u2019un stage en Norv\u00e8ge \u00e0 l\u2019\u00e9t\u00e9 2022. Ces faits, dont a aussi \u00e9t\u00e9 victime une kin\u00e9sith\u00e9rapeute de la s\u00e9lection, la mise en cause les a longtemps ni\u00e9s, avant de les reconna\u00eetre, le 24\u00a0octobre, devant le tribunal d\u2019Albertville.<\/p>\n<p class=\"article__paragraph  \">Julia Simon ne prendra pas part au relais dames, samedi \u00e0 14\u00a0h\u00a015, dans la petite station du Tyrol. L\u2019encadrement de l\u2019\u00e9quipe de France ne l\u2019a pas retenue dans le groupe. Une d\u00e9cision logique sur le plan sportif. La d\u00e9cuple championne du monde et laur\u00e9ate du gros globe 2023 \u2013 qui sacre la meilleure biathl\u00e8te de la saison au classement g\u00e9n\u00e9ral de la Coupe du monde \u2013, a manqu\u00e9 la premi\u00e8re \u00e9tape du circuit \u00e0 Ostersund, en Su\u00e8de (du 29\u00a0novembre au 7\u00a0d\u00e9cembre). En cause\u00a0: une suspension d\u2019un mois, prononc\u00e9e par la commission de discipline de la F\u00e9d\u00e9ration fran\u00e7aise de ski, dans la foul\u00e9e de sa condamnation \u00e0 trois mois de prison avec sursis et 15\u00a0000\u00a0euros d\u2019amende dans ce dossier.<\/p>\n<p>                                       Lire aussi |  Article r\u00e9serv\u00e9 \u00e0 nos abonn\u00e9s  <a href=\"https:\/\/www.lemonde.fr\/sport\/article\/2025\/10\/24\/trois-mois-de-prison-avec-sursis-pour-la-biathlete-julia-simon-reconnue-coupable-d-avoir-vole-une-partenaire-en-equipe-de-france_6649224_3242.html\" class=\"js-article-read-also catcher--favoris__link\" data-premium=\"1\" id=\"article-title-3443809\" target=\"_blank\" rel=\"noopener\">Des aveux, trois mois de prison avec sursis et du \u00ab\u00a0flou\u00a0\u00bb\u00a0: la biathl\u00e8te Julia Simon condamn\u00e9e pour avoir vol\u00e9 une partenaire en \u00e9quipe de France<\/a>    <\/p>\n<p>   Lire plus tard  <\/p>\n<p class=\"article__paragraph  \">De retour sur la piste et le pas de tir \u00e0 Hochfilzen, elle a termin\u00e9 19e du sprint, derri\u00e8re quatre de ses compatriotes \u2013 Lou Jeanmonnot, vainqueure donc, Camille Bened (6e), Justine Braisaz-Bouchet (15e) et Jeanne Richard (16e) \u2013 s\u00e9lectionn\u00e9es pour l\u2019\u00e9preuve du jour. Et La Savoyarde conc\u00e9dait sans ambages\u00a0: \u00ab\u00a0c\u2019est difficile de r\u00e9cup\u00e9rer un train qui est d\u00e9j\u00e0 en marche. Je sens que je manque \u00e9norm\u00e9ment de rythme. J\u2019ai eu du mal \u00e0 me mettre dedans et du mal aussi \u00e0 finir. Je me suis beaucoup entra\u00een\u00e9e \u00e0 la maison, mais ce n\u2019est jamais pareil. Rien ne rivalise avec un dossard. Et tant qu\u2019on n\u2019a pas cette adr\u00e9naline et cette pression qui m\u2019a coup\u00e9 les jambes au d\u00e9but, on est dans le flou.\u00a0\u00bb<\/p>\n<p>                    \u00ab\u00a0On a appris \u00e0 faire avec\u00a0\u00bb                    <\/p>\n<p class=\"article__paragraph  \">Les Bleues semblaient avoir r\u00e9ussi, jusque-l\u00e0, \u00e0 passer outre cette affaire. Julia Simon avait bien sembl\u00e9 isol\u00e9e, le 12\u00a0f\u00e9vrier\u00a02023, lorsqu\u2019elle avait remport\u00e9 son premier titre de championne du monde de la poursuite \u00e0 d\u2019Oberhof (Thuringe), ne recevant l\u2019approbation que de la seule Sophie Chauveau, 9e ce jour-l\u00e0. Reste que l\u2019\u00e9quipe de France s\u2019\u00e9tait adjug\u00e9 les titres mondiaux en relais \u00e0 Nove Mesto, en R\u00e9publique tch\u00e8que, en\u00a02024 \u00e0 et \u00e0 Lenzerheide, en Suisse, en\u00a02025, alors que Justine Braisaz-Bouchet et elle figuraient dans le collectif.<\/p>\n<p class=\"article__paragraph  \">De quoi faire dire, d\u00e9but octobre, au patron du biathlon tricolore, St\u00e9phane Bouthiaux\u00a0: \u00ab\u00a0les filles ont \u00e9t\u00e9 suffisamment intelligentes pour mettre leurs probl\u00e8mes priv\u00e9s de c\u00f4t\u00e9 sur tous les stages et tous les entra\u00eenements et de s\u2019entra\u00eener, et de faire en sorte que sportivement parlant, \u00e7a se passe tr\u00e8s bien.\u00a0\u00bb<\/p>\n<p class=\"article__paragraph  \">Les mots de Lou Jeanmonnot ce vendredi sont pourtant venus rappeler qu\u2019une ambiance pesante perdure. \u00ab\u00a0C\u2019est lourd, ce n\u2019est pas comme \u00e7a que j\u2019aurais voulu vivre ma carri\u00e8re en \u00e9quipe de France A (\u2026) Mais on a appris \u00e0 faire avec\u00a0\u00bb, a d\u00e9clar\u00e9 celle qui a termin\u00e9 2e du classement g\u00e9n\u00e9ral des deux derni\u00e8res Coupes du monde.<\/p>\n<p class=\"article__paragraph  \">Interrog\u00e9e en marge d\u2019une session de pr\u00e9paration \u00e0 Bessans (Savoie), \u00e0 la mi-novembre, Justine Braisaz-Bouchet avait dit \u0153uvrer \u00ab\u00a0pour faire la part des choses entre le terrain et ce qui peut \u00eatre de l\u2019ordre de l\u2019extra-sportif\u00a0\u00bb. \u00ab\u00a0Ce n\u2019est pas toujours simple parce que je suis humaine et qu\u2019il y a des choses qui sont dites ou \u00e9crites qui sont injustes et mensong\u00e8res, parfois diffamatoires. \u00c7a touche sur le moment. J\u2019essaie de prendre du recul par rapport \u00e0 tout \u00e7a et je me dis que c\u2019est aussi la fa\u00e7on dont fonctionnent les r\u00e9seaux [sociaux]\u00a0\u00bb, exposait alors la championne olympique en titre de la mass-start.<\/p>\n<p> Newsletter  <\/p>\n<p> <a href=\"https:\/\/www.lemonde.fr\/newsletters\/sport\/\" class=\"inread__link js-services-inread-link\" target=\"_blank\" rel=\"noopener\">  <\/p>\n<p>\u00ab Sport \u00bb<\/p>\n<p>Enqu\u00eates, reportages, analyses : l&rsquo;actualit\u00e9 du sport dans votre bo\u00eete e-mail chaque samedi<\/p>\n<p>S&rsquo;inscrire<\/p>\n<p> <\/a>          <\/p>\n<p> Le Monde Guides d\u2019achat  <\/p>\n<p> <a href=\"https:\/\/www.lemonde.fr\/guides-d-achat\/article\/2018\/06\/30\/les-meilleurs-antivols-pour-attacher-son-velo_5323670_5306571.html\" class=\"inread__link js-services-inread-link\" target=\"_blank\" rel=\"noopener\">  <\/p>\n<p>Cadenas de v\u00e9lo<\/p>\n<p>Les meilleurs cadenas de v\u00e9lo<\/p>\n<p>Lire<\/p>\n<p> <\/a>      <\/p>\n<p> Newsletter  <\/p>\n<p> <a href=\"https:\/\/www.lemonde.fr\/newsletters\/sport\/\" class=\"inread__link js-services-inread-link\" target=\"_blank\" rel=\"noopener\">  <\/p>\n<p>\u00ab Sport \u00bb<\/p>\n<p>Enqu\u00eates, reportages, analyses : l&rsquo;actualit\u00e9 du sport dans votre bo\u00eete e-mail chaque samedi<\/p>\n<p>S&rsquo;inscrire<\/p>\n<p> <\/a>             <\/p>\n<p class=\"article__paragraph  \">C\u2019est justement ce qui semble avoir raviv\u00e9 les tensions, au point de voir Lou Jeanmonnot s\u2019exprimer directement sur le sujet\u00a0: les r\u00e9percussions sur sa co\u00e9quipi\u00e8re qui \u00ab\u00a0paie beaucoup trop cher des choses dont elle a \u00e9t\u00e9 victime \u00e0 un moment donn\u00e9\u00a0\u00bb, \u00e9voquant notamment des menaces de mort \u00e0 l\u2019encontre de la fille de Justine Braisaz-Bouchet.<\/p>\n<p class=\"article__paragraph  \">A d\u00e9faut de pouvoir d\u00e9finitivement tourner la page de \u00ab\u00a0l\u2019affaire Julia Simon\u00a0\u00bb, l\u2019\u00e9quipe de France f\u00e9minine va devoir trouver une mani\u00e8re de g\u00e9rer cette situation d\u00e9licate \u00e0 l\u2019approche des Jeux olympiques de Milan-Cortina (6 au 22\u00a0f\u00e9vrier), en Italie, pour lesquels elle peut nourrir de grandes ambitions, notamment sur le relais dames.<\/p>\n<p>                                       Lire aussi |  <a href=\"https:\/\/www.lemonde.fr\/sport\/article\/2025\/11\/29\/l-equipe-de-france-feminine-de-biathlon-remporte-le-premier-relais-de-la-saison-de-coupe-du-monde_6655374_3242.html\" class=\"js-article-read-also catcher--favoris__link\" data-premium=\"\" id=\"article-title-3448850\" target=\"_blank\" rel=\"noopener\">L\u2019\u00e9quipe de France f\u00e9minine de biathlon remporte le premier relais de la saison de Coupe du monde<\/a>    <\/p>\n<p>   Lire plus tard  <\/p>\n<p class=\"article__author-container\"> <a class=\"article__author-link\" href=\"https:\/\/www.lemonde.fr\/signataires\/service-sports\/\" target=\"_blank\" rel=\"noopener\"> Service Sports<\/a>  <\/p>\n<p>                <a href=\"https:\/\/www.lemonde.fr\/syndication\/\" class=\"reuse__content\" title=\"R\u00e9utiliser ce contenu\" target=\"_blank\" rel=\"noopener\">R\u00e9utiliser ce contenu<\/a>      <\/p>\n","protected":false},"excerpt":{"rendered":"La Fran\u00e7aise Lou Jeanmonnot, lors du sprint de la Coupe du monde de biathlon \u00e0 Hochfilzen, en Autriche,&hellip;\n","protected":false},"author":2,"featured_media":596752,"comment_status":"","ping_status":"","sticky":false,"template":"","format":"standard","meta":{"footnotes":""},"categories":[4],"tags":[11,1011,27,12,25],"class_list":{"0":"post-596751","1":"post","2":"type-post","3":"status-publish","4":"format-standard","5":"has-post-thumbnail","7":"category-france","8":"tag-actualites","9":"tag-fr","10":"tag-france","11":"tag-news","12":"tag-republique-francaise"},"share_on_mastodon":{"url":"https:\/\/pubeurope.com\/@fr\/115711957128136228","error":""},"_links":{"self":[{"href":"https:\/\/www.europesays.com\/fr\/wp-json\/wp\/v2\/posts\/596751","targetHints":{"allow":["GET"]}}],"collection":[{"href":"https:\/\/www.europesays.com\/fr\/wp-json\/wp\/v2\/posts"}],"about":[{"href":"https:\/\/www.europesays.com\/fr\/wp-json\/wp\/v2\/types\/post"}],"author":[{"embeddable":true,"href":"https:\/\/www.europesays.com\/fr\/wp-json\/wp\/v2\/users\/2"}],"replies":[{"embeddable":true,"href":"https:\/\/www.europesays.com\/fr\/wp-json\/wp\/v2\/comments?post=596751"}],"version-history":[{"count":0,"href":"https:\/\/www.europesays.com\/fr\/wp-json\/wp\/v2\/posts\/596751\/revisions"}],"wp:featuredmedia":[{"embeddable":true,"href":"https:\/\/www.europesays.com\/fr\/wp-json\/wp\/v2\/media\/596752"}],"wp:attachment":[{"href":"https:\/\/www.europesays.com\/fr\/wp-json\/wp\/v2\/media?parent=596751"}],"wp:term":[{"taxonomy":"category","embeddable":true,"href":"https:\/\/www.europesays.com\/fr\/wp-json\/wp\/v2\/categories?post=596751"},{"taxonomy":"post_tag","embeddable":true,"href":"https:\/\/www.europesays.com\/fr\/wp-json\/wp\/v2\/tags?post=596751"}],"curies":[{"name":"wp","href":"https:\/\/api.w.org\/{rel}","templated":true}]}}