{"id":596753,"date":"2025-12-13T11:11:13","date_gmt":"2025-12-13T11:11:13","guid":{"rendered":"https:\/\/www.europesays.com\/fr\/596753\/"},"modified":"2025-12-13T11:11:13","modified_gmt":"2025-12-13T11:11:13","slug":"jai-encore-un-peu-de-mal-a-y-croire","status":"publish","type":"post","link":"https:\/\/www.europesays.com\/fr\/596753\/","title":{"rendered":"\u00ab\u00a0J&rsquo;ai encore un peu de mal \u00e0 y croire\u00a0\u00bb"},"content":{"rendered":"\n<p>Nastasia Nadaud se projette dans sa vie de future joueuse du LPGA Tour  : \u00ab\u00a0J&rsquo;ai encore un peu de mal \u00e0 y croire\u00a0\u00bb<\/p>\n<p>Rentr\u00e9e d&rsquo;Alabama jeudi, une carte pour le LPGA Tour 2026 dans la poche, la Fran\u00e7aise Nastasia Nadaud se confie sur son avenir\u00a0: un repos bien m\u00e9rit\u00e9 dans l&rsquo;imm\u00e9diat, puis l&rsquo;\u00e9tablissement d&rsquo;un calendrier et \u00ab\u00a0d&rsquo;objectifs coh\u00e9rents\u00a0\u00bb pour la saison prochaine. Car la 3e \u00e0 l&rsquo;Ordre du m\u00e9rite du LET est consciente du foss\u00e9 qui s\u00e9pare le circuit europ\u00e9en de l&rsquo;\u00e9lite mondiale.<\/p>\n","protected":false},"excerpt":{"rendered":"Nastasia Nadaud se projette dans sa vie de future joueuse du LPGA Tour : \u00ab\u00a0J&rsquo;ai encore un peu&hellip;\n","protected":false},"author":2,"featured_media":596754,"comment_status":"","ping_status":"","sticky":false,"template":"","format":"standard","meta":{"footnotes":""},"categories":[1418],"tags":[1011,27,1472,60],"class_list":{"0":"post-596753","1":"post","2":"type-post","3":"status-publish","4":"format-standard","5":"has-post-thumbnail","7":"category-golf","8":"tag-fr","9":"tag-france","10":"tag-golf","11":"tag-sports"},"share_on_mastodon":{"url":"https:\/\/pubeurope.com\/@fr\/115711959595492439","error":""},"_links":{"self":[{"href":"https:\/\/www.europesays.com\/fr\/wp-json\/wp\/v2\/posts\/596753","targetHints":{"allow":["GET"]}}],"collection":[{"href":"https:\/\/www.europesays.com\/fr\/wp-json\/wp\/v2\/posts"}],"about":[{"href":"https:\/\/www.europesays.com\/fr\/wp-json\/wp\/v2\/types\/post"}],"author":[{"embeddable":true,"href":"https:\/\/www.europesays.com\/fr\/wp-json\/wp\/v2\/users\/2"}],"replies":[{"embeddable":true,"href":"https:\/\/www.europesays.com\/fr\/wp-json\/wp\/v2\/comments?post=596753"}],"version-history":[{"count":0,"href":"https:\/\/www.europesays.com\/fr\/wp-json\/wp\/v2\/posts\/596753\/revisions"}],"wp:featuredmedia":[{"embeddable":true,"href":"https:\/\/www.europesays.com\/fr\/wp-json\/wp\/v2\/media\/596754"}],"wp:attachment":[{"href":"https:\/\/www.europesays.com\/fr\/wp-json\/wp\/v2\/media?parent=596753"}],"wp:term":[{"taxonomy":"category","embeddable":true,"href":"https:\/\/www.europesays.com\/fr\/wp-json\/wp\/v2\/categories?post=596753"},{"taxonomy":"post_tag","embeddable":true,"href":"https:\/\/www.europesays.com\/fr\/wp-json\/wp\/v2\/tags?post=596753"}],"curies":[{"name":"wp","href":"https:\/\/api.w.org\/{rel}","templated":true}]}}