{"id":596761,"date":"2025-12-13T11:20:16","date_gmt":"2025-12-13T11:20:16","guid":{"rendered":"https:\/\/www.europesays.com\/fr\/596761\/"},"modified":"2025-12-13T11:20:16","modified_gmt":"2025-12-13T11:20:16","slug":"psg-mercato-luis-enrique-appelle-a-laide-une-recrue-a-prix-dor-lattend-lete-prochain","status":"publish","type":"post","link":"https:\/\/www.europesays.com\/fr\/596761\/","title":{"rendered":"PSG Mercato : Luis Enrique appelle \u00e0 l&rsquo;aide, une recrue \u00e0 prix d&rsquo;or l&rsquo;attend l&rsquo;\u00e9t\u00e9 prochain"},"content":{"rendered":"<p>Alors que le mercato d\u2019hiver approche, Luis Enrique accentue la pression sur la direction du PSG pour frapper un grand coup sur le march\u00e9. Mais en vue de l\u2019\u00e9t\u00e9 prochain, <a href=\"https:\/\/www.butfootballclub.fr\/617741-psg-mercato-paris-fonce-sur-une-star-montante-des-bleus\/\" target=\"_blank\" rel=\"noreferrer noopener\">une cible \u00e9merge d\u00e9j\u00e0 avec Michael Olise<\/a>, r\u00e9v\u00e9lation du Bayern Munich, estim\u00e9 \u00e0 plus de 100 millions d\u2019euros.<\/p>\n<p>Olise, la p\u00e9pite qui affole le mercato europ\u00e9en<\/p>\n<p>\u00c0 24 ans, Michael Olise explose tous les compteurs avec le Bayern Munich. Arriv\u00e9 \u00e0 l\u2019\u00e9t\u00e9 2024 de Crystal Palace, l\u2019ailier fran\u00e7ais r\u00e9gale : 29 buts et 37 passes d\u00e9cisives en 78 matchs avec le club allemand. Engag\u00e9 jusqu\u2019en 2029, Olise attire les regards de tout le continent gr\u00e2ce \u00e0 sa r\u00e9gularit\u00e9 et son impact dans les grands matches.<\/p>\n<p>Olise n\u2019a pas attendu pour s\u2019imposer de l\u2019autre c\u00f4t\u00e9 du Rhin. Sur cette saison, il est omnipr\u00e9sent et totalise 9 buts et 14 passes d\u00e9cisives. Son palmar\u00e8s s\u2019est d\u00e9j\u00e0 enrichi d\u2019un sacre en Bundesliga et d\u2019une Supercoupe. De plus, ses performances en \u00e9quipe de France parlent \u00e9galement pour lui, avec la Coupe du Monde en ligne de mire l\u2019\u00e9t\u00e9 prochain.<\/p>\n<p>Le PSG pr\u00eat \u00e0 rivaliser pour s\u2019offrir Olise<\/p>\n<p>Face \u00e0 une concurrence f\u00e9roce d\u2019Arsenal, Liverpool et d\u2019un g\u00e9ant espagnol, le PSG n\u2019a pas le droit \u00e0 l\u2019erreur. Selon la presse allemande, <a href=\"https:\/\/www.butfootballclub.fr\/1634245-psg-mercato-une-offre-xxl-dans-les-tuyaux-pour-recruter-un-crack\/\" target=\"_blank\" rel=\"noreferrer noopener\">le prix \u00e0 payer pourrait d\u00e9passer la barre des 100 millions d\u2019euros<\/a>. Paris joue sur sa puissance financi\u00e8re et la volont\u00e9 affich\u00e9e de son entra\u00eeneur pour essayer de s\u00e9duire Olise, mais le tempo du mercato s\u2019annonce crucial pour \u00e9viter de se faire devancer.<\/p>\n<p> Luis Enrique demande de l\u2019aide aux journalistes<\/p>\n<p>En conf\u00e9rence de presse avant de jouer Metz ce week-end, <a href=\"https:\/\/www.butfootballclub.fr\/1634039-psg-mercato-luis-enrique-fait-une-grosse-annonce-le-rc-lens-et-lom-en-panique-totale\/\" target=\"_blank\" rel=\"noreferrer noopener\">Luis Enrique a relanc\u00e9 ses r\u00e9cents propos sur le mercato<\/a> avec un nouveau message limpide : il est toujours ouvert \u00e0 du mouvement cet hiver : \u00ab\u00a0Nous sommes ouverts comme d\u2019habitude, on a une tr\u00e8s bonne direction sportive qui analyse. Il y a des blessures, on a confiance dans les titis, mais ce n\u2019est pas facile de signer un joueur dans ce mercato. Si tu connais des joueurs int\u00e9ressants et moins chers, je suis pr\u00eat \u00e0 t\u2019\u00e9couter. On analyse, nous savons o\u00f9 nous voulons aller. On est confiant et on est ouvert comme d\u2019habitude\u00a0\u00bb.<\/p>\n<p>Un joueur du calibre d\u2019Olise incarnerait la nouvelle dynamique souhait\u00e9e pour le projet parisien, sans pour autant bouleverser l\u2019\u00e9quilibre du groupe. Mais compliqu\u00e9 d\u2019imaginer \u00e7a d\u00e8s cet hiver cependant.<\/p>\n<p>Paris pr\u00eat \u00e0 tout chambouler l\u2019\u00e9t\u00e9 prochain ?<\/p>\n<p>L\u2019offensive pour Olise pourrait donner un tout nouveau visage \u00e0 l\u2019attaque parisienne la saison prochaine. Mais une clause lib\u00e9ratoire, la concurrence de Premier League et l\u2019urgence d\u2019agir compliquent le dossier. Le PSG se pr\u00e9pare \u00e0 vivre un \u00e9t\u00e9 br\u00fblant, avec l\u2019ambition de s\u2019offrir un talent dont l\u2019Europe r\u00eave d\u00e9j\u00e0. Mais chaque chose en son temps, car avant, il faudra bien pr\u00e9parer le mercato d\u2019hiver.<\/p>\n<blockquote class=\"twitter-tweet\">\n<p lang=\"fr\" dir=\"ltr\">\ud83c\udf99\ufe0fLuis Enrique \ud83c\uddea\ud83c\uddf8 sur le mercato:<\/p>\n<p>\u00ab Je vais r\u00e9p\u00e9ter ce que je dis depuis le d\u00e9but. Je suis OUVERT.<\/p>\n<p>Nous avons une tr\u00e8s bonne direction sportive qui analyse tout.<\/p>\n<p>Mais c\u2019est difficile pour nous de signer un joueur pendant ce mercato ou celui de cet \u00e9t\u00e9. <\/p>\n<p>Si tu connais quelques\u2026 <a href=\"https:\/\/t.co\/Me42hJl8oK\">pic.twitter.com\/Me42hJl8oK<\/a><\/p>\n<p>\u2014 MEGA PSG \ud83c\uddf5\ud83c\uddf8 (@MegaPSG_) <a href=\"https:\/\/twitter.com\/MegaPSG_\/status\/1999456321049878947?ref_src=twsrc%5Etfw\" target=\"_blank\" rel=\"noopener\">December 12, 2025<\/a><\/p><\/blockquote>\n<p><script async src=\"https:\/\/platform.twitter.com\/widgets.js\" charset=\"utf-8\"><\/script><\/p>\n","protected":false},"excerpt":{"rendered":"Alors que le mercato d\u2019hiver approche, Luis Enrique accentue la pression sur la direction du PSG pour frapper&hellip;\n","protected":false},"author":2,"featured_media":596762,"comment_status":"","ping_status":"","sticky":false,"template":"","format":"standard","meta":{"footnotes":""},"categories":[1410],"tags":[63,1011,27,60],"class_list":{"0":"post-596761","1":"post","2":"type-post","3":"status-publish","4":"format-standard","5":"has-post-thumbnail","7":"category-football","8":"tag-football","9":"tag-fr","10":"tag-france","11":"tag-sports"},"share_on_mastodon":{"url":"https:\/\/pubeurope.com\/@fr\/115711995042638129","error":""},"_links":{"self":[{"href":"https:\/\/www.europesays.com\/fr\/wp-json\/wp\/v2\/posts\/596761","targetHints":{"allow":["GET"]}}],"collection":[{"href":"https:\/\/www.europesays.com\/fr\/wp-json\/wp\/v2\/posts"}],"about":[{"href":"https:\/\/www.europesays.com\/fr\/wp-json\/wp\/v2\/types\/post"}],"author":[{"embeddable":true,"href":"https:\/\/www.europesays.com\/fr\/wp-json\/wp\/v2\/users\/2"}],"replies":[{"embeddable":true,"href":"https:\/\/www.europesays.com\/fr\/wp-json\/wp\/v2\/comments?post=596761"}],"version-history":[{"count":0,"href":"https:\/\/www.europesays.com\/fr\/wp-json\/wp\/v2\/posts\/596761\/revisions"}],"wp:featuredmedia":[{"embeddable":true,"href":"https:\/\/www.europesays.com\/fr\/wp-json\/wp\/v2\/media\/596762"}],"wp:attachment":[{"href":"https:\/\/www.europesays.com\/fr\/wp-json\/wp\/v2\/media?parent=596761"}],"wp:term":[{"taxonomy":"category","embeddable":true,"href":"https:\/\/www.europesays.com\/fr\/wp-json\/wp\/v2\/categories?post=596761"},{"taxonomy":"post_tag","embeddable":true,"href":"https:\/\/www.europesays.com\/fr\/wp-json\/wp\/v2\/tags?post=596761"}],"curies":[{"name":"wp","href":"https:\/\/api.w.org\/{rel}","templated":true}]}}