{"id":596763,"date":"2025-12-13T11:21:14","date_gmt":"2025-12-13T11:21:14","guid":{"rendered":"https:\/\/www.europesays.com\/fr\/596763\/"},"modified":"2025-12-13T11:21:14","modified_gmt":"2025-12-13T11:21:14","slug":"je-nai-pas-de-lecheurs-de-cul-dans-mon-entourage-doully-lhumoriste-cash-qui-nous-fait-du-bien","status":"publish","type":"post","link":"https:\/\/www.europesays.com\/fr\/596763\/","title":{"rendered":"\u00ab\u00a0Je n\u2019ai pas de l\u00e9cheurs de cul dans mon entourage\u00a0\u00bb\u00a0: Doully, l\u2019humoriste cash qui nous fait du bien"},"content":{"rendered":"<p class=\"\">Rauque et rock, elle la prom\u00e8ne depuis sa plus tendre enfance. \u00ab Je ne suis pas bourr\u00e9e, hein. \u00bb Chaque fois qu\u2019elle monte sur sc\u00e8ne, elle est oblig\u00e9e de le rappeler. Avec, dans la foul\u00e9e, toujours les m\u00eames rires de soulagement. \u00ab Tant que je ne le pr\u00e9cise pas, les gens sont sous tension \u00bb, observe la trentenaire. Une particularit\u00e9 devenue une force : son timbre \u00e0 part lui permet d\u2019envoyer les vannes comme une lettre \u00e0 la poste. \u00ab En fait, \u00e7a m\u2019aurait m\u00eame fait chier d\u2019avoir une voix aigu\u00eb \u00bb, sourit celle qui appelle ses fans tendrement \u00ab mes p\u2019tits culs \u00bb.<\/p>\n","protected":false},"excerpt":{"rendered":"Rauque et rock, elle la prom\u00e8ne depuis sa plus tendre enfance. \u00ab Je ne suis pas bourr\u00e9e, hein.&hellip;\n","protected":false},"author":2,"featured_media":596764,"comment_status":"","ping_status":"","sticky":false,"template":"","format":"standard","meta":{"footnotes":""},"categories":[1359],"tags":[1687,58,70949,70948,59,1011,27,708,973],"class_list":{"0":"post-596763","1":"post","2":"type-post","3":"status-publish","4":"format-standard","5":"has-post-thumbnail","7":"category-people","8":"tag-culture-loisirs","9":"tag-divertissement","10":"tag-doully-groland","11":"tag-doully-spectacle","12":"tag-entertainment","13":"tag-fr","14":"tag-france","15":"tag-humour","16":"tag-people"},"share_on_mastodon":{"url":"https:\/\/pubeurope.com\/@fr\/115711999138128303","error":""},"_links":{"self":[{"href":"https:\/\/www.europesays.com\/fr\/wp-json\/wp\/v2\/posts\/596763","targetHints":{"allow":["GET"]}}],"collection":[{"href":"https:\/\/www.europesays.com\/fr\/wp-json\/wp\/v2\/posts"}],"about":[{"href":"https:\/\/www.europesays.com\/fr\/wp-json\/wp\/v2\/types\/post"}],"author":[{"embeddable":true,"href":"https:\/\/www.europesays.com\/fr\/wp-json\/wp\/v2\/users\/2"}],"replies":[{"embeddable":true,"href":"https:\/\/www.europesays.com\/fr\/wp-json\/wp\/v2\/comments?post=596763"}],"version-history":[{"count":0,"href":"https:\/\/www.europesays.com\/fr\/wp-json\/wp\/v2\/posts\/596763\/revisions"}],"wp:featuredmedia":[{"embeddable":true,"href":"https:\/\/www.europesays.com\/fr\/wp-json\/wp\/v2\/media\/596764"}],"wp:attachment":[{"href":"https:\/\/www.europesays.com\/fr\/wp-json\/wp\/v2\/media?parent=596763"}],"wp:term":[{"taxonomy":"category","embeddable":true,"href":"https:\/\/www.europesays.com\/fr\/wp-json\/wp\/v2\/categories?post=596763"},{"taxonomy":"post_tag","embeddable":true,"href":"https:\/\/www.europesays.com\/fr\/wp-json\/wp\/v2\/tags?post=596763"}],"curies":[{"name":"wp","href":"https:\/\/api.w.org\/{rel}","templated":true}]}}