{"id":596773,"date":"2025-12-13T11:27:11","date_gmt":"2025-12-13T11:27:11","guid":{"rendered":"https:\/\/www.europesays.com\/fr\/596773\/"},"modified":"2025-12-13T11:27:11","modified_gmt":"2025-12-13T11:27:11","slug":"notre-maladie-est-incurable-il-faut-laccepter-le-temoignage-poignant-de-ce-salonais","status":"publish","type":"post","link":"https:\/\/www.europesays.com\/fr\/596773\/","title":{"rendered":"\u00ab\u00a0Notre maladie est incurable, il faut l&rsquo;accepter\u00a0\u00bb,\u00a0 le t\u00e9moignage poignant de ce Salonais"},"content":{"rendered":"<p>Les chiffres sont \u00e9loquents. Presque un Fran\u00e7ais sur dix serait concern\u00e9 par <a href=\"https:\/\/www.laprovence.com\/article\/sante\/49164218095478\/tremblement-essentiel-qu-est-ce-que-cette-maladie-neurologique-dont-souffre-clara-luciani\" target=\"_blank\" rel=\"noopener\">ce trouble neurologique<\/a> invalidant. Le syndrome des jambes sans repos &#8211; appel\u00e9 aussi syndrome de Willis-Ekbom, des noms de deux neurologues, l\u2019un Anglais et l\u2019autre Su\u00e9dois &#8211; se mat\u00e9rialise par un besoin incontr\u00f4l\u00e9 de bouger les jambes, surtout le soir au moment d\u2019aller au lit, et la nuit.<\/p>\n<p>Bruno Texier, 65\u00a0ans, aujourd\u2019hui \u00e0 la retraite, vit \u00e0 Salon-de-Provence. Picotements, fourmillements, d\u00e9charges \u00e9lectriques, et de fait, <a href=\"https:\/\/www.laprovence.com\/article\/sante\/6707173\/insomnie-le-mal-du-siecle.html\" target=\"_blank\" rel=\"noopener\">r\u00e9percussions sur son sommeil<\/a>, ont perturb\u00e9 durablement son quotidien. \u00ab\u00a025\u00a0ans que je souffre du syndrome des jambes sans repos sans pouvoir vraiment bien d\u00e9crire un mal comme celui-l\u00e0. Au moment m\u00eame o\u00f9 je vous parle, j\u2019ai du mal \u00e0 poser des mots\u00a0\u00bb, dit-il.<\/p>\n<p>Pour se sentir moins seul, il a adh\u00e9r\u00e9 il y a quelques ann\u00e9es \u00e0 <a href=\"https:\/\/www.france-ekbom.fr\/\" target=\"_blank\" rel=\"noopener\">l\u2019association France Ekbom<\/a>, une association qui permet avec des membres de la France enti\u00e8re d\u2019\u00e9changer sur ce sujet sensible. \u00ab\u00a0Chacun parle de son exp\u00e9rience, de son v\u00e9cu. Nos histoires se ressemblent. Ce sont les m\u00eames d\u00e9sagr\u00e9ments, les m\u00eames difficult\u00e9s \u00e0 trouver le repos. Le probl\u00e8me est neurologique et souvent combin\u00e9 avec un facteur m\u00e9tabolique, <a href=\"https:\/\/www.laprovence.com\/article\/sante\/14073762303380\/les-enfants-en-surpoids-sont-plus-a-risque-de-deficience-en-fer\" target=\"_blank\" rel=\"noopener\">une carence en fer<\/a>&#8230;.<\/p>\n","protected":false},"excerpt":{"rendered":"Les chiffres sont \u00e9loquents. Presque un Fran\u00e7ais sur dix serait concern\u00e9 par ce trouble neurologique invalidant. Le syndrome&hellip;\n","protected":false},"author":2,"featured_media":596774,"comment_status":"","ping_status":"","sticky":false,"template":"","format":"standard","meta":{"footnotes":""},"categories":[10],"tags":[17,154,1011,27,72,70950,226,14455,14159,4561,71,8063],"class_list":{"0":"post-596773","1":"post","2":"type-post","3":"status-publish","4":"format-standard","5":"has-post-thumbnail","7":"category-sante","8":"tag-17","9":"tag-des","10":"tag-fr","11":"tag-france","12":"tag-health","13":"tag-jambes","14":"tag-maladie","15":"tag-notre","16":"tag-repos","17":"tag-sans","18":"tag-sante","19":"tag-syndrome"},"share_on_mastodon":{"url":"https:\/\/pubeurope.com\/@fr\/115712022662197239","error":""},"_links":{"self":[{"href":"https:\/\/www.europesays.com\/fr\/wp-json\/wp\/v2\/posts\/596773","targetHints":{"allow":["GET"]}}],"collection":[{"href":"https:\/\/www.europesays.com\/fr\/wp-json\/wp\/v2\/posts"}],"about":[{"href":"https:\/\/www.europesays.com\/fr\/wp-json\/wp\/v2\/types\/post"}],"author":[{"embeddable":true,"href":"https:\/\/www.europesays.com\/fr\/wp-json\/wp\/v2\/users\/2"}],"replies":[{"embeddable":true,"href":"https:\/\/www.europesays.com\/fr\/wp-json\/wp\/v2\/comments?post=596773"}],"version-history":[{"count":0,"href":"https:\/\/www.europesays.com\/fr\/wp-json\/wp\/v2\/posts\/596773\/revisions"}],"wp:featuredmedia":[{"embeddable":true,"href":"https:\/\/www.europesays.com\/fr\/wp-json\/wp\/v2\/media\/596774"}],"wp:attachment":[{"href":"https:\/\/www.europesays.com\/fr\/wp-json\/wp\/v2\/media?parent=596773"}],"wp:term":[{"taxonomy":"category","embeddable":true,"href":"https:\/\/www.europesays.com\/fr\/wp-json\/wp\/v2\/categories?post=596773"},{"taxonomy":"post_tag","embeddable":true,"href":"https:\/\/www.europesays.com\/fr\/wp-json\/wp\/v2\/tags?post=596773"}],"curies":[{"name":"wp","href":"https:\/\/api.w.org\/{rel}","templated":true}]}}