{"id":596781,"date":"2025-12-13T11:32:12","date_gmt":"2025-12-13T11:32:12","guid":{"rendered":"https:\/\/www.europesays.com\/fr\/596781\/"},"modified":"2025-12-13T11:32:12","modified_gmt":"2025-12-13T11:32:12","slug":"pourquoi-votre-voiture-consomme-t-elle-toujours-plus-que-ce-quannonce-le-constructeur","status":"publish","type":"post","link":"https:\/\/www.europesays.com\/fr\/596781\/","title":{"rendered":"Pourquoi votre voiture consomme-t-elle toujours plus que ce qu&rsquo;annonce le constructeur ?"},"content":{"rendered":"<p itemprop=\"description\">Vous l&rsquo;avez s\u00fbrement remarqu\u00e9 : la<br \/>\nconsommation r\u00e9elle de votre v\u00e9hicule d\u00e9passe syst\u00e9matiquement les<br \/>\nchiffres officiels. Entre les promesses du constructeur et la<br \/>\nr\u00e9alit\u00e9 du quotidien, l&rsquo;\u00e9cart peut surprendre. Mais rassurez-vous,<br \/>\nvous n&rsquo;\u00eates ni mauvais conducteur, ni victime d&rsquo;une arnaque.<\/p>\n<p>Lorsqu\u00a0\u00bbon ach\u00e8te une voiture, le prix d&rsquo;achat n&rsquo;est que la<br \/>\npartie visible de l&rsquo;iceberg. La consommation de carburant (ou<br \/>\nd&rsquo;\u00e9lectrons, c&rsquo;est selon) figure parmi les crit\u00e8res d\u00e9cisifs, au<br \/>\nm\u00eame titre que la s\u00e9curit\u00e9, le design ou encore la puissance.<\/p>\n<p>Pourtant, une fois les cl\u00e9s en main, la d\u00e9sillusion peut<br \/>\nrapidement s&rsquo;installer : impossible d&rsquo;atteindre les chiffres de<br \/>\nconsommation affich\u00e9s par le constructeur. Cette diff\u00e9rence n&rsquo;est<br \/>\nni le fruit du hasard, ni celui d&rsquo;une manipulation d\u00e9lib\u00e9r\u00e9e, mais<br \/>\nle r\u00e9sultat d&rsquo;un syst\u00e8me d&rsquo;homologation qui, bien qu&rsquo;am\u00e9lior\u00e9 ces<br \/>\nderni\u00e8res ann\u00e9es, <strong>reste \u00e9loign\u00e9 des conditions r\u00e9elles<br \/>\nd&rsquo;utilisation<\/strong>.<\/p>\n<p>Le cycle WLTP : un progr\u00e8s, mais pas une r\u00e9volution<\/p>\n<p>Depuis 2017, l&rsquo;Union europ\u00e9enne a mis en place <a href=\"https:\/\/www.autoplus.fr\/pratique\/pourquoi-y-a-t-il-autant-decart-entre-le-cycle-wltp-et-la-realite-1319447.html\" target=\"_blank\" rel=\"noopener\"><br \/>\nle cycle WLTP<\/a> pour mesurer la consommation et les \u00e9missions des<br \/>\nv\u00e9hicules neufs. Ce protocole a remplac\u00e9 l&rsquo;ancien syst\u00e8me NEDC,<br \/>\nlargement critiqu\u00e9 pour son manque de r\u00e9alisme. L&rsquo;objectif ? Offrir<br \/>\naux clients des donn\u00e9es plus proches de leur exp\u00e9rience<br \/>\nquotidienne.<\/p>\n<p>Le WLTP se veut plus exigeant : les tests durent plus longtemps,<br \/>\nint\u00e8grent des acc\u00e9l\u00e9rations plus franches, des vitesses moyennes<br \/>\nsup\u00e9rieures et prennent en compte le poids du v\u00e9hicule, les<br \/>\npneumatiques ou encore les \u00e9quipements optionnels. Sur le papier,<br \/>\nc&rsquo;est un ind\u00e9niable progr\u00e8s. Dans la pratique, <strong>le protocole<br \/>\npr\u00e9sente encore des limites importantes<\/strong>.<\/p>\n<p>La majorit\u00e9 des mesures s&rsquo;effectuent en laboratoire, sur un banc<br \/>\nd&rsquo;essai o\u00f9 le v\u00e9hicule roule sur un cylindre, dans un environnement<br \/>\ncontr\u00f4l\u00e9 \u00e0 temp\u00e9rature et humidit\u00e9 constantes. La dur\u00e9e totale ?<br \/>\nEnviron trente minutes, r\u00e9parties en quatre phases simulant<br \/>\ndiff\u00e9rentes allures de conduite.<\/p>\n<p>Cette approche standardis\u00e9e permet certes de comparer<br \/>\nobjectivement les v\u00e9hicules entre eux, mais elle gomme la r\u00e9alit\u00e9 :<br \/>\nla route n&rsquo;est pas un laboratoire aseptis\u00e9, et nous ne faisons que<br \/>\nle constater lorsque nos experts passent les voitures au sein de<br \/>\nnotre <a href=\"https:\/\/www.autoplus.fr\/magazines\/la-semaine-du-labo-auto-plus\" target=\"_blank\" rel=\"noopener\">Labo<br \/>\nAuto Plus<\/a>.<\/p>\n<p>La vraie vie ne se d\u00e9roule pas en laboratoire<\/p>\n<p>Sur un banc d&rsquo;essai, pas de relief vallonn\u00e9, pas<br \/>\nd&#8217;embouteillages interminables, pas de vent de face. Les<br \/>\nimperfections du bitume, les al\u00e9as m\u00e9t\u00e9orologiques et la r\u00e9sistance<br \/>\na\u00e9rodynamique r\u00e9elle disparaissent comme par magie. Or, ces<br \/>\nfacteurs jouent un r\u00f4le d\u00e9terminant dans la consommation<br \/>\nquotidienne.<\/p>\n<p>Prenons un exemple concret : un conducteur poss\u00e9dant un <a href=\"https:\/\/www.autojournal.fr\/pratique\/volkswagen-taigo-plus-moins-atouts-defauts-pratique-353437.html#item=1\" target=\"_blank\" rel=\"noopener\">Volkswagen Taigo<\/a> trois cylindres<br \/>\n1,0 litre TSI essence de 116 ch en bo\u00eete DSG7 constate une<br \/>\nconsommation moyenne de 6,5 l\/100 km, alors que le constructeur<br \/>\nannonce entre 5,5 et 5,8 l\/100 km (en fonction des \u00e9quipements).<br \/>\nL&rsquo;\u00e9cart peut sembler modeste, mais la diff\u00e9rence est tout de m\u00eame<br \/>\nd&rsquo;environ un litre de carburant tous les 100 km.<\/p>\n<p>Et ce cas est loin d&rsquo;\u00eatre isol\u00e9 : <strong>la plupart des<br \/>\nautomobilistes observent un surco\u00fbt compris entre 6 et 10 % par<br \/>\nrapport aux chiffres officiels<\/strong>. Au-del\u00e0 des conditions de<br \/>\ntest, d&rsquo;autres variables entrent en jeu. L&rsquo;\u00e9tat et la pression des<br \/>\npneumatiques influencent directement la r\u00e9sistance au roulement.<br \/>\nUne galerie de toit ou un coffre charg\u00e9 modifient l&rsquo;a\u00e9rodynamisme.<br \/>\nLa climatisation, gourmande en \u00e9nergie, fait grimper la facture.<br \/>\nM\u00eame les fen\u00eatres ouvertes ont leur impact. Autant de param\u00e8tres<br \/>\nimpossibles \u00e0 standardiser dans un protocole unique.<\/p>\n<p>Votre style de conduite fait aussi la diff\u00e9rence<\/p>\n<p>Mais le facteur le plus d\u00e9terminant reste celui que vous<br \/>\ncontr\u00f4lez : <strong>votre fa\u00e7on de conduire<\/strong>. Des<br \/>\nacc\u00e9l\u00e9rations brutales, une vitesse soutenue, un usage inappropri\u00e9<br \/>\nde la bo\u00eete de vitesses peuvent faire exploser la consommation. \u00c0<br \/>\nl&rsquo;inverse, une conduite souple, anticip\u00e9e et intelligente permet<br \/>\nd&rsquo;approcher, voire parfois d&rsquo;atteindre, les chiffres th\u00e9oriques.<br \/>\nLever le pied de l&rsquo;acc\u00e9l\u00e9rateur suffisamment t\u00f4t avant un feu<br \/>\nrouge, \u00e9viter les coups de frein intempestifs, adopter le bon<br \/>\nrapport de vitesse : ces gestes simples peuvent changer la<br \/>\ndonne.<\/p>\n<p>Certains conducteurs parviennent m\u00eame \u00e0 faire mieux que les<br \/>\nchiffres officiels sur autoroute, en adoptant une allure mod\u00e9r\u00e9e et<br \/>\nconstante. Alors, les donn\u00e9es d&rsquo;homologation sont-elles pour autant<br \/>\ninutiles ? Certainement pas. Elles constituent une r\u00e9f\u00e9rence<br \/>\ncommune, <strong>un \u00e9talon permettant de comparer objectivement les<br \/>\nmod\u00e8les entre eux<\/strong>. Si un v\u00e9hicule affiche 5,00 l\/100 km et<br \/>\nun autre 7 litres, on peut raisonnablement parier que le premier<br \/>\nsera plus \u00e9conome dans des conditions r\u00e9elles similaires.<\/p>\n","protected":false},"excerpt":{"rendered":"Vous l&rsquo;avez s\u00fbrement remarqu\u00e9 : la consommation r\u00e9elle de votre v\u00e9hicule d\u00e9passe syst\u00e9matiquement les chiffres officiels. Entre les&hellip;\n","protected":false},"author":2,"featured_media":596782,"comment_status":"","ping_status":"","sticky":false,"template":"","format":"standard","meta":{"footnotes":""},"categories":[6],"tags":[35,33,34,1011,27,1638],"class_list":{"0":"post-596781","1":"post","2":"type-post","3":"status-publish","4":"format-standard","5":"has-post-thumbnail","7":"category-economie","8":"tag-business","9":"tag-economie","10":"tag-economy","11":"tag-fr","12":"tag-france","13":"tag-has_diapo"},"share_on_mastodon":{"url":"https:\/\/pubeurope.com\/@fr\/115712042303920562","error":""},"_links":{"self":[{"href":"https:\/\/www.europesays.com\/fr\/wp-json\/wp\/v2\/posts\/596781","targetHints":{"allow":["GET"]}}],"collection":[{"href":"https:\/\/www.europesays.com\/fr\/wp-json\/wp\/v2\/posts"}],"about":[{"href":"https:\/\/www.europesays.com\/fr\/wp-json\/wp\/v2\/types\/post"}],"author":[{"embeddable":true,"href":"https:\/\/www.europesays.com\/fr\/wp-json\/wp\/v2\/users\/2"}],"replies":[{"embeddable":true,"href":"https:\/\/www.europesays.com\/fr\/wp-json\/wp\/v2\/comments?post=596781"}],"version-history":[{"count":0,"href":"https:\/\/www.europesays.com\/fr\/wp-json\/wp\/v2\/posts\/596781\/revisions"}],"wp:featuredmedia":[{"embeddable":true,"href":"https:\/\/www.europesays.com\/fr\/wp-json\/wp\/v2\/media\/596782"}],"wp:attachment":[{"href":"https:\/\/www.europesays.com\/fr\/wp-json\/wp\/v2\/media?parent=596781"}],"wp:term":[{"taxonomy":"category","embeddable":true,"href":"https:\/\/www.europesays.com\/fr\/wp-json\/wp\/v2\/categories?post=596781"},{"taxonomy":"post_tag","embeddable":true,"href":"https:\/\/www.europesays.com\/fr\/wp-json\/wp\/v2\/tags?post=596781"}],"curies":[{"name":"wp","href":"https:\/\/api.w.org\/{rel}","templated":true}]}}