{"id":596783,"date":"2025-12-13T11:33:18","date_gmt":"2025-12-13T11:33:18","guid":{"rendered":"https:\/\/www.europesays.com\/fr\/596783\/"},"modified":"2025-12-13T11:33:18","modified_gmt":"2025-12-13T11:33:18","slug":"guerre-en-ukraine-la-possibilite-dune-adhesion-a-lunion-europeenne-des-2027-enoncee-dans-le-plan-de-paix-americain","status":"publish","type":"post","link":"https:\/\/www.europesays.com\/fr\/596783\/","title":{"rendered":"Guerre en Ukraine\u00a0: la possibilit\u00e9 d\u2019une adh\u00e9sion \u00e0 l\u2019Union Europ\u00e9enne d\u00e8s 2027 \u00e9nonc\u00e9e dans le plan de paix am\u00e9ricain"},"content":{"rendered":"<p>\n                                                                L\u2019adh\u00e9sion de l\u2019Ukraine \u00e0 l\u2019Union europ\u00e9enne est envisag\u00e9e d\u00e8s janvier\u00a02027 dans la derni\u00e8re version du plan de paix soutenu par les \u00c9tats-Unis pour mettre fin au conflit avec la Russie. Ce sc\u00e9nario d\u2019une adh\u00e9sion acc\u00e9l\u00e9r\u00e9e, jug\u00e9 \u00ab\u00a0sensible\u00a0\u00bb par des sources proches des n\u00e9gociations, intervient alors que le pr\u00e9sident ukrainien Volodymyr Zelensky est attendu lundi \u00e0 Berlin pour des discussions avec ses alli\u00e9s europ\u00e9ens.\n                            <\/p>\n<p>    Ce qu\u2019il faut retenir\u00a0;<\/p>\n<ul>\n<li>\n<p>L\u2019adh\u00e9sion de l\u2019Ukraine \u00e0 l\u2019Union europ\u00e9enne <strong>d\u00e8s 2027<\/strong> figure dans le plan de paix am\u00e9ricain pr\u00e9sent\u00e9 ce <strong>vendredi 12\u00a0d\u00e9cembre 2025<\/strong>, mais reste un sujet de n\u00e9gociation sensible pour les \u00c9tats membres de l\u2019UE.<\/p>\n<\/li>\n<li>\n<p>Le plan de paix, amend\u00e9 \u00e0 plusieurs reprises, est jug\u00e9 frustrant par Washington en raison du blocage sur les questions territoriales, notamment le retrait ukrainien de parties de <strong>Donetsk<\/strong>\u00a0en \u00e9change du retrait russe de petites zones conquises dans les r\u00e9gions de <strong>Soumy, Kharkiv et Dnipropetrovsk<\/strong>.<\/p>\n<\/li>\n<li>\n<p>Le pr\u00e9sident Zelensky est attendu \u00e0 <strong>Berlin<\/strong> le <strong>lundi 15\u00a0d\u00e9cembre<\/strong> pour des entretiens avec ses alli\u00e9s europ\u00e9ens, tandis que sur le front, l\u2019arm\u00e9e ukrainienne a revendiqu\u00e9 ce <strong>vendredi 12\u00a0d\u00e9cembre<\/strong> avoir repris plusieurs quartiers de la ville de <strong>Koupiansk<\/strong> (<strong>r\u00e9gion de Kharkiv<\/strong>).<\/p>\n<\/li>\n<\/ul>\n<p>Une annonce qui fait l\u2019effet d\u2019un boum. Ce vendredi 12\u00a0d\u00e9cembre 2025, un haut\u00a0responsable a annonc\u00e9 qu\u2019une\u00a0adh\u00e9sion de <a href=\"https:\/\/www.midilibre.fr\/actu\/monde\/ukraine\/\" target=\"_blank\" rel=\"noopener\">l\u2019Ukraine<\/a> \u00e0 l\u2019Union europ\u00e9enne d\u00e8s 2027 est inscrite dans le plan de paix propos\u00e9 par les \u00c9tats-Unis.<\/p>\n<p>\u00ab\u00a0C\u2019est stipul\u00e9 mais c\u2019est un sujet de n\u00e9gociation et les Am\u00e9ricains y sont favorables\u00a0\u00bb, a affirm\u00e9 le haut responsable, sous couvert d\u2019anonymat. \u00ab\u00a0C\u2019est (un dossier) sensible pour les <a href=\"https:\/\/www.midilibre.fr\/2025\/10\/21\/guerre-en-ukraine-lunion-europeenne-se-prepare-t-elle-a-entrainer-des-soldats-par-milliers-directement-en-territoire-ukrainien-13006152.php\" target=\"_blank\" rel=\"noopener\">Europ\u00e9ens<\/a>\u00ab\u00a0, a-t-il ajout\u00e9.<\/p>\n<p><a href=\"https:\/\/www.ft.com\/content\/e50481a3-161c-4002-83e4-cae0be12799e\" target=\"_blank\" rel=\"noopener\">Selon le journal britannique Financial Times<\/a>, ce point figure dans la derni\u00e8re mouture des propositions de paix pr\u00e9par\u00e9es par Ukrainiens et Europ\u00e9ens puis pr\u00e9sent\u00e9es aux n\u00e9gociateurs am\u00e9ricains.<\/p>\n<p>Une telle adh\u00e9sion, en \u00e0 peine plus d\u2019un an, semble peu probable du fait de la possible opposition, entre autres, d\u2019\u00c9tats membres de l\u2019UE aux relations tendues avec l\u2019Ukraine, comme la Hongrie.<\/p>\n<p>Un plan multi-r\u00e9vis\u00e9<\/p>\n<p>La version initiale du plan am\u00e9ricain, jug\u00e9 tr\u00e8s favorable \u00e0 Moscou, a \u00e9t\u00e9 amend\u00e9e \u00e0 plusieurs reprises par les bellig\u00e9rants. Les n\u00e9gociations bloquent en particulier sur les questions territoriales, les \u00c9tats-Unis r\u00e9clamants, assure Kiev, d\u2019importantes concessions \u00e0 l\u2019Ukraine.<\/p>\n<p>Selon M. Zelensky, Washington veut que les forces ukrainiennes se retirent de la partie de la r\u00e9gion de Donetsk (est de l\u2019Ukraine) qu\u2019elles contr\u00f4lent encore et qui est cens\u00e9e devenir une \u00ab\u00a0zone \u00e9conomique libre\u00a0\u00bb d\u00e9militaris\u00e9e, sans demander la m\u00eame chose aux troupes d\u2019occupation.<\/p>\n<p>En \u00e9change, l\u2019arm\u00e9e russe se retirerait de toutes petites zones qu\u2019elle a conquises dans les r\u00e9gions de Soumy, Kharkiv et Dnipropetrovsk (nord, nord-est et centre-est) mais conserverait des territoires plus larges dans celles de Kherson et de Zaporijjia (sud).<\/p>\n<p>Le pr\u00e9sident ukrainien a soulign\u00e9 que, dans tous les cas de figure, <a href=\"https:\/\/www.midilibre.fr\/2025\/12\/11\/guerre-en-ukraine-un-referendum-ou-une-election-pour-decider-si-des-territoires-reviendront-a-kiev-ou-a-moscou-13105284.php\" target=\"_blank\" rel=\"noopener\">une \u00ab\u00a0\u00e9lection\u00a0\u00bb ou un \u00ab\u00a0r\u00e9f\u00e9rendum\u00a0\u00bb serait n\u00e9cessaire en Ukraine pour trancher sur les questions territoriales<\/a>. En attendant, face \u00e0 la lenteur des n\u00e9gociations, le pr\u00e9sident am\u00e9ricain Donald Trump est \u00ab\u00a0extr\u00eamement frustr\u00e9 par les deux camps\u00a0\u00bb, a r\u00e9v\u00e9l\u00e9 jeudi sa porte-parole, Karoline Leavitt.<\/p>\n<p>Moscou n\u2019a pas encore vu la nouvelle version du\u00a0plan<\/p>\n<p>Pour sa part, le conseiller diplomatique du Kremlin, Iouri Ouchakov, a d\u00e9clar\u00e9 vendredi que Moscou n\u2019avait pas encore vu la nouvelle version du plan am\u00e9ricain r\u00e9vis\u00e9 par Kiev et ses alli\u00e9s europ\u00e9ens. \u00ab\u00a0Il y a beaucoup de choses qui pourraient ne pas nous plaire\u00a0\u00bb, a-t-il averti, cit\u00e9 par l\u2019agence de presse TASS.<\/p>\n<p>Zelensky attendu \u00e0 Berlin<\/p>\n<p>Lundi 15\u00a0d\u00e9cembre, Volodymyr Zelensky est attendu en Allemagne, \u00e0 Berlin <a href=\"https:\/\/www.midilibre.fr\/2025\/12\/09\/guerre-en-ukraine-face-aux-critiques-de-donald-trump-les-allies-europeens-inflexibles-sur-leur-soutien-a-zelensky-et-kiev-13099707.php\" target=\"_blank\" rel=\"noopener\">pour s\u2019entretenir de\u00a0nouveaux avec ses alli\u00e9s europ\u00e9ens.<\/a><\/p>\n<p>Les discussions pourraient entre autres porter sur l\u2019utilisation de quelque 200\u00a0milliards d\u2019actifs russes gel\u00e9s en Belgique pour financer l\u2019effort de guerre de l\u2019Ukraine et, en partie, sa reconstruction.\u00a0\u00ab\u00a0Si cela ne devait pas r\u00e9ussir, ce serait assur\u00e9ment un signal d\u00e9sastreux \u00e0 l\u2019\u00e9gard de l\u2019Ukraine [\u2026], l\u2019Europe \u00e9chouerait\u00a0\u00bb, confie une source diplomatique europ\u00e9enne.<\/p>\n<p>Les Ukrainiens n\u2019ont fait \u00ab\u00a0aucun deal\u00a0\u00bb territorial et n\u2019en \u00ab\u00a0envisagent pas aujourd\u2019hui\u00a0\u00bb, a par ailleurs <a href=\"https:\/\/www.midilibre.fr\/2025\/12\/08\/guerre-en-ukraine-macron-zelensky-et-starmer-reunis-a-londres-pour-accentuer-la-pression-sur-moscou-et-arracher-un-accord-13097037.php\" target=\"_blank\" rel=\"noopener\">insist\u00e9 la pr\u00e9sidence fran\u00e7aise<\/a>, apr\u00e8s des d\u00e9clarations de presse laissant penser que Kiev\u00a0\u00e9tait ouvert\u00a0\u00e0 une d\u00e9militarisation de territoires qu\u2019il\u00a0contr\u00f4le\u00a0encore et que les Russes r\u00e9clament.\u00a0\u00bbLes Ukrainiens n\u2019ont pas fait de deal sur les territoires, n\u2019envisagent pas aujourd\u2019hui de deal sur les territoires, n\u2019envisagent pas de DMZ (zone d\u00e9militaris\u00e9e)\u00a0\u00bb, a insist\u00e9 un conseiller du pr\u00e9sident fran\u00e7ais Emmanuel Macron.<\/p>\n<p>Sur le front<\/p>\n<p>Apr\u00e8s de longs mois de reculs face \u00e0 des troupes russes plus nombreuses, l\u2019arm\u00e9e ukrainienne a revendiqu\u00e9 vendredi 12\u00a0d\u00e9cembre une rare avanc\u00e9e. Elle a assur\u00e9 avoir repris aux Russes plusieurs quartiers de la ville cl\u00e9 de Koupiansk, dans la r\u00e9gion de Kharkiv, ainsi que deux autres localit\u00e9s proches.<\/p>\n<p>Volodymyr Zelensky a quant \u00e0 lui d\u00e9clar\u00e9 avoir rendu visite aux soldats ukrainiens dans la zone de Koupiansk et les avoir f\u00e9licit\u00e9s, dans une vid\u00e9o diffus\u00e9e vendredi dans laquelle on le voit en gilet pare-balles, devant une st\u00e8le indiquant \u00ab\u00a0Koupiansk\u00a0\u00bb.<\/p>\n<p><a href=\"https:\/\/www.midilibre.fr\/2025\/12\/01\/guerre-en-ukraine-les-troupes-russes-realisent-leur-plus-importante-progression-sur-le-territoire-ukrainien-depuis-un-an-13084094.php\" target=\"_blank\" rel=\"noopener\">Les forces russes occupent actuellement 20\u00a0% du territoire de l\u2019Ukraine<\/a>, essentiellement dans l\u2019est et le sud.<\/p>\n","protected":false},"excerpt":{"rendered":"L\u2019adh\u00e9sion de l\u2019Ukraine \u00e0 l\u2019Union europ\u00e9enne est envisag\u00e9e d\u00e8s janvier\u00a02027 dans la derni\u00e8re version du plan de paix&hellip;\n","protected":false},"author":2,"featured_media":596784,"comment_status":"","ping_status":"","sticky":false,"template":"","format":"standard","meta":{"footnotes":""},"categories":[5],"tags":[1111,11,1011,27,131,14,74,12,28],"class_list":{"0":"post-596783","1":"post","2":"type-post","3":"status-publish","4":"format-standard","5":"has-post-thumbnail","7":"category-international","8":"tag-actu","9":"tag-actualites","10":"tag-fr","11":"tag-france","12":"tag-guerre-en-ukraine","13":"tag-international","14":"tag-monde","15":"tag-news","16":"tag-world"},"share_on_mastodon":{"url":"https:\/\/pubeurope.com\/@fr\/115712046195810784","error":""},"_links":{"self":[{"href":"https:\/\/www.europesays.com\/fr\/wp-json\/wp\/v2\/posts\/596783","targetHints":{"allow":["GET"]}}],"collection":[{"href":"https:\/\/www.europesays.com\/fr\/wp-json\/wp\/v2\/posts"}],"about":[{"href":"https:\/\/www.europesays.com\/fr\/wp-json\/wp\/v2\/types\/post"}],"author":[{"embeddable":true,"href":"https:\/\/www.europesays.com\/fr\/wp-json\/wp\/v2\/users\/2"}],"replies":[{"embeddable":true,"href":"https:\/\/www.europesays.com\/fr\/wp-json\/wp\/v2\/comments?post=596783"}],"version-history":[{"count":0,"href":"https:\/\/www.europesays.com\/fr\/wp-json\/wp\/v2\/posts\/596783\/revisions"}],"wp:featuredmedia":[{"embeddable":true,"href":"https:\/\/www.europesays.com\/fr\/wp-json\/wp\/v2\/media\/596784"}],"wp:attachment":[{"href":"https:\/\/www.europesays.com\/fr\/wp-json\/wp\/v2\/media?parent=596783"}],"wp:term":[{"taxonomy":"category","embeddable":true,"href":"https:\/\/www.europesays.com\/fr\/wp-json\/wp\/v2\/categories?post=596783"},{"taxonomy":"post_tag","embeddable":true,"href":"https:\/\/www.europesays.com\/fr\/wp-json\/wp\/v2\/tags?post=596783"}],"curies":[{"name":"wp","href":"https:\/\/api.w.org\/{rel}","templated":true}]}}