{"id":596788,"date":"2025-12-13T11:36:42","date_gmt":"2025-12-13T11:36:42","guid":{"rendered":"https:\/\/www.europesays.com\/fr\/596788\/"},"modified":"2025-12-13T11:36:42","modified_gmt":"2025-12-13T11:36:42","slug":"saint-etienne-interpellee-apres-avoir-tente-de-voler-un-portefeuille-en-agressant-une-personne-agee","status":"publish","type":"post","link":"https:\/\/www.europesays.com\/fr\/596788\/","title":{"rendered":"Saint-Etienne. Interpell\u00e9e apr\u00e8s avoir tent\u00e9 de voler un portefeuille en agressant une personne \u00e2g\u00e9e"},"content":{"rendered":"<p>Le mardi 9\u00a0d\u00e9cembre, vers 12 heures, un \u00e9quipage de police secours se trouve en patrouille dans le centre-ville de Saint-Etienne, au niveau de la rue L\u00e9on-Nautin, quand ses membres aper\u00e7oivent une femme prendre la fuite en courant. Intrigu\u00e9s par ce comportement, les policiers d\u00e9cident de la rattraper et de l\u2019arr\u00eater.<\/p>\n<p>Selon une source polici\u00e8re, cette derni\u00e8re, \u00e2g\u00e9e de 38 ans, venait de voler le portefeuille d\u2019un homme \u00e2g\u00e9 de 75 ans qui lui avait donn\u00e9 une petite somme d\u2019argent. Elle aurait commis son m\u00e9fait en frappant sa victime au bras et dans le cou avant de la faire tomber au sol. Apr\u00e8s avoir \u00e9t\u00e9 plac\u00e9e en garde \u00e0 vue, la trentenaire a \u00e9t\u00e9 d\u00e9f\u00e9r\u00e9e et devrait \u00eatre pr\u00e9sent\u00e9e devant les services de la justice ce vendredi 12\u00a0d\u00e9cembre.<\/p>\n","protected":false},"excerpt":{"rendered":"Le mardi 9\u00a0d\u00e9cembre, vers 12 heures, un \u00e9quipage de police secours se trouve en patrouille dans le centre-ville&hellip;\n","protected":false},"author":2,"featured_media":596789,"comment_status":"","ping_status":"","sticky":false,"template":"","format":"standard","meta":{"footnotes":""},"categories":[9653],"tags":[1111,11,2430,271,272,7539,1777,674,274,1011,27,3367,12,25,4001,7538,104],"class_list":{"0":"post-596788","1":"post","2":"type-post","3":"status-publish","4":"format-standard","5":"has-post-thumbnail","7":"category-saint-etienne","8":"tag-actu","9":"tag-actualites","10":"tag-auvergne-rhone-alpes","11":"tag-crime","12":"tag-delit-et-contravention","13":"tag-edition-loire-sud","14":"tag-eu","15":"tag-europe","16":"tag-faits-divers-justice","17":"tag-fr","18":"tag-france","19":"tag-loire","20":"tag-news","21":"tag-republique-francaise","22":"tag-saint-etienne","23":"tag-saint-etienne-ville","24":"tag-societe"},"share_on_mastodon":{"url":"https:\/\/pubeurope.com\/@fr\/115712057853473023","error":""},"_links":{"self":[{"href":"https:\/\/www.europesays.com\/fr\/wp-json\/wp\/v2\/posts\/596788","targetHints":{"allow":["GET"]}}],"collection":[{"href":"https:\/\/www.europesays.com\/fr\/wp-json\/wp\/v2\/posts"}],"about":[{"href":"https:\/\/www.europesays.com\/fr\/wp-json\/wp\/v2\/types\/post"}],"author":[{"embeddable":true,"href":"https:\/\/www.europesays.com\/fr\/wp-json\/wp\/v2\/users\/2"}],"replies":[{"embeddable":true,"href":"https:\/\/www.europesays.com\/fr\/wp-json\/wp\/v2\/comments?post=596788"}],"version-history":[{"count":0,"href":"https:\/\/www.europesays.com\/fr\/wp-json\/wp\/v2\/posts\/596788\/revisions"}],"wp:featuredmedia":[{"embeddable":true,"href":"https:\/\/www.europesays.com\/fr\/wp-json\/wp\/v2\/media\/596789"}],"wp:attachment":[{"href":"https:\/\/www.europesays.com\/fr\/wp-json\/wp\/v2\/media?parent=596788"}],"wp:term":[{"taxonomy":"category","embeddable":true,"href":"https:\/\/www.europesays.com\/fr\/wp-json\/wp\/v2\/categories?post=596788"},{"taxonomy":"post_tag","embeddable":true,"href":"https:\/\/www.europesays.com\/fr\/wp-json\/wp\/v2\/tags?post=596788"}],"curies":[{"name":"wp","href":"https:\/\/api.w.org\/{rel}","templated":true}]}}