{"id":596790,"date":"2025-12-13T11:38:19","date_gmt":"2025-12-13T11:38:19","guid":{"rendered":"https:\/\/www.europesays.com\/fr\/596790\/"},"modified":"2025-12-13T11:38:19","modified_gmt":"2025-12-13T11:38:19","slug":"saint-etienne-bastia-les-compositions-probables","status":"publish","type":"post","link":"https:\/\/www.europesays.com\/fr\/596790\/","title":{"rendered":"Saint-\u00c9tienne Bastia : Les compositions probables"},"content":{"rendered":"<p style=\"text-align: justify;\"><strong>LIGUE 2 2025-2026 \u2013 Selon L\u2019\u00c9quipe, voici les compositions probables du match entre Saint-\u00c9tienne et Bastia pr\u00e9vu ce samedi.<\/strong><\/p>\n<p style=\"text-align: justify;\">Apr\u00e8s une belle s\u00e9rie de victoires, l\u2019<strong>AS Saint-\u00c9tienne<\/strong> s\u2019est inclin\u00e9 la semaine pass\u00e9e sur la pelouse de <strong>Dunkerque<\/strong>, 1 \u00e0 0. Avant cette rencontre, les <strong>St\u00e9phanois<\/strong> sont troisi\u00e8mes de <strong>Ligue<\/strong> <strong>1<\/strong> avec trois points de retard sur <strong>Troyes<\/strong>. \u00c0 domicile, l\u2019<strong>ASSE<\/strong> reste sur une victoire en Ligue 2 face \u00e0 <strong>Nancy<\/strong> sur le score de 2 \u00e0 1.<\/p>\n<p>Bastia n\u2019a rien \u00e0 perdre face \u00e0 l\u2019ASSE<\/p>\n<p style=\"text-align: justify;\"><strong>Bastia<\/strong> vit une saison tr\u00e8s compliqu\u00e9e et pointe \u00e0 la derni\u00e8re place au classement, d\u00e9j\u00e0 tr\u00e8s loin de l\u2019avant dernier. En <strong>Ligue<\/strong> <strong>2<\/strong>, les <strong>Bastiais<\/strong> restent sur des d\u00e9faites face \u00e0 <strong>Reims<\/strong>, <strong>Annecy<\/strong> et <strong>Laval<\/strong>. Les Corses se sont donn\u00e9s de l\u2019air en <strong>Coupe de France<\/strong> en passant deux tours face \u00e0 <strong>Chateau-Malo<\/strong> et <strong>Saint-Malo<\/strong>.<\/p>\n<p style=\"text-align: justify;\">Lors de la saison 2023-2024, les <strong>Verts<\/strong> avaient remport\u00e9 les deux rencontres face \u00e0 <strong>Bastia<\/strong>. L\u2019<strong>ASSE<\/strong> est favorite pour cette rencontre de Ligue 2.<\/p>\n<p>Les compositions de Saint-\u00c9tienne \u2013 Bastia<br \/>\nLa composition probable de Saint-\u00c9tienne<\/p>\n<p style=\"text-align: justify;\">Larsonneur \u2013 Appiah, Bernauer, Nad\u00e9, Old \u2013 Jaber, Miladinovic, Tardieu \u2013 Boakye, Stassin, Davitachvili<\/p>\n<p>La composition probable de Bastia<\/p>\n<p style=\"text-align: justify;\">Placide \u2013 Zilliox, Guevara, Roncaglia, Ariss \u2013 Ducrocq, Vincent, Karamoko \u2013 Sebas, Boutrah, Tomi<\/p>\n<p>Les cotes de Saint-\u00c9tienne \u2013 Bastia<\/p>\n<tr style=\"height: 16px;\">\n<td style=\"background-color: #404040; border-color: #ededed; width: 840px; text-align: left;\" colspan=\"3\"><strong><img loading=\"lazy\" decoding=\"async\" class=\"alignnone wp-image-512842 perfmatters-lazy\" alt=\"\" width=\"14\" height=\"13\" src=\"https:\/\/www.europesays.com\/fr\/wp-content\/uploads\/2025\/05\/Logo-Winamax.png\"  data-\/> Samedi 13 d\u00e9cembre, 20h00<\/strong><\/td>\n<\/tr>\n<tr style=\"height: 24px;\">\n<td style=\"background-color: #ffffff; border-color: #ededed; vertical-align: middle; text-align: center; width: 266px;\"><strong>Saint-\u00c9tienne<br \/><\/strong><a href=\"https:\/\/www.winamax.fr\/paris-sportifs\/match\/61527660?banid=33423\" class=\"su-button su-button-style-flat su-button-wide\" style=\"color:#000;background-color:#00ffcf;border-color:#00cca6;border-radius:5px\" target=\"_blank\" rel=\"noopener noreferrer\"> 1.60<\/a><\/td>\n<td style=\"background-color: #ffffff; border-color: #ededed; vertical-align: middle; text-align: center; width: 266px;\"><strong>Match nul<\/strong><br \/><a href=\"https:\/\/www.winamax.fr\/paris-sportifs\/match\/61527660?banid=33423\" class=\"su-button su-button-style-flat su-button-wide\" style=\"color:#000;background-color:#00ffcf;border-color:#00cca6;border-radius:5px\" target=\"_blank\" rel=\"noopener noreferrer\"> 3.95<\/a><\/td>\n<td style=\"background-color: #ffffff; border-color: #ededed; vertical-align: middle; text-align: center; width: 266px;\"><strong>Bastia<\/strong><br \/><a href=\"https:\/\/www.winamax.fr\/paris-sportifs\/match\/61527660?banid=33423\" class=\"su-button su-button-style-flat su-button-wide\" style=\"color:#000;background-color:#00ffcf;border-color:#00cca6;border-radius:5px\" target=\"_blank\" rel=\"noopener noreferrer\"> 4.90<\/a><\/td>\n<\/tr>\n<p style=\"text-align: justify;\">Tentez votre chance en profitant de votre <a href=\"https:\/\/www.winamax.fr\/registration\/landing\/affiliation_Bonus100?banid=33423\" target=\"_blank\" rel=\"noopener\">1er d\u00e9p\u00f4t doubl\u00e9 jusqu\u2019\u00e0 100 \u20ac<\/a> direct en paris gratuits sur Winamax !<\/p>\n","protected":false},"excerpt":{"rendered":"LIGUE 2 2025-2026 \u2013 Selon L\u2019\u00c9quipe, voici les compositions probables du match entre Saint-\u00c9tienne et Bastia pr\u00e9vu ce&hellip;\n","protected":false},"author":2,"featured_media":596791,"comment_status":"","ping_status":"","sticky":false,"template":"","format":"standard","meta":{"footnotes":""},"categories":[9653],"tags":[1111,11,2430,2113,920,1777,674,63,1011,27,12,25,4001],"class_list":{"0":"post-596790","1":"post","2":"type-post","3":"status-publish","4":"format-standard","5":"has-post-thumbnail","7":"category-saint-etienne","8":"tag-actu","9":"tag-actualites","10":"tag-auvergne-rhone-alpes","11":"tag-breve","12":"tag-dunkerque","13":"tag-eu","14":"tag-europe","15":"tag-football","16":"tag-fr","17":"tag-france","18":"tag-news","19":"tag-republique-francaise","20":"tag-saint-etienne"},"share_on_mastodon":{"url":"https:\/\/pubeurope.com\/@fr\/115712066710554234","error":""},"_links":{"self":[{"href":"https:\/\/www.europesays.com\/fr\/wp-json\/wp\/v2\/posts\/596790","targetHints":{"allow":["GET"]}}],"collection":[{"href":"https:\/\/www.europesays.com\/fr\/wp-json\/wp\/v2\/posts"}],"about":[{"href":"https:\/\/www.europesays.com\/fr\/wp-json\/wp\/v2\/types\/post"}],"author":[{"embeddable":true,"href":"https:\/\/www.europesays.com\/fr\/wp-json\/wp\/v2\/users\/2"}],"replies":[{"embeddable":true,"href":"https:\/\/www.europesays.com\/fr\/wp-json\/wp\/v2\/comments?post=596790"}],"version-history":[{"count":0,"href":"https:\/\/www.europesays.com\/fr\/wp-json\/wp\/v2\/posts\/596790\/revisions"}],"wp:featuredmedia":[{"embeddable":true,"href":"https:\/\/www.europesays.com\/fr\/wp-json\/wp\/v2\/media\/596791"}],"wp:attachment":[{"href":"https:\/\/www.europesays.com\/fr\/wp-json\/wp\/v2\/media?parent=596790"}],"wp:term":[{"taxonomy":"category","embeddable":true,"href":"https:\/\/www.europesays.com\/fr\/wp-json\/wp\/v2\/categories?post=596790"},{"taxonomy":"post_tag","embeddable":true,"href":"https:\/\/www.europesays.com\/fr\/wp-json\/wp\/v2\/tags?post=596790"}],"curies":[{"name":"wp","href":"https:\/\/api.w.org\/{rel}","templated":true}]}}