{"id":596815,"date":"2025-12-13T11:56:12","date_gmt":"2025-12-13T11:56:12","guid":{"rendered":"https:\/\/www.europesays.com\/fr\/596815\/"},"modified":"2025-12-13T11:56:12","modified_gmt":"2025-12-13T11:56:12","slug":"nice-annonce-son-prix-max-gallo","status":"publish","type":"post","link":"https:\/\/www.europesays.com\/fr\/596815\/","title":{"rendered":"Nice&#8230; annonce son Prix Max Gallo."},"content":{"rendered":"<p style=\"text-align: center;\"><img decoding=\"async\" alt=\"\" src=\"https:\/\/www.europesays.com\/fr\/wp-content\/uploads\/2025\/12\/assouline.jpg\" title=\"\"\/><\/p>\n<p>La seconde \u00e9dition du prix Max Gallo a couronn\u00e9 Pierre Assouline, de l\u2019Acad\u00e9mie Goncourt, pour son roman \u00ab\u00a0L\u2019Annonce\u00a0\u00bb, paru aux \u00e9ditions Gallimard. Cette distinction a \u00e9t\u00e9 remise au laur\u00e9at par le maire de Nice, ce vendredi dans le cadre de la Villa Mass\u00e9na, mus\u00e9e d\u2019art et d\u2019histoire de la Ville de Nice. Sous la pr\u00e9sidence d\u2019Emmanuel de Waresquiel, membre de l\u2019Institut, de l\u2019Acad\u00e9mie des sciences morales et politiques, le jury du prix Max Gallo r\u00e9unit les \u00e9crivains et historiens, Marielle Gallo, Maryvonne de Saint Pulgent, Didier Le Fur, Henri-Christian Giraud, J\u00e9r\u00e9my Guedj, et Pascal Ory, de l\u2019Acad\u00e9mie fran\u00e7aise.<\/p>\n<p>R\u00e9cit d\u2019initiation et portrait d\u2019une femme aim\u00e9e, L\u2019Annonce interroge, avec le tragique de l\u2019Histoire, ce qui subsiste de nos attachements \u00e0 travers le temps\u00a0:<\/p>\n<p>\u00ab\u00a0Ils se sont rencontr\u00e9s dans un pays en guerre. Rapha\u00ebl est Fran\u00e7ais, \u00e9tudiant \u00e0 Paris, et s\u2019est port\u00e9 volontaire pour aider Isra\u00ebl, cette jeune nation envahie par les arm\u00e9es de ses voisins. Esther est Isra\u00e9lienne, soldate, et travaille dans les services psychologiques de l\u2019Arm\u00e9e. Ils ont vingt ans et aimeraient croire que c\u2019est le plus bel \u00e2ge de la vie. Ce qu\u2019ils vont partager pendant quelques semaines modifiera \u00e0 jamais leur rapport \u00e0 la mort. C\u2019\u00e9tait \u00e0 l\u2019automne 1973 pendant la guerre du Kippour. Puis ils se sont perdus de vue, chacun dans son pays emmen\u00e9 par son destin. Jusqu\u2019\u00e0 ce que cinquante ans plus tard, jour pour jour, la guerre frappe \u00e0 nouveau\u2026\u00a0\u00bb<\/p>\n<ul>\n<li>Pierre Assouline est n\u00e9 en 1953 \u00e0 Casablanca. Il est l\u2019auteur d\u2019une quarantaine de livres, notamment dix biographies et autant de romans ainsi que des dictionnaires, des enqu\u00eates et des documents. Il est membre de l\u2019Acad\u00e9mie Goncourt depuis une quinzaine d\u2019ann\u00e9es. Journaliste, il collabore r\u00e9guli\u00e8rement \u00e0 L\u2019Histoire comme chroniqueur et membre du comit\u00e9 scientifique, au blog La R\u00e9publique des livres qu\u2019il a cr\u00e9\u00e9 en 2005, ainsi qu\u2019\u00e0 diff\u00e9rents journaux apr\u00e8s avoir longtemps dirig\u00e9 les r\u00e9dactions de Lire puis du Magazine litt\u00e9raire. Homme de radio, il produit des s\u00e9ries et des adaptations th\u00e9\u00e2trales sur France Culture. Homme de t\u00e9l\u00e9vision, il a r\u00e9alis\u00e9 des documentaires litt\u00e9raires pour Arte et LCP. Prof, il enseigne depuis vingt-cinq ans l\u2019\u00e9criture litt\u00e9raire \u00e0 Sciences Po-Paris, aux Ateliers du Figaro et parfois \u00e0 l\u2019\u00e9tranger.<\/li>\n<\/ul>\n","protected":false},"excerpt":{"rendered":"La seconde \u00e9dition du prix Max Gallo a couronn\u00e9 Pierre Assouline, de l\u2019Acad\u00e9mie Goncourt, pour son roman \u00ab\u00a0L\u2019Annonce\u00a0\u00bb,&hellip;\n","protected":false},"author":2,"featured_media":596816,"comment_status":"","ping_status":"","sticky":false,"template":"","format":"standard","meta":{"footnotes":""},"categories":[2819],"tags":[1111,47,11,1777,674,1011,27,1110,1031,12,2401,882,25],"class_list":{"0":"post-596815","1":"post","2":"type-post","3":"status-publish","4":"format-standard","5":"has-post-thumbnail","7":"category-nice","8":"tag-actu","9":"tag-actualite","10":"tag-actualites","11":"tag-eu","12":"tag-europe","13":"tag-fr","14":"tag-france","15":"tag-informations","16":"tag-magazine","17":"tag-news","18":"tag-nice","19":"tag-provence-alpes-cote-dazur","20":"tag-republique-francaise"},"share_on_mastodon":{"url":"https:\/\/pubeurope.com\/@fr\/115712137479739760","error":""},"_links":{"self":[{"href":"https:\/\/www.europesays.com\/fr\/wp-json\/wp\/v2\/posts\/596815","targetHints":{"allow":["GET"]}}],"collection":[{"href":"https:\/\/www.europesays.com\/fr\/wp-json\/wp\/v2\/posts"}],"about":[{"href":"https:\/\/www.europesays.com\/fr\/wp-json\/wp\/v2\/types\/post"}],"author":[{"embeddable":true,"href":"https:\/\/www.europesays.com\/fr\/wp-json\/wp\/v2\/users\/2"}],"replies":[{"embeddable":true,"href":"https:\/\/www.europesays.com\/fr\/wp-json\/wp\/v2\/comments?post=596815"}],"version-history":[{"count":0,"href":"https:\/\/www.europesays.com\/fr\/wp-json\/wp\/v2\/posts\/596815\/revisions"}],"wp:featuredmedia":[{"embeddable":true,"href":"https:\/\/www.europesays.com\/fr\/wp-json\/wp\/v2\/media\/596816"}],"wp:attachment":[{"href":"https:\/\/www.europesays.com\/fr\/wp-json\/wp\/v2\/media?parent=596815"}],"wp:term":[{"taxonomy":"category","embeddable":true,"href":"https:\/\/www.europesays.com\/fr\/wp-json\/wp\/v2\/categories?post=596815"},{"taxonomy":"post_tag","embeddable":true,"href":"https:\/\/www.europesays.com\/fr\/wp-json\/wp\/v2\/tags?post=596815"}],"curies":[{"name":"wp","href":"https:\/\/api.w.org\/{rel}","templated":true}]}}