{"id":596817,"date":"2025-12-13T11:57:18","date_gmt":"2025-12-13T11:57:18","guid":{"rendered":"https:\/\/www.europesays.com\/fr\/596817\/"},"modified":"2025-12-13T11:57:18","modified_gmt":"2025-12-13T11:57:18","slug":"rc-lens-ogc-nice-on-doit-tous-assumer-assure-franck-haise","status":"publish","type":"post","link":"https:\/\/www.europesays.com\/fr\/596817\/","title":{"rendered":"RC Lens &#8211; OGC Nice\u00a0: \u00ab\u00a0On doit tous assumer\u00a0\u00bb assure Franck Haise"},"content":{"rendered":"<p>Toujours englu\u00e9 dans une spirale de d\u00e9faites infernale, l&rsquo;OGC Nice se d\u00e9place ce dimanche sur la pelouse du RC Lens, leader de Ligue 1, \u00e0 l&rsquo;occasion de la 16e journ\u00e9e. Franck Hais \u00e9tait en conf\u00e9rence de presse ce samedi. Seul face aux micros puisque les joueurs n&rsquo;ont pas souhait\u00e9 s&rsquo;exprimer.<\/p>\n<p>Pas vraiment rassur\u00e9 par la huiti\u00e8me d\u00e9faite de suite jeudi face \u00e0 Braga (0-1), Franck Haise avait insist\u00e9 sur l&rsquo;\u00e9tat d&rsquo;esprit et l&rsquo;intensit\u00e9 de la seconde p\u00e9riode pour servir de base de travail et de mod\u00e8le \u00e0 ce qu&rsquo;il attend de ses joueurs pour tenter de mettre fin \u00e0 cette descente aux enfers. \u00ab\u00a0On va mettre le positif dans la s\u00e9ance vid\u00e9o et notamment cette deuxi\u00e8me mi-temps. Mais aussi le n\u00e9gatif. Il faut appuyer sur les deux aspects. Le probl\u00e8me n&rsquo;est pas tactique. On s&rsquo;est mis \u00e0 d\u00e9fendre en avan\u00e7ant. L&rsquo;ambiance est toujours aussi lourde. Je vais tenter d&rsquo;inventer un 24e levier. Mais au bout d&rsquo;un moment la r\u00e9ponse est toujours la m\u00eame. On perd. Ce que je per\u00e7ois le plus, c&rsquo;est ce manque de confiance qui fait qu&rsquo;au lieu d&rsquo;avancer, on redoute l&rsquo;erreur. C&rsquo;est flagrant. Mais \u00e0 Lens on est cens\u00e9 perdre. Alors autant faire les choses.\u00a0\u00bb<\/p>\n<p>\u00ab\u00a0Je pr\u00e9f\u00e8re quand les mecs se rebellent\u00a0\u00bb<\/p>\n<p>En octobre, le Gym avait su prendre des points face aux \u00e9quipes du haut du classement. Le RC Lens est en t\u00eate de la Ligue 1 alors le match pourrait permettre de s&rsquo;appuyer sur ces rep\u00e8res, m\u00eame si de l&rsquo;eau a coul\u00e9 sous les ponts. \u00ab\u00a0Ce n&rsquo;est pas la m\u00eame p\u00e9riode qu&rsquo;en octobre. On n&rsquo;attend pas qu&rsquo;on prenne de point \u00e0 Lens. J&rsquo;esp\u00e8re qu&rsquo;on est capable de refaire ce qu&rsquo;on avait fait. Je pr\u00e9f\u00e8re quand les mecs se rebellent. On doit tous assumer. C&rsquo;est leur d\u00e9cision de ne pas venir face \u00e0 vous ce midi. Moi aussi je pr\u00e9f\u00e8rerais \u00eatre chez moi ce midi.\u00a0\u00bb<\/p>\n<p>Les Aiglons se d\u00e9placent ce samedi dans le Pas-de-Calais priv\u00e9 de neuf \u00e9l\u00e9ments (Abdelmonem, Bombito, Dante, Youssouf, Bernardeau, Coulibaly, Boga, Moffi absents, Louchet suspendu). \u00ab\u00a0Vendredi on s&rsquo;est entrain\u00e9 avec dix jeunes de l&rsquo;acad\u00e9mie. Hicham (Boudaoui) sera dans le groupe avec nous m\u00eame s&rsquo;il n&rsquo;est pas d\u00e9barrass\u00e9 de ses douleurs. Sofiane (Diop) \u00e9tait d\u00e9\u00e7u mais il faut aussi dire que sa p\u00e9riode \u00e9tait moins bonne. Il sait faire beaucoup de choses mais il ne faut pas s&rsquo;\u00e9parpiller. J&rsquo;en ai parl\u00e9 avec lui. Il doit faire 5 mois de qualit\u00e9 avec nous.\u00a0\u00bb<\/p>\n<p>\u00ab\u00a0Il y a encore de la vie. M\u00eame avec toutes nos imperfections on a vu face \u00e0 Braga que l&rsquo;\u00e9quipe s&rsquo;accroche. Quand les 11 joueurs font les choses ensemble, \u00e7a ressemble \u00e0 quelque chose. Ce n&rsquo;est pas le syst\u00e8me qui va faire gagner les matchs. Je ne crois pas au d\u00e9clic, \u00e7a va \u00eatre un long travail.\u00a0\u00bb<\/p>\n","protected":false},"excerpt":{"rendered":"Toujours englu\u00e9 dans une spirale de d\u00e9faites infernale, l&rsquo;OGC Nice se d\u00e9place ce dimanche sur la pelouse du&hellip;\n","protected":false},"author":2,"featured_media":596818,"comment_status":"","ping_status":"","sticky":false,"template":"","format":"standard","meta":{"footnotes":""},"categories":[2819],"tags":[1111,11,1777,674,1011,27,12,2401,882,25],"class_list":{"0":"post-596817","1":"post","2":"type-post","3":"status-publish","4":"format-standard","5":"has-post-thumbnail","7":"category-nice","8":"tag-actu","9":"tag-actualites","10":"tag-eu","11":"tag-europe","12":"tag-fr","13":"tag-france","14":"tag-news","15":"tag-nice","16":"tag-provence-alpes-cote-dazur","17":"tag-republique-francaise"},"share_on_mastodon":{"url":"https:\/\/pubeurope.com\/@fr\/115712140621020791","error":""},"_links":{"self":[{"href":"https:\/\/www.europesays.com\/fr\/wp-json\/wp\/v2\/posts\/596817","targetHints":{"allow":["GET"]}}],"collection":[{"href":"https:\/\/www.europesays.com\/fr\/wp-json\/wp\/v2\/posts"}],"about":[{"href":"https:\/\/www.europesays.com\/fr\/wp-json\/wp\/v2\/types\/post"}],"author":[{"embeddable":true,"href":"https:\/\/www.europesays.com\/fr\/wp-json\/wp\/v2\/users\/2"}],"replies":[{"embeddable":true,"href":"https:\/\/www.europesays.com\/fr\/wp-json\/wp\/v2\/comments?post=596817"}],"version-history":[{"count":0,"href":"https:\/\/www.europesays.com\/fr\/wp-json\/wp\/v2\/posts\/596817\/revisions"}],"wp:featuredmedia":[{"embeddable":true,"href":"https:\/\/www.europesays.com\/fr\/wp-json\/wp\/v2\/media\/596818"}],"wp:attachment":[{"href":"https:\/\/www.europesays.com\/fr\/wp-json\/wp\/v2\/media?parent=596817"}],"wp:term":[{"taxonomy":"category","embeddable":true,"href":"https:\/\/www.europesays.com\/fr\/wp-json\/wp\/v2\/categories?post=596817"},{"taxonomy":"post_tag","embeddable":true,"href":"https:\/\/www.europesays.com\/fr\/wp-json\/wp\/v2\/tags?post=596817"}],"curies":[{"name":"wp","href":"https:\/\/api.w.org\/{rel}","templated":true}]}}