{"id":596819,"date":"2025-12-13T11:58:14","date_gmt":"2025-12-13T11:58:14","guid":{"rendered":"https:\/\/www.europesays.com\/fr\/596819\/"},"modified":"2025-12-13T11:58:14","modified_gmt":"2025-12-13T11:58:14","slug":"de-la-scene-michelet-a-portevent-le-nouveau-pavillon-se-reinvente","status":"publish","type":"post","link":"https:\/\/www.europesays.com\/fr\/596819\/","title":{"rendered":"De la Sc\u00e8ne Michelet \u00e0 Portevent, Le Nouveau Pavillon se r\u00e9invente"},"content":{"rendered":"<p>Le Nouveau Pavillon reprend vie apr\u00e8s plusieurs mois d&rsquo;interruption. L&rsquo;association s&rsquo;installe dans l&rsquo;ancienne Sc\u00e8ne Michelet, rebaptis\u00e9e Portevent, pour continuer concerts et animations musicales.<\/p>\n<p>                                                <img decoding=\"async\" loading=\"lazy\" src=\"https:\/\/www.europesays.com\/fr\/wp-content\/uploads\/2025\/12\/LQ6713574C_Portevent-Bd-Henry-Orrion-Google-Maps-12-08-2025_03_1-scaled-760x396-c-default.jpg\"   width=\"760\" height=\"396\" alt=\"Le lieu culturel D\u00e9cadanse, ex-Sc\u00e8ne Michelet, qui va devenir Portevent en janvier 2026.\" aria-describedby=\"caption-post-174396\"\/><\/p>\n<p id=\"caption-attachment-174396\" class=\"wp-caption-text\">Le lieu culturel D\u00e9cadanse, ex-Sc\u00e8ne Michelet, qui va devenir Portevent en janvier 2026. GOOGLE MAPS<\/p>\n<p>Une bonne nouvelle dans le paysage associatif local quelque peu morose de ces derniers mois. Touch\u00e9\u00a0par la baisse de plusieurs subventions et l\u2019arr\u00eat de la mise \u00e0 disposition gratuite de la r\u00e9gie de la salle Marcet \u00e0 Bouguenais, Le Nouveau Pavillon avait d\u00fb cesser ses activit\u00e9s musicales l\u2019\u00e9t\u00e9 dernier. Dans quelques semaines, l\u2019association cr\u00e9\u00e9e en 2003 va prendre un nouveau d\u00e9part en prenant ses quartiers \u00e0 l\u2019ex-Sc\u00e8ne Michelet, occup\u00e9e par D\u00e9cadanse depuis 2022 pour ce qui n\u2019\u00e9tait qu\u2019un projet \u00e9ph\u00e9m\u00e8re.<\/p>\n<p>Ainsi, apr\u00e8s plusieurs mois de travaux, Le Nouveau Pavillon a pris possession de ses nouveaux locaux du quartier Saint-F\u00e9lix \u00e0 Nantes pour se r\u00e9inventer et continuer \u00e0 proposer des concerts et manifestations touchant aux \u00ab\u00a0musiques trad\u2019actuelles\u00a0\u00bb, cr\u00e9ations musicales modernes \u00e0 base d\u2019instruments traditionnels. C\u2019est gr\u00e2ce au soutien de la Ville de Nantes et \u00e0 la volont\u00e9 du propri\u00e9taire de conserver la vocation culturelle du site que l\u2019association a pu rebondir.<\/p>\n<p>Nomm\u00e9 Portevent, le nouveau quartier g\u00e9n\u00e9ral de l\u2019\u00e9quipe du Nouveau Pavillon comprendra un bar, une terrasse ferm\u00e9e, une salle de concert et des espaces partag\u00e9s privatisables. Une diversification qui ne la fera pas d\u00e9laisser le c\u0153ur de son activit\u00e9, \u00e0 savoir la promotion et la diffusion des musiques des mondes d\u2019Europe, cr\u00e9neau de son\u00a0festival Eurofonik dont la prochaine \u00e9dition se tiendra en mars\u00a02026 dans une version all\u00e9g\u00e9e, r\u00e9invention du mod\u00e8le \u00e9conomique oblige.<\/p>\n<p>L\u2019inauguration de Portevent aura lieu les vendredi\u00a023 et samedi 24\u00a0janvier prochains. \u00c0 cette occasion, le public pourra d\u00e9couvrir ce nouvel espace de vie de quartier et assister \u00e0 diverses c\u00e9l\u00e9brations comme des concerts, rencontres et autres animations festives.<\/p>\n<p>Portevent<\/p>\n<p>Inauguration les 23 et 24\u00a0janvier 2026<\/p>\n<p>1 Bd Henry Orrion, 44000 Nantes<\/p>\n<p>02\u00a040\u00a002\u00a035\u00a016 \u2013 <strong><a href=\"https:\/\/portevent.fr\/\" target=\"_blank\" rel=\"noopener\">portevent.fr<\/a><\/strong><\/p>\n","protected":false},"excerpt":{"rendered":"Le Nouveau Pavillon reprend vie apr\u00e8s plusieurs mois d&rsquo;interruption. L&rsquo;association s&rsquo;installe dans l&rsquo;ancienne Sc\u00e8ne Michelet, rebaptis\u00e9e Portevent, pour&hellip;\n","protected":false},"author":2,"featured_media":596820,"comment_status":"","ping_status":"","sticky":false,"template":"","format":"standard","meta":{"footnotes":""},"categories":[2818],"tags":[1111,11,1777,674,1011,27,766,12,2636,25],"class_list":{"0":"post-596819","1":"post","2":"type-post","3":"status-publish","4":"format-standard","5":"has-post-thumbnail","7":"category-nantes","8":"tag-actu","9":"tag-actualites","10":"tag-eu","11":"tag-europe","12":"tag-fr","13":"tag-france","14":"tag-nantes","15":"tag-news","16":"tag-pays-de-la-loire","17":"tag-republique-francaise"},"share_on_mastodon":{"url":"https:\/\/pubeurope.com\/@fr\/115712145943448587","error":""},"_links":{"self":[{"href":"https:\/\/www.europesays.com\/fr\/wp-json\/wp\/v2\/posts\/596819","targetHints":{"allow":["GET"]}}],"collection":[{"href":"https:\/\/www.europesays.com\/fr\/wp-json\/wp\/v2\/posts"}],"about":[{"href":"https:\/\/www.europesays.com\/fr\/wp-json\/wp\/v2\/types\/post"}],"author":[{"embeddable":true,"href":"https:\/\/www.europesays.com\/fr\/wp-json\/wp\/v2\/users\/2"}],"replies":[{"embeddable":true,"href":"https:\/\/www.europesays.com\/fr\/wp-json\/wp\/v2\/comments?post=596819"}],"version-history":[{"count":0,"href":"https:\/\/www.europesays.com\/fr\/wp-json\/wp\/v2\/posts\/596819\/revisions"}],"wp:featuredmedia":[{"embeddable":true,"href":"https:\/\/www.europesays.com\/fr\/wp-json\/wp\/v2\/media\/596820"}],"wp:attachment":[{"href":"https:\/\/www.europesays.com\/fr\/wp-json\/wp\/v2\/media?parent=596819"}],"wp:term":[{"taxonomy":"category","embeddable":true,"href":"https:\/\/www.europesays.com\/fr\/wp-json\/wp\/v2\/categories?post=596819"},{"taxonomy":"post_tag","embeddable":true,"href":"https:\/\/www.europesays.com\/fr\/wp-json\/wp\/v2\/tags?post=596819"}],"curies":[{"name":"wp","href":"https:\/\/api.w.org\/{rel}","templated":true}]}}