{"id":59683,"date":"2025-04-28T16:33:09","date_gmt":"2025-04-28T16:33:09","guid":{"rendered":"https:\/\/www.europesays.com\/fr\/59683\/"},"modified":"2025-04-28T16:33:09","modified_gmt":"2025-04-28T16:33:09","slug":"narcotrafic-les-dessous-du-demantelement-de-la-coupole-mafieuse-de-la-cite-de-la-castellane-a-marseille","status":"publish","type":"post","link":"https:\/\/www.europesays.com\/fr\/59683\/","title":{"rendered":"Narcotrafic\u00a0: les dessous du d\u00e9mant\u00e8lement de la \u00ab\u00a0coupole mafieuse\u00a0\u00bb de la cit\u00e9 de la Castellane \u00e0 Marseille"},"content":{"rendered":"<p class=\"paragraph text_align_left\">\u00ab C\u2019est le premier dossier o\u00f9 nous avons travaill\u00e9 sur une coupole mafieuse. On est parti du sommet et tout le travail a consist\u00e9 \u00e0 avoir une vision panoramique, comme le font l\u2019anti-mafia ou le FBI aux \u00c9tats-Unis pour \u00e9radiquer dans toutes ses composantes une organisation criminelle \u00bb. Les d\u00e9ferrements \u00e9taient toujours en cours ce lundi apr\u00e8s le coup de filet anti-stups de la semaine derni\u00e8re dans ce vaste dossier o\u00f9 la police judiciaire et le parquet de Marseille sont persuad\u00e9s d\u2019avoir port\u00e9 un coup majeur <a href=\"https:\/\/www.leparisien.fr\/faits-divers\/marseille-21-narcotrafiquants-du-haut-du-spectre-interpelles-ce-jeudi-matin-annonce-bruno-retailleau-24-04-2025-XQDIPFGYY5A5TGIOHNUF5NLVKA.php\" target=\"_blank\" rel=\"nofollow noopener\">contre le r\u00e9seau de narcotrafic de la cit\u00e9 de la Castellane<\/a>, dans le XVIe arrondissement de Marseille. Ses ca\u00efds g\u00e8rent le point stups le plus lucratif de la ville avec un chiffre d\u2019affaires annuel estim\u00e9 \u00e0 40 millions d\u2019euros en 2023.<\/p>\n<p class=\"paragraph text_align_left\">Une vingtaine de personnes avaient \u00e9t\u00e9 interpell\u00e9es jeudi 24 avril par 170 policiers \u00e0 Marseille mais aussi en Moselle, apr\u00e8s une enqu\u00eate \u00ab exceptionnelle \u00bb de plus d\u2019un an contre \u00ab l\u2019un des clans criminels les plus puissants \u00bb de la cit\u00e9 phoc\u00e9enne.<\/p>\n<p class=\"paragraph text_align_left\">Et cette fois, ce ne sont pas les guetteurs ou les \u00ab charbonneurs \u00bb qui sont concern\u00e9s, mais le haut d\u2019une \u00ab coupole mafieuse hi\u00e9rarchis\u00e9e et structur\u00e9e \u00bb, une organisation \u00ab d\u2019un capitalisme criminel le plus bestial \u00bb, selon les mots du procureur de la R\u00e9publique de Marseille Nicolas Bessone. 23 personnes ont \u00e9t\u00e9 plac\u00e9es en garde \u00e0 vue, 16 trafiquants pr\u00e9sum\u00e9s, dont \u00ab huit grands g\u00e9rants \u00bb de points de deals, ont \u00e9t\u00e9 d\u00e9f\u00e9r\u00e9s ou \u00e9taient sur le point de l\u2019\u00eatre ce lundi et cinq d\u2019entre eux avaient d\u00e9j\u00e0 \u00e9t\u00e9 plac\u00e9s en d\u00e9tention provisoire.<\/p>\n<p class=\"paragraph text_align_left\">La Jirs de Marseille avait ouvert une enqu\u00eate du chef criminel, rarement utilis\u00e9 et puni de 30 ans de r\u00e9clusion criminelle, de \u00ab direction de groupement ayant pour objet une activit\u00e9 li\u00e9e aux stup\u00e9fiants \u00bb mais aussi de \u00ab blanchiment aggrav\u00e9 \u00bb et \u00ab association de malfaiteurs \u00bb. Au vu de l\u2019ampleur du dossier, trois magistrats instructeurs ont \u00e9t\u00e9 nomm\u00e9s.<\/p>\n<p>\u00ab Une entreprise mafieuse hi\u00e9rarchis\u00e9e, autour d\u2019un leader unique \u00bb<\/p>\n<p class=\"paragraph text_align_left\">Si les op\u00e9rations de pilonnage et \u00ab <a href=\"https:\/\/www.leparisien.fr\/faits-divers\/operations-place-nette-contre-le-trafic-de-drogue-la-banlieue-parisienne-dans-le-viseur-27-03-2024-B4NK47TQ65HV7E3OGQJTAJWIUI.php\" target=\"_blank\" rel=\"nofollow noopener\">place nette XXL<\/a> \u00bb avaient perturb\u00e9 le trafic de cette cit\u00e9 embl\u00e9matique qui abrite huit points de deal identifi\u00e9s et fait chuter le chiffre d\u2019affaires annuel \u00e0 15 millions d\u2019euros, le fonctionnement \u00ab hi\u00e9rarchis\u00e9 et structur\u00e9 du r\u00e9seau \u00bb lui avait permis de rebondir sur d\u2019autres cit\u00e9s voisines. Et de cr\u00e9er aussi des \u00ab drive \u00bb temporaires et de d\u00e9velopper des comptes Telegram pour des livraisons \u00e0 domicile. Les appartements servant de \u00ab nourrices \u00bb o\u00f9 sont stock\u00e9s la drogue avaient \u00e9t\u00e9 \u00e9galement d\u00e9localis\u00e9s.<\/p>\n<p class=\"paragraph text_align_left\">\u00ab Nous pla\u00e7ons au sommet de cette organisation Mohamed Djeha qui a \u00e9t\u00e9 arr\u00eat\u00e9 en juin 2023 en Alg\u00e9rie o\u00f9 il purge une peine et qui a \u00e9galement \u00e9t\u00e9 condamn\u00e9 \u00e0 deux peines de 10 et 30 ans de r\u00e9clusion criminelle, pr\u00e9cise Nicolas Bessone. Nous avons mis au jour une entreprise mafieuse hi\u00e9rarchis\u00e9e, autour d\u2019un leader unique. Les acteurs de l\u2019organisation semblaient \u00eatre soumis aux d\u00e9cisions prises par son fr\u00e8re Rachid Djeha et se r\u00e9f\u00e9raient quotidiennement au principal contrema\u00eetre, le DRH, qui serait le superviseur historique du trafic de la Castellane. \u00bb<\/p>\n<p class=\"paragraph text_align_left\">L\u2019information judiciaire avait \u00e9t\u00e9 ouverte en juin 2024, mais c\u2019est en janvier que l\u2019enqu\u00eate allait conna\u00eetre une acc\u00e9l\u00e9ration d\u00e9cisive. Europol, qui avait r\u00e9ussi \u00e0 craquer la messagerie crypt\u00e9e \u00ab Exclu \u00bb utilis\u00e9e par l\u2019organisation de la Castellane, remettait en effet aux enqu\u00eateurs marseillais des donn\u00e9es saisies sur des disques durs. SMS, messages vocaux, images et vid\u00e9os sans \u00e9quivoque ont livr\u00e9 aux investigateurs une vue panoramique sur les activit\u00e9s du groupe mafieux.<\/p>\n<p class=\"lp-card-podcast-highlighting__title lp-f-subtitle-05\">Le double meurtre de Montigny-l\u00e8s-Metz (2\/2)<\/p>\n<p class=\"lp-card-podcast-highlighting__description lp-f-ui-05\">Crime story raconte chaque semaine les grandes affaires criminelles.<\/p>\n<p><a class=\"lp-card-podcast-highlighting__call-to-action\" data-page-type=\"HP\" data-block-name=\"podcast-highlight\">\u00c9couter<\/a><\/p>\n<p class=\"paragraph text_align_left\">Une liste de m\u00e9faits impressionnante : trafic de stup\u00e9fiants, corruption mais aussi assassinats ou tentatives d\u2019assassinats sur des rivaux, punition de \u00ab petites mains \u00bb du trafic dont le lynchage en cas de \u00ab fautes professionnelles \u00bb \u00e9tait diffus\u00e9 sur les r\u00e9seaux sociaux \u00ab pour montrer l\u2019exemple aux autres r\u00e9calcitrants \u00bb. Mais aussi extorsions sous pr\u00e9texte de service de s\u00e9curit\u00e9 \u00e0 l\u2019encontre de rappeurs ou d\u2019influenceurs dont les trafiquants devenaient parfois les managers\u2026 M\u00eame si aucune plainte n\u2019a \u00e9t\u00e9 d\u00e9pos\u00e9e en ce sens. Sans compter la reprise violente de points de vente par des commandos, la mise en place de nouveaux plans stups, l\u2019achat d\u2019armes \u00ab dans un contexte de vendetta \u00bb.<\/p>\n<p>\u00c0 la recherche de liens avec l\u2019\u00e9tranger<\/p>\n<p class=\"paragraph text_align_left\">\u00ab C\u2019est une premi\u00e8re, on s\u2019est attaqu\u00e9 \u00e0 une v\u00e9ritable organisation criminelle, on a tap\u00e9 au niveau des membres les plus importants qui \u00e9taient pr\u00e9sents sur le territoire national. Une partie, qui est sup\u00e9rieure, est encore hors d\u2019atteinte car elle est \u00e0 l\u2019\u00e9tranger, mais elle est compl\u00e8tement identifi\u00e9e, reprend le commissaire g\u00e9n\u00e9ral Philippe Frizon, patron de la PJ marseillaise. \u00c0 terme, des mandats d\u2019arr\u00eats seront d\u00e9livr\u00e9s \u00e0 leur encontre. \u00bb<\/p>\n<p class=\"paragraph text_align_left\">\u00ab L\u2019organisation criminelle de la Castellane est une organisation de niveau international, pyramidale : un chef, une famille, des adjoints et des responsables de terrain, poursuit le commissaire. Il y a obligatoirement des liens en dehors du territoire. \u00bb L\u2019enqu\u00eate va d\u00e9sormais se poursuivre sur le volet blanchiment mais aussi sur les ramifications internationales des gangs marseillais, notamment en Belgique.<\/p>\n","protected":false},"excerpt":{"rendered":"\u00ab C\u2019est le premier dossier o\u00f9 nous avons travaill\u00e9 sur une coupole mafieuse. On est parti du sommet&hellip;\n","protected":false},"author":2,"featured_media":59684,"comment_status":"","ping_status":"","sticky":false,"template":"","format":"standard","meta":{"footnotes":""},"categories":[2814],"tags":[1111,11,459,1777,674,118,1011,27,884,12,882,25],"class_list":{"0":"post-59683","1":"post","2":"type-post","3":"status-publish","4":"format-standard","5":"has-post-thumbnail","7":"category-marseille","8":"tag-actu","9":"tag-actualites","10":"tag-departements-horsidfo","11":"tag-eu","12":"tag-europe","13":"tag-faits-divers","14":"tag-fr","15":"tag-france","16":"tag-marseille","17":"tag-news","18":"tag-provence-alpes-cote-dazur","19":"tag-republique-francaise"},"share_on_mastodon":{"url":"https:\/\/pubeurope.com\/@fr\/114416556752961540","error":""},"_links":{"self":[{"href":"https:\/\/www.europesays.com\/fr\/wp-json\/wp\/v2\/posts\/59683","targetHints":{"allow":["GET"]}}],"collection":[{"href":"https:\/\/www.europesays.com\/fr\/wp-json\/wp\/v2\/posts"}],"about":[{"href":"https:\/\/www.europesays.com\/fr\/wp-json\/wp\/v2\/types\/post"}],"author":[{"embeddable":true,"href":"https:\/\/www.europesays.com\/fr\/wp-json\/wp\/v2\/users\/2"}],"replies":[{"embeddable":true,"href":"https:\/\/www.europesays.com\/fr\/wp-json\/wp\/v2\/comments?post=59683"}],"version-history":[{"count":0,"href":"https:\/\/www.europesays.com\/fr\/wp-json\/wp\/v2\/posts\/59683\/revisions"}],"wp:featuredmedia":[{"embeddable":true,"href":"https:\/\/www.europesays.com\/fr\/wp-json\/wp\/v2\/media\/59684"}],"wp:attachment":[{"href":"https:\/\/www.europesays.com\/fr\/wp-json\/wp\/v2\/media?parent=59683"}],"wp:term":[{"taxonomy":"category","embeddable":true,"href":"https:\/\/www.europesays.com\/fr\/wp-json\/wp\/v2\/categories?post=59683"},{"taxonomy":"post_tag","embeddable":true,"href":"https:\/\/www.europesays.com\/fr\/wp-json\/wp\/v2\/tags?post=59683"}],"curies":[{"name":"wp","href":"https:\/\/api.w.org\/{rel}","templated":true}]}}