{"id":596831,"date":"2025-12-13T12:07:12","date_gmt":"2025-12-13T12:07:12","guid":{"rendered":"https:\/\/www.europesays.com\/fr\/596831\/"},"modified":"2025-12-13T12:07:12","modified_gmt":"2025-12-13T12:07:12","slug":"extrade-de-dubai-un-narcotrafiquant-juge-a-lille-pour-plusieurs-importations-de-cocaine","status":"publish","type":"post","link":"https:\/\/www.europesays.com\/fr\/596831\/","title":{"rendered":"Extrad\u00e9 de Duba\u00ef, un narcotrafiquant jug\u00e9 \u00e0 Lille pour plusieurs importations de coca\u00efne"},"content":{"rendered":"<p>                    Par<br \/>\n        <strong><br \/>\n            <a href=\"https:\/\/actu.fr\/auteur\/redaction-lille\" title=\"Consulter tous les articles de R\u00e9daction Lille\" rel=\"nofollow noopener\" target=\"_blank\">R\u00e9daction Lille<\/a><br \/>\n                    <\/strong><\/p>\n<p>        Publi\u00e9 le<\/p>\n<p>            13 d\u00e9c. 2025 \u00e0 12h36        <\/p>\n<p>Mis en cause dans <b>plusieurs importations de coca\u00efne en France<\/b>, le <a href=\"https:\/\/actu.fr\/tag\/narcotrafiquants\" rel=\"nofollow noopener\" target=\"_blank\">narcotrafiquant<\/a> pr\u00e9sum\u00e9 <b>Abdelkader Bouguettaia<\/b>, extrad\u00e9 en juin depuis Duba\u00ef, sera jug\u00e9 \u00e0 <a href=\"https:\/\/actu.fr\/lille\/\" rel=\"nofollow noopener\" target=\"_blank\">Lille<\/a>, du lundi 15 au mercredi 17 d\u00e9cembre 2025, dans trois dossiers pour lesquels il a \u00e9t\u00e9 condamn\u00e9 en son absence jusqu\u2019\u00e0 quinze ans de prison.<\/p>\n<p>Il \u00e9tait associ\u00e9 avec un haut responsable de la distribution de coca\u00efne aux Pays-Bas<\/p>\n<p class=\" wall-content\">Alors qu\u2019il r\u00e9sidait \u00e0 Duba\u00ef, <b>Abdelkader Bouguettaia, surnomm\u00e9 \u00ab\u00a0Bibi\u00a0\u00bb<\/b>, a \u00e9t\u00e9 condamn\u00e9 en 2022, 2023 et 2024 \u00e0 Lille,<b> deux fois \u00e0 neuf ans et une fois \u00e0 15 ans de r\u00e9clusion criminelle<\/b>, pour des importations de coca\u00efne ayant eu lieu entre 2019 et 2021. Les investigations dans ces trois proc\u00e9dures ont men\u00e9 \u00e0 la <b>saisie de plus de deux tonnes de coca\u00efne<\/b>.<\/p>\n<p class=\" wall-content\">Dans la foul\u00e9e de son extradition vers la France, il n\u2019a pas acquiesc\u00e9 \u00e0 ces condamnations, ouvrant la voie \u00e0 de nouveaux proc\u00e8s.<\/p>\n<p class=\" wall-content\">Abdelkader Bouguettaia, 38 ans, est soup\u00e7onn\u00e9 d\u2019avoir longtemps <b>coordonn\u00e9 l\u2019importation de coca\u00efne au Havre<\/b>, sa ville natale, avant de rejoindre Duba\u00ef fin 2019, d\u2019o\u00f9 il aurait continu\u00e9 \u00e0 piloter le trafic. Un de ses collaborateurs pr\u00e9sum\u00e9s avait affirm\u00e9, lors d\u2019un interrogatoire dont l\u2019AFP a pu lire le proc\u00e8s-verbal, que M. Bouguettaia \u00e9tait <b>associ\u00e9 avec un haut responsable de la distribution de coca\u00efne aux Pays-Bas<\/b> et qu\u2019il g\u00e9rait la \u00ab\u00a0r\u00e9ception de la marchandise\u00a0\u00bb au Havre, ainsi qu\u2019\u00e0 Paris et \u00e0 Anvers.<\/p>\n<p class=\" wall-content\">Le premier dossier qui sera jug\u00e9 \u00e0 Lille, pour lequel \u00ab\u00a0Bibi\u00a0\u00bb avait \u00e9t\u00e9 condamn\u00e9 en 2024 \u00e0 15 ans de prison, concerne des importations de coca\u00efne entre f\u00e9vrier 2019 et janvier 2020 via le port du Havre. Sur dix livraisons mises au jour, trois \u00ab\u00a0ont \u00e9t\u00e9 intercept\u00e9es, permettant la <b>saisie de 1699 kilogrammes de coca\u00efne<\/b>\u00ab\u00a0, \u00e9crit le parquet de Lille dans le dossier de presse de l\u2019audience.<\/p>\n<p class=\" wall-content\">La drogue arrivait au Havre \u00ab\u00a0dissimul\u00e9e dans des <b>cargaisons l\u00e9gales de g\u00e9latine de boeuf et de lames de bois<\/b> en provenance d\u2019Am\u00e9rique du Sud, notamment du Br\u00e9sil\u00a0\u00bb, pr\u00e9cise le parquet.<\/p>\n<p>\u00ab\u00a0Miettes de thon\u00a0\u00bb<\/p>\n<p class=\" wall-content\">Bouguettaia a \u00e9t\u00e9 identifi\u00e9 par les enqu\u00eateurs \u00ab\u00a0comme l\u2019un des principaux organisateurs du trafic\u00a0\u00bb, qu\u2019il est soup\u00e7onn\u00e9 d\u2019avoir coordonn\u00e9 \u00ab\u00a0\u00e0 distance, via des messageries crypt\u00e9es\u00a0\u00bb, selon le dossier de presse.<\/p>\n<p>Votre r\u00e9gion, votre actu !<\/p>\n<p>Recevez chaque jour les infos qui comptent pour vous.<\/p>\n<p>\t<a href=\"https:\/\/actu.fr\/newsletter\" class=\"ac-btn ac-btn--corner ac-btn--medium ac-btn--blue800\" rel=\"nofollow noopener\" target=\"_blank\">S&rsquo;incrire<\/a><\/p>\n<p class=\" wall-content\">Les deux autres dossiers concernent \u00e9galement des importations de coca\u00efne par l\u2019interm\u00e9diaire du port du Havre. En f\u00e9vrier 2019, apr\u00e8s la d\u00e9couverte de 141 kilogrammes de coca\u00efne \u00ab\u00a0dans un <b>conteneur de miettes de thon sous vide<\/b> en provenance d\u2019Equateur\u00a0\u00bb, \u00ab\u00a0un individu a identifi\u00e9 deux commanditaires, dont Abdelkader Bouguettaia\u00a0\u00bb.<\/p>\n<p class=\" wall-content\">Ce t\u00e9moin s\u2019est ensuite r\u00e9tract\u00e9 en 2021, mais \u00ab\u00a0les enqu\u00eateurs ont \u00e9tabli qu\u2019Abdelkader Bouguettaia l\u2019avait contact\u00e9 via une messagerie crypt\u00e9e pour lui proposer une somme d\u2019argent substantielle en \u00e9change du retrait de ses accusations\u00a0\u00bb, \u00e9crit le parquet de Lille.<\/p>\n<p class=\" wall-content\">Le troisi\u00e8me dossier porte sur 599 kilogrammes de coca\u00efne d\u00e9couverts en f\u00e9vrier 2021 dans un conteneur au port de Rotterdam (Pays-Bas), en provenance du Guatemala.<\/p>\n<p class=\" wall-content\">Le conteneur rep\u00e9r\u00e9 a poursuivi sa route en direction du port du Havre, o\u00f9 il a fait l\u2019objet d\u2019une surveillance cibl\u00e9e qui a permis l\u2019arrestation de trois personnes \u00ab\u00a0en train de d\u00e9charger\u00a0\u00bb la cargaison dans \u00ab\u00a0les locaux d\u00e9saffect\u00e9s d\u2019une soci\u00e9t\u00e9\u00a0\u00bb.<\/p>\n<p class=\" wall-content\">Dans ce dossier, un t\u00e9moin \u00ab\u00a0a reconnu s\u2019\u00eatre rendu en Belgique \u00e0 la demande d\u2019Abdelkader Bouguettaia pour r\u00e9cup\u00e9rer des plombs identiques \u00e0 ceux bris\u00e9s lors de l\u2019ouverture du conteneur\u00a0\u00bb, est-il \u00e9crit dans le dossier de presse. Un membre de la famille de \u00ab\u00a0Bibi\u00a0\u00bb a \u00e9galement \u00e9t\u00e9 identifi\u00e9 comme impliqu\u00e9 dans l\u2019organisation du trafic gr\u00e2ce \u00e0 l\u2019exploitation d\u2019un t\u00e9l\u00e9phone portable.<\/p>\n<p class=\" wall-content\">M. Bouguettaia a en outre \u00e9t\u00e9 mis en examen en juin \u00e0 Paris, notamment pour \u00ab\u00a0importation de stup\u00e9fiants en bande organis\u00e9e en r\u00e9cidive\u00a0\u00bb toujours vers le Havre, dans un autre dossier.<\/p>\n<p class=\" wall-content\">Il est soup\u00e7onn\u00e9 d\u2019\u00eatre \u00ab\u00a0l\u2019organisateur de l\u2019importation et de (la) logistique\u00a0\u00bb d\u2019un conteneur comportant 2,5 tonnes de coca\u00efne arriv\u00e9 au Havre depuis la Colombie, avait pr\u00e9cis\u00e9 le parquet de Paris.<\/p>\n<p class=\" wall-content\"><b>Avec AFP<\/b><\/p>\n<p class=\" wall-content\">Personnalisez votre actualit\u00e9 en ajoutant vos villes et m\u00e9dias en favori avec <a href=\"https:\/\/moncompte.actu.fr\" title=\"D\u00e9couvez Mon Actu\" rel=\"nofollow noopener\" data-trk=\"{&quot;cta&quot;:{&quot;action&quot;:&quot;https:\\\/\\\/moncompte.actu.fr&quot;,&quot;category&quot;:&quot;mon compte&quot;,&quot;from&quot;:&quot;article footer&quot;,&quot;name&quot;:&quot;Mon actu&quot;,&quot;type&quot;:&quot;cta&quot;}}\" target=\"_blank\">Mon Actu<\/a>.<\/p>\n","protected":false},"excerpt":{"rendered":"Par R\u00e9daction Lille Publi\u00e9 le 13 d\u00e9c. 2025 \u00e0 12h36 Mis en cause dans plusieurs importations de coca\u00efne&hellip;\n","protected":false},"author":2,"featured_media":596832,"comment_status":"","ping_status":"","sticky":false,"template":"","format":"standard","meta":{"footnotes":""},"categories":[2815],"tags":[1111,11,1052,1777,674,118,1011,27,811,303,1307,813,12,25],"class_list":{"0":"post-596831","1":"post","2":"type-post","3":"status-publish","4":"format-standard","5":"has-post-thumbnail","7":"category-lille","8":"tag-actu","9":"tag-actualites","10":"tag-drogue","11":"tag-eu","12":"tag-europe","13":"tag-faits-divers","14":"tag-fr","15":"tag-france","16":"tag-hauts-de-france","17":"tag-justice","18":"tag-lille","19":"tag-narcotrafiquants","20":"tag-news","21":"tag-republique-francaise"},"share_on_mastodon":{"url":"https:\/\/pubeurope.com\/@fr\/115712179849846372","error":""},"_links":{"self":[{"href":"https:\/\/www.europesays.com\/fr\/wp-json\/wp\/v2\/posts\/596831","targetHints":{"allow":["GET"]}}],"collection":[{"href":"https:\/\/www.europesays.com\/fr\/wp-json\/wp\/v2\/posts"}],"about":[{"href":"https:\/\/www.europesays.com\/fr\/wp-json\/wp\/v2\/types\/post"}],"author":[{"embeddable":true,"href":"https:\/\/www.europesays.com\/fr\/wp-json\/wp\/v2\/users\/2"}],"replies":[{"embeddable":true,"href":"https:\/\/www.europesays.com\/fr\/wp-json\/wp\/v2\/comments?post=596831"}],"version-history":[{"count":0,"href":"https:\/\/www.europesays.com\/fr\/wp-json\/wp\/v2\/posts\/596831\/revisions"}],"wp:featuredmedia":[{"embeddable":true,"href":"https:\/\/www.europesays.com\/fr\/wp-json\/wp\/v2\/media\/596832"}],"wp:attachment":[{"href":"https:\/\/www.europesays.com\/fr\/wp-json\/wp\/v2\/media?parent=596831"}],"wp:term":[{"taxonomy":"category","embeddable":true,"href":"https:\/\/www.europesays.com\/fr\/wp-json\/wp\/v2\/categories?post=596831"},{"taxonomy":"post_tag","embeddable":true,"href":"https:\/\/www.europesays.com\/fr\/wp-json\/wp\/v2\/tags?post=596831"}],"curies":[{"name":"wp","href":"https:\/\/api.w.org\/{rel}","templated":true}]}}