{"id":596836,"date":"2025-12-13T12:10:11","date_gmt":"2025-12-13T12:10:11","guid":{"rendered":"https:\/\/www.europesays.com\/fr\/596836\/"},"modified":"2025-12-13T12:10:11","modified_gmt":"2025-12-13T12:10:11","slug":"quatre-groupes-dopposition-sunissent-pour-creer-grand-coeur-lyonnais","status":"publish","type":"post","link":"https:\/\/www.europesays.com\/fr\/596836\/","title":{"rendered":"quatre groupes d\u2019opposition s\u2019unissent pour cr\u00e9er Grand C\u0153ur Lyonnais"},"content":{"rendered":"<p>Dans un communiqu\u00e9, quatre formations annoncent la cr\u00e9ation de Grand C\u0153ur Lyonnais, un groupe favorable \u00e0 <a href=\"https:\/\/www.lyonmag.com\/profil-personnalite-lyonnaise\/8\/jean-michel-aulas\" target=\"_blank\" rel=\"noopener\">Jean-Michel Aulas<\/a> et issu du rassemblement de La M\u00e9tro Positive, Synergies \u00c9lus et Citoyens, Inventer la M\u00e9tropole de Demain et Une M\u00e9tropole pour Tous.<\/p>\n<p>Le nouveau groupe fera sa premi\u00e8re apparition officielle lors du conseil m\u00e9tropolitain de lundi. Et r\u00e9pond \u00e0 la cr\u00e9ation d\u00e9j\u00e0 vieille de deux mois du groupe Coeur Lyonnais au conseil municipal de Lyon, l\u00e0 encore pour pr\u00e9parer l&rsquo;alternance avec l&rsquo;ancien pr\u00e9sident de l&rsquo;OL.<\/p>\n<p>Il se pr\u00e9sente comme l\u2019unique groupe d\u2019opposition au sein de l\u2019assembl\u00e9e m\u00e9tropolitaine et revendique 51 membres, ce qui en ferait, selon ses initiateurs, le groupe\u00a0\u00ab\u00a0le plus repr\u00e9sentatif des circonscriptions m\u00e9tropolitaines\u00a0\u00bb.<\/p>\n<p>Grand C\u0153ur Lyonnais rassemble des \u00e9lus issus \u00ab\u00a0de diff\u00e9rents horizons politiques, depuis le centre gauche jusqu\u2019\u00e0 la droite r\u00e9publicaine\u00a0\u00bb.<\/p>\n<p>Les co-pr\u00e9sidents du groupe, <a href=\"https:\/\/www.lyonmag.com\/profil-personnalite-lyonnaise\/531\/pierre-chambon\" target=\"_blank\" rel=\"noopener\">Pierre Chambon<\/a>, <a href=\"https:\/\/www.lyonmag.com\/profil-personnalite-lyonnaise\/259\/gilles-gascon\" target=\"_blank\" rel=\"noopener\">Gilles Gascon<\/a>, <a href=\"https:\/\/www.lyonmag.com\/profil-personnalite-lyonnaise\/220\/marc-grivel\" target=\"_blank\" rel=\"noopener\">Marc Grivel<\/a> et Nicole Sibeud, affirment que cette cr\u00e9ation constitue \u00ab\u00a0l\u2019acte fondateur d\u2019une nouvelle volont\u00e9 collective\u00a0\u00bb visant \u00e0 proposer une alternative \u00e0 la majorit\u00e9 m\u00e9tropolitaine actuelle de <a href=\"https:\/\/www.lyonmag.com\/profil-personnalite-lyonnaise\/518\/bruno-bernard\" target=\"_blank\" rel=\"noopener\">Bruno Bernard<\/a>, port\u00e9e actuellement par <a href=\"https:\/\/www.lyonmag.com\/profil-personnalite-lyonnaise\/210\/veronique-sarselli\" target=\"_blank\" rel=\"noopener\">V\u00e9ronique Sarselli<\/a> (LR).<\/p>\n<p><strong>Un bilan m\u00e9tropolitain jug\u00e9 s\u00e9v\u00e8rement<\/strong><\/p>\n<p>Le communiqu\u00e9 de Grand Coeur Lyonnais critique explicitement l\u2019action de l\u2019ex\u00e9cutif en place, estimant que le bilan du mandat fait appara\u00eetre \u00ab\u00a0des cons\u00e9quences n\u00e9fastes pour la vie quotidienne des habitants\u00a0\u00bb, \u00e9voquant une d\u00e9rive budg\u00e9taire, une d\u00e9croissance \u00e9conomique et commerciale ainsi qu\u2019une perte d\u2019attractivit\u00e9 du territoire m\u00e9tropolitain.<\/p>\n<p>Le groupe affirme fonder son action sur plusieurs principes : la solidarit\u00e9 dans les politiques publiques, la libert\u00e9 d\u2019action pour les forces \u00e9conomiques et sociales, le respect des communes et de leurs \u00e9lus, la r\u00e9silience environnementale, ainsi que la protection des personnes et des biens.<\/p>\n<p>Dans son communiqu\u00e9, Grand C\u0153ur Lyonnais se dit enfin \u00ab\u00a0ouvert \u00e0 toutes les bonnes volont\u00e9s\u00a0\u00bb qui souhaiteraient rejoindre cette d\u00e9marche de rassemblement \u00ab\u00a0au service de tous les habitants de la M\u00e9tropole de Lyon\u00a0\u00bb.<\/p>\n","protected":false},"excerpt":{"rendered":"Dans un communiqu\u00e9, quatre formations annoncent la cr\u00e9ation de Grand C\u0153ur Lyonnais, un groupe favorable \u00e0 Jean-Michel Aulas&hellip;\n","protected":false},"author":2,"featured_media":596837,"comment_status":"","ping_status":"","sticky":false,"template":"","format":"standard","meta":{"footnotes":""},"categories":[1889],"tags":[1111,11,2813,2190,2430,1109,251,1112,2811,1777,674,118,1011,27,1922,1110,1114,2428,2810,12,241,316,25,2812,517,800],"class_list":{"0":"post-596836","1":"post","2":"type-post","3":"status-publish","4":"format-standard","5":"has-post-thumbnail","7":"category-lyon","8":"tag-actu","9":"tag-actualites","10":"tag-article","11":"tag-asvel","12":"tag-auvergne-rhone-alpes","13":"tag-breves","14":"tag-culture","15":"tag-depeches","16":"tag-economique","17":"tag-eu","18":"tag-europe","19":"tag-faits-divers","20":"tag-fr","21":"tag-france","22":"tag-info","23":"tag-informations","24":"tag-infos","25":"tag-lyon","26":"tag-lyonmag","27":"tag-news","28":"tag-ol","29":"tag-politique","30":"tag-republique-francaise","31":"tag-sociale","32":"tag-sport","33":"tag-transports"},"share_on_mastodon":{"url":"https:\/\/pubeurope.com\/@fr\/115712191642513736","error":""},"_links":{"self":[{"href":"https:\/\/www.europesays.com\/fr\/wp-json\/wp\/v2\/posts\/596836","targetHints":{"allow":["GET"]}}],"collection":[{"href":"https:\/\/www.europesays.com\/fr\/wp-json\/wp\/v2\/posts"}],"about":[{"href":"https:\/\/www.europesays.com\/fr\/wp-json\/wp\/v2\/types\/post"}],"author":[{"embeddable":true,"href":"https:\/\/www.europesays.com\/fr\/wp-json\/wp\/v2\/users\/2"}],"replies":[{"embeddable":true,"href":"https:\/\/www.europesays.com\/fr\/wp-json\/wp\/v2\/comments?post=596836"}],"version-history":[{"count":0,"href":"https:\/\/www.europesays.com\/fr\/wp-json\/wp\/v2\/posts\/596836\/revisions"}],"wp:featuredmedia":[{"embeddable":true,"href":"https:\/\/www.europesays.com\/fr\/wp-json\/wp\/v2\/media\/596837"}],"wp:attachment":[{"href":"https:\/\/www.europesays.com\/fr\/wp-json\/wp\/v2\/media?parent=596836"}],"wp:term":[{"taxonomy":"category","embeddable":true,"href":"https:\/\/www.europesays.com\/fr\/wp-json\/wp\/v2\/categories?post=596836"},{"taxonomy":"post_tag","embeddable":true,"href":"https:\/\/www.europesays.com\/fr\/wp-json\/wp\/v2\/tags?post=596836"}],"curies":[{"name":"wp","href":"https:\/\/api.w.org\/{rel}","templated":true}]}}