{"id":596838,"date":"2025-12-13T12:11:17","date_gmt":"2025-12-13T12:11:17","guid":{"rendered":"https:\/\/www.europesays.com\/fr\/596838\/"},"modified":"2025-12-13T12:11:17","modified_gmt":"2025-12-13T12:11:17","slug":"des-classiques-maitrises-et-une-touche-suedoise","status":"publish","type":"post","link":"https:\/\/www.europesays.com\/fr\/596838\/","title":{"rendered":"des classiques ma\u00eetris\u00e9s et une touche su\u00e9doise"},"content":{"rendered":"<p>Ils ne courent pas les rues, les restaurants qui mettent \u00e0 la carte le \u00ab\u00a0Janssons Frestelse\u00a0\u00bb. Ce gratin de No\u00ebl su\u00e9dois \u00e0 base de pommes de terre et d\u2019anchois fait pourtant les beaux jours de Frisettes en ce mois de d\u00e9cembre. Ce restaurant log\u00e9 \u00e0 deux pas de la Bourse du Travail a ouvert en mai dernier et il affiche en permanence une petite touche scandinave avec un plat su\u00e9dois sur la carte qui change tous les mois. Cet exotisme a eu explication simple\u00a0: la cuisini\u00e8re, Alvina Ledru-Johansson, est franco-su\u00e9doise.<\/p>\n<p>\u00ab\u00a0Je fais de la cuisine m\u00e9nag\u00e8re su\u00e9doise, les plats qu\u2019on mange chez soi, avec \u00e9norm\u00e9ment de l\u00e9gumes racines, la pomme de terre est l\u2019un des accompagnements principaux\u00a0\u00bb indique cette ancienne journaliste culinaire. \u00ab\u00a0Il y a aussi beaucoup de pickles, je sais que c\u2019est \u00e0 la mode donc j\u2019essaye d\u2019en mettre avec parcimonie mais \u00e7a fait vraiment partie de ce qu\u2019on peut trouver en Su\u00e8de, dans la cuisine du Nord o\u00f9 il y a l\u2019hiver 8 mois sur 12\u00a0\u00bb.<\/p>\n<p>  Les classiques du r\u00e9pertoire<\/p>\n<p>Pour le reste, Frisettes fait aussi et surtout dans le traditionnel fran\u00e7ais, avec une efficacit\u00e9 certaine et une attention accord\u00e9e au bon produit, comme en t\u00e9moignent ces exquises tagliatelles fra\u00eeches servies avec de la joue de b\u0153uf \u00ab\u00a0fa\u00e7on bourguignon\u00a0\u00bb. \u00ab\u00a0J\u2019aime bien les grands classiques\u00a0\u00bb poursuit Alvina, \u00ab\u00a0j\u2019adore les vieux livres donc j\u2019essaye de chercher des vieilles recettes, des classiques mais qu\u2019on ne retrouve pas souvent dans les restaurants. Cet \u00e9t\u00e9 on avait fait un a\u00efoli par exemple, on essaye de fouiller dans le r\u00e9pertoire fran\u00e7ais\u00a0\u00bb.<\/p>\n<p>Au service, les deux autres associ\u00e9s Karen et Thibaut sont \u00e0 leur aise dans la salle chaleureuse haute de plafond au mobilier enti\u00e8rement chin\u00e9. Le lieu est ouvert d\u00e8s le matin pour prendre un caf\u00e9 ou d\u00e9guster des p\u00e2tisseries maison.<\/p>\n<p class=\"note\">Frisettes, 76, rue Mazenod (Lyon 3e). Du lundi au vendredi de 8h30 \u00e0 21h30. Formule midi\u00a0: entr\u00e9e\/plat ou plat\/dessert\u00a0: 22\u00a0euros, entr\u00e9e\/plat\/dessert\u00a0: 25\u00a0euros. <a href=\"https:\/\/frisettes.fr\/\" target=\"_blank\" rel=\"noopener\">https:\/\/frisettes.fr\/<\/a><\/p>\n","protected":false},"excerpt":{"rendered":"Ils ne courent pas les rues, les restaurants qui mettent \u00e0 la carte le \u00ab\u00a0Janssons Frestelse\u00a0\u00bb. Ce gratin&hellip;\n","protected":false},"author":2,"featured_media":596839,"comment_status":"","ping_status":"","sticky":false,"template":"","format":"standard","meta":{"footnotes":""},"categories":[1889],"tags":[1111,11,2430,130,1687,2757,1777,674,1011,27,2428,2756,6016,12,25,104,216],"class_list":{"0":"post-596838","1":"post","2":"type-post","3":"status-publish","4":"format-standard","5":"has-post-thumbnail","7":"category-lyon","8":"tag-actu","9":"tag-actualites","10":"tag-auvergne-rhone-alpes","11":"tag-consommation","12":"tag-culture-loisirs","13":"tag-edition-lyon-villeurbanne","14":"tag-eu","15":"tag-europe","16":"tag-fr","17":"tag-france","18":"tag-lyon","19":"tag-lyon-bassin","20":"tag-magazine-cuisine-et-vins","21":"tag-news","22":"tag-republique-francaise","23":"tag-societe","24":"tag-vie-des-entreprises"},"share_on_mastodon":{"url":"https:\/\/pubeurope.com\/@fr\/115712195832735531","error":""},"_links":{"self":[{"href":"https:\/\/www.europesays.com\/fr\/wp-json\/wp\/v2\/posts\/596838","targetHints":{"allow":["GET"]}}],"collection":[{"href":"https:\/\/www.europesays.com\/fr\/wp-json\/wp\/v2\/posts"}],"about":[{"href":"https:\/\/www.europesays.com\/fr\/wp-json\/wp\/v2\/types\/post"}],"author":[{"embeddable":true,"href":"https:\/\/www.europesays.com\/fr\/wp-json\/wp\/v2\/users\/2"}],"replies":[{"embeddable":true,"href":"https:\/\/www.europesays.com\/fr\/wp-json\/wp\/v2\/comments?post=596838"}],"version-history":[{"count":0,"href":"https:\/\/www.europesays.com\/fr\/wp-json\/wp\/v2\/posts\/596838\/revisions"}],"wp:featuredmedia":[{"embeddable":true,"href":"https:\/\/www.europesays.com\/fr\/wp-json\/wp\/v2\/media\/596839"}],"wp:attachment":[{"href":"https:\/\/www.europesays.com\/fr\/wp-json\/wp\/v2\/media?parent=596838"}],"wp:term":[{"taxonomy":"category","embeddable":true,"href":"https:\/\/www.europesays.com\/fr\/wp-json\/wp\/v2\/categories?post=596838"},{"taxonomy":"post_tag","embeddable":true,"href":"https:\/\/www.europesays.com\/fr\/wp-json\/wp\/v2\/tags?post=596838"}],"curies":[{"name":"wp","href":"https:\/\/api.w.org\/{rel}","templated":true}]}}