{"id":596842,"date":"2025-12-13T12:14:12","date_gmt":"2025-12-13T12:14:12","guid":{"rendered":"https:\/\/www.europesays.com\/fr\/596842\/"},"modified":"2025-12-13T12:14:12","modified_gmt":"2025-12-13T12:14:12","slug":"une-cagnotte-pour-sonia-temoin-capital-des-attentats-du-13-novembre-a-paris-et-saint-denis","status":"publish","type":"post","link":"https:\/\/www.europesays.com\/fr\/596842\/","title":{"rendered":"une cagnotte pour Sonia, t\u00e9moin capital des attentats du 13-Novembre \u00e0 Paris et Saint-Denis"},"content":{"rendered":"<p>                    Par<br \/>\n        <strong><br \/>\n            <a href=\"https:\/\/actu.fr\/auteur\/dorinegoth\" title=\"Consulter tous les articles de Dorine Goth\" target=\"_blank\" rel=\"noopener\">Dorine Goth<\/a><br \/>\n                    <\/strong><\/p>\n<p>        Publi\u00e9 le<\/p>\n<p>            13 d\u00e9c. 2025 \u00e0 13h02        <\/p>\n<p>Son choix a \u00e9t\u00e9 d\u00e9cisif. Aussi bien pour la conduite de l\u2019enqu\u00eate sur les attentats du 13\u00a0novembre 2015 que pour sa vie. Depuis dix ans, <strong><a href=\"https:\/\/actu.fr\/ile-de-france\/aubervilliers_93001\/elle-a-denonce-le-chef-des-commandos-des-attentats-du-13-novembre-je-n-ai-plus-de-vie-mais-je-le-referais_63427769.html\" target=\"_blank\" rel=\"noopener\">Sonia*<\/a><\/strong> vit sous le r\u00e9gime de protection des t\u00e9moins pour avoir conduit les enqu\u00eateurs jusqu\u2019\u00e0 la <strong>planque d\u2019Abdelhamid Abaaoud<\/strong>, l\u2019un des terroristes des attaques des terrasses \u00e0 Paris et cerveau des attentats. \u00c0 la suite de la diffusion du documentaire qui retrace son histoire, <a href=\"https:\/\/actu.fr\/ile-de-france\/paris_75056\/attentats-du-13-novembre-l-association-life-for-paris-annonce-sa-dissolution_52089904.html\" target=\"_blank\" rel=\"noopener\">l\u2019association des victimes <strong>Life for Paris<\/strong><\/a><strong>,<\/strong> a lanc\u00e9<strong> <a href=\"https:\/\/fr.ulule.com\/cagnotte-pour-sonia\/\" target=\"_blank\" rel=\"noopener\">une cagnotte<\/a> <\/strong>pour lui venir en aide.<\/p>\n<p>\u00ab\u2009Un vrai merci\u2009\u00bb<\/p>\n<p class=\" wall-content\">\u00ab\u2009Depuis la diffusion de la s\u00e9rie Le Choix de Sonia sur France 2, des milliers d\u2019entre vous ont \u00e9t\u00e9 boulevers\u00e9s par son histoire. Beaucoup nous ont \u00e9crit\u2009: Comment peut-on remercier Sonia\u2009? Comment l\u2019aider concr\u00e8tement\u2009?\u2009\u00bb, rapporte <a href=\"https:\/\/actu.fr\/faits-divers\/attentats-du-13-novembre-2015\/attentats-du-13-novembre-survivre-et-se-reconstruire-le-recit-d-arthur-rescape-du-bataclan_45186516.html\" target=\"_blank\" rel=\"noopener\">Arthur D\u00e9nouveaux<\/a>, pr\u00e9sident de l\u2019association.<\/p>\n<p class=\" wall-content\">Apr\u00e8s son t\u00e9moignage, celle qui habitait jusqu\u2019ici en Seine-Saint-Denis a \u00e9t\u00e9 mise sous <strong>protection polici\u00e8re<\/strong>. \u00ab\u2009Elle a d\u00fb abandonner son m\u00e9tier, ses projets, une grande partie de sa libert\u00e9. [\u2026] Son quotidien est fait de contraintes, d\u2019isolement et de difficult\u00e9s mat\u00e9rielles qu\u2019on a du mal \u00e0 imaginer quand on n\u2019est pas \u00e0 sa place\u2009\u00bb, poursuit Arthur D\u00e9nouveaux avant d\u2019ajouter\u2009: \u00ab\u2009Depuis ce jour, Sonia ne vit plus. Elle survit\u2009\u00bb.<\/p>\n<p class=\" wall-content\">Les dons collect\u00e9s lui seront directement vers\u00e9s. Pour Arthur D\u00e9nouveaux, il s\u2019agit \u00ab\u2009d\u2019un vrai merci, tangible, de la part de ceux qu\u2019elle a prot\u00e9g\u00e9s sans m\u00eame les conna\u00eetre\u2009\u00bb.<\/p>\n<p class=\" wall-content\">Selon l\u2019enqu\u00eate men\u00e9e apr\u00e8s les attentats, Abdelhamid Abaaoud pr\u00e9parait une nouvelle attaque d\u2019ampleur en r\u00e9gion parisienne. \u00ab\u2009Gr\u00e2ce \u00e0 elle, cet attentat n\u2019a jamais eu lieu. Des dizaines de vies ont probablement \u00e9t\u00e9 sauv\u00e9es\u2009\u00bb, souligne-t-il. Vendredi 12\u00a0d\u00e9cembre, plus de 58\u2009000\u00a0euros avaient d\u00e9j\u00e0 \u00e9t\u00e9 collect\u00e9s, 48\u00a0heures apr\u00e8s le lancement de la cagnotte. Celle-ci doit encore rester ouverte une trentaine de jours.<\/p>\n<p class=\" wall-content\">*Le pr\u00e9nom a \u00e9t\u00e9 chang\u00e9<\/p>\n<p class=\" wall-content\">Personnalisez votre actualit\u00e9 en ajoutant vos villes et m\u00e9dias en favori avec <a href=\"https:\/\/moncompte.actu.fr\" title=\"D\u00e9couvez Mon Actu\" rel=\"nofollow noopener\" data-trk=\"{&quot;cta&quot;:{&quot;action&quot;:&quot;https:\\\/\\\/moncompte.actu.fr&quot;,&quot;category&quot;:&quot;mon compte&quot;,&quot;from&quot;:&quot;article footer&quot;,&quot;name&quot;:&quot;Mon actu&quot;,&quot;type&quot;:&quot;cta&quot;}}\" target=\"_blank\">Mon Actu<\/a>.<\/p>\n","protected":false},"excerpt":{"rendered":"Par Dorine Goth Publi\u00e9 le 13 d\u00e9c. 2025 \u00e0 13h02 Son choix a \u00e9t\u00e9 d\u00e9cisif. Aussi bien pour&hellip;\n","protected":false},"author":2,"featured_media":596843,"comment_status":"","ping_status":"","sticky":false,"template":"","format":"standard","meta":{"footnotes":""},"categories":[1888],"tags":[1111,1928,11,1927,61701,1777,674,1011,27,12,1926,626,1925,25,104],"class_list":{"0":"post-596842","1":"post","2":"type-post","3":"status-publish","4":"format-standard","5":"has-post-thumbnail","7":"category-paris","8":"tag-actu","9":"tag-actu-paris","10":"tag-actualites","11":"tag-actualites-paris","12":"tag-attentats-du-13-novembre","13":"tag-eu","14":"tag-europe","15":"tag-fr","16":"tag-france","17":"tag-news","18":"tag-news-paris","19":"tag-paris","20":"tag-paris-news","21":"tag-republique-francaise","22":"tag-societe"},"share_on_mastodon":{"url":"https:\/\/pubeurope.com\/@fr\/115712207434510553","error":""},"_links":{"self":[{"href":"https:\/\/www.europesays.com\/fr\/wp-json\/wp\/v2\/posts\/596842","targetHints":{"allow":["GET"]}}],"collection":[{"href":"https:\/\/www.europesays.com\/fr\/wp-json\/wp\/v2\/posts"}],"about":[{"href":"https:\/\/www.europesays.com\/fr\/wp-json\/wp\/v2\/types\/post"}],"author":[{"embeddable":true,"href":"https:\/\/www.europesays.com\/fr\/wp-json\/wp\/v2\/users\/2"}],"replies":[{"embeddable":true,"href":"https:\/\/www.europesays.com\/fr\/wp-json\/wp\/v2\/comments?post=596842"}],"version-history":[{"count":0,"href":"https:\/\/www.europesays.com\/fr\/wp-json\/wp\/v2\/posts\/596842\/revisions"}],"wp:featuredmedia":[{"embeddable":true,"href":"https:\/\/www.europesays.com\/fr\/wp-json\/wp\/v2\/media\/596843"}],"wp:attachment":[{"href":"https:\/\/www.europesays.com\/fr\/wp-json\/wp\/v2\/media?parent=596842"}],"wp:term":[{"taxonomy":"category","embeddable":true,"href":"https:\/\/www.europesays.com\/fr\/wp-json\/wp\/v2\/categories?post=596842"},{"taxonomy":"post_tag","embeddable":true,"href":"https:\/\/www.europesays.com\/fr\/wp-json\/wp\/v2\/tags?post=596842"}],"curies":[{"name":"wp","href":"https:\/\/api.w.org\/{rel}","templated":true}]}}