{"id":596850,"date":"2025-12-13T12:18:13","date_gmt":"2025-12-13T12:18:13","guid":{"rendered":"https:\/\/www.europesays.com\/fr\/596850\/"},"modified":"2025-12-13T12:18:13","modified_gmt":"2025-12-13T12:18:13","slug":"la-russie-aurait-frappe-des-installations-ukrainiennes-avec-le-kinjal-son-missile-hypersonique","status":"publish","type":"post","link":"https:\/\/www.europesays.com\/fr\/596850\/","title":{"rendered":"La Russie aurait frapp\u00e9 des installations ukrainiennes avec le \u00ab\u00a0Kinjal\u00a0\u00bb, son missile hypersonique"},"content":{"rendered":"<p>Dans son narratif bien \u00e0 elle, il s\u2019agit de repr\u00e9sailles \u00e0 des frappes ukrainiennes contre des \u00ab\u00a0cibles civiles\u00a0\u00bb en <a href=\"https:\/\/www.20minutes.fr\/monde\/russie\/\" class=\"c-link c-link--is-underlined\" target=\"_blank\" rel=\"noopener\">Russie<\/a>. Cette derni\u00e8re affirme avoir frapp\u00e9 dans la nuit de vendredi \u00e0 samedi des installations industrielles et \u00e9nerg\u00e9tiques <a href=\"https:\/\/www.20minutes.fr\/monde\/ukraine\/\" class=\"c-link c-link--is-underlined\" target=\"_blank\" rel=\"noopener\">ukrainiennes<\/a>.<\/p>\n<p>Selon le minist\u00e8re russe de la D\u00e9fense, ces \u00ab\u00a0frappes massives\u00a0\u00bb ont notamment utilis\u00e9 des <a href=\"https:\/\/www.20minutes.fr\/monde\/ukraine\/4068850-20240103-guerre-ukraine-kinjal-missile-hypersonique-invincible-arme-propagande-moscou\" class=\"c-link c-link--is-underlined\" target=\"_blank\" rel=\"noopener\">missiles hypersoniques Kinjal<\/a>, et ce en \u00ab\u00a0r\u00e9ponse aux attaques terroristes de l\u2019Ukraine\u00a0\u00bb.<\/p>\n<\/p>\n<p>Peu avant, le pr\u00e9sident ukrainien <a href=\"https:\/\/www.20minutes.fr\/monde\/volodymyr-zelensky\/\" class=\"c-link c-link--is-underlined\" target=\"_blank\" rel=\"noopener\">Volodymyr Zelensky<\/a> a fait \u00e9tat de frappes russes ayant endommag\u00e9 plus d\u2019une douzaine d\u2019installations civiles en Ukraine et priv\u00e9 des milliers de personnes d\u2019\u00e9lectricit\u00e9 dans sept r\u00e9gions.<\/p>\n<p>Deux personnes tu\u00e9es en Russie<\/p>\n<p>\u00ab\u00a0Il est important que chacun voie maintenant ce que fait la Russie\u2026 car il ne s\u2019agit clairement pas de mettre fin \u00e0 la guerre\u00a0\u00bb, a d\u00e9clar\u00e9 Zelensky sur les r\u00e9seaux sociaux, ajoutant qu&rsquo; \u00ab\u00a0ils visent toujours \u00e0 d\u00e9truire notre \u00c9tat et \u00e0 infliger le plus de souffrance \u00e0 notre peuple\u00a0\u00bb.<\/p>\n<p>Dans le centre de la Russie, deux personnes ont \u00e9t\u00e9 tu\u00e9es samedi \u00e0 la suite d\u2019une attaque de <a href=\"https:\/\/www.20minutes.fr\/monde\/drone\/\" class=\"c-link c-link--is-underlined\" target=\"_blank\" rel=\"noopener\">drones<\/a> ukrainiens contre un immeuble r\u00e9sidentiel \u00e0 Saratov, ont indiqu\u00e9 les autorit\u00e9s locales. Plusieurs appartements ont \u00e9galement \u00e9t\u00e9 endommag\u00e9s, a indiqu\u00e9 sur Telegram le gouverneur de la r\u00e9gion.<\/p>\n","protected":false},"excerpt":{"rendered":"Dans son narratif bien \u00e0 elle, il s\u2019agit de repr\u00e9sailles \u00e0 des frappes ukrainiennes contre des \u00ab\u00a0cibles civiles\u00a0\u00bb&hellip;\n","protected":false},"author":2,"featured_media":596851,"comment_status":"","ping_status":"","sticky":false,"template":"","format":"standard","meta":{"footnotes":""},"categories":[1591],"tags":[47,11,4755,564,1887,131,3343,74,1916,12,1885,1886,132,135],"class_list":{"0":"post-596850","1":"post","2":"type-post","3":"status-publish","4":"format-standard","5":"has-post-thumbnail","7":"category-russie","8":"tag-actualite","9":"tag-actualites","10":"tag-bombardement","11":"tag-drone","12":"tag-federation-de-russie","13":"tag-guerre-en-ukraine","14":"tag-missile","15":"tag-monde","16":"tag-moscou","17":"tag-news","18":"tag-russia","19":"tag-russian-federation","20":"tag-russie","21":"tag-vladimir-poutine"},"share_on_mastodon":{"url":"https:\/\/pubeurope.com\/@fr\/115712223162358649","error":""},"_links":{"self":[{"href":"https:\/\/www.europesays.com\/fr\/wp-json\/wp\/v2\/posts\/596850","targetHints":{"allow":["GET"]}}],"collection":[{"href":"https:\/\/www.europesays.com\/fr\/wp-json\/wp\/v2\/posts"}],"about":[{"href":"https:\/\/www.europesays.com\/fr\/wp-json\/wp\/v2\/types\/post"}],"author":[{"embeddable":true,"href":"https:\/\/www.europesays.com\/fr\/wp-json\/wp\/v2\/users\/2"}],"replies":[{"embeddable":true,"href":"https:\/\/www.europesays.com\/fr\/wp-json\/wp\/v2\/comments?post=596850"}],"version-history":[{"count":0,"href":"https:\/\/www.europesays.com\/fr\/wp-json\/wp\/v2\/posts\/596850\/revisions"}],"wp:featuredmedia":[{"embeddable":true,"href":"https:\/\/www.europesays.com\/fr\/wp-json\/wp\/v2\/media\/596851"}],"wp:attachment":[{"href":"https:\/\/www.europesays.com\/fr\/wp-json\/wp\/v2\/media?parent=596850"}],"wp:term":[{"taxonomy":"category","embeddable":true,"href":"https:\/\/www.europesays.com\/fr\/wp-json\/wp\/v2\/categories?post=596850"},{"taxonomy":"post_tag","embeddable":true,"href":"https:\/\/www.europesays.com\/fr\/wp-json\/wp\/v2\/tags?post=596850"}],"curies":[{"name":"wp","href":"https:\/\/api.w.org\/{rel}","templated":true}]}}