{"id":596854,"date":"2025-12-13T12:20:22","date_gmt":"2025-12-13T12:20:22","guid":{"rendered":"https:\/\/www.europesays.com\/fr\/596854\/"},"modified":"2025-12-13T12:20:22","modified_gmt":"2025-12-13T12:20:22","slug":"usa-et-ukraine-vont-discuter-a-berlin-dun-cessez-le-feu-avant-un-sommet-europeen","status":"publish","type":"post","link":"https:\/\/www.europesays.com\/fr\/596854\/","title":{"rendered":"USA et Ukraine vont discuter \u00e0 Berlin d&rsquo;un cessez-le-feu avant un sommet europ\u00e9en"},"content":{"rendered":"<p>WASHINGTON\/BERLIN, 12 d\u00e9cembre (Reuters) &#8211; L&rsquo;Allemagne accueillera dans le courant du week-end des d\u00e9l\u00e9gations am\u00e9ricaines et ukrainiennes pour des discussions sur un cessez-le-feu en Ukraine, avant un sommet avec les dirigeants europ\u00e9ens et le pr\u00e9sident Volodimir Zelensky pr\u00e9vu \u00e0 Berlin lundi, a d\u00e9clar\u00e9 samedi un responsable allemand.<\/p>\n<p>\n              Un responsable am\u00e9ricain avait auparavant indiqu\u00e9 que les \u00e9missaires am\u00e9ricains Steve Witkoff et Jared Kushner se rendaient en Allemagne pour des discussions impliquant des Ukrainiens et des Europ\u00e9ens.<\/p>\n<p>\n              Le choix d&rsquo;envoyer Steve Witkoff, qui a men\u00e9 des n\u00e9gociations avec Kyiv et Moscou concernant une proposition de paix des \u00c9tats-Unis, semble indiquer que Washington per\u00e7oit des possibilit\u00e9s d&rsquo;avanc\u00e9es. La Maison blanche avait d\u00e9clar\u00e9 jeudi que Donald Trump n&rsquo;enverrait un repr\u00e9sentant officiel que s&rsquo;il estimait qu&rsquo;il y avait suffisamment de progr\u00e8s \u00e0 faire.<\/p>\n<p>\n              \u00ab\u00a0Des discussions sur un \u00e9ventuel cessez-le-feu en Ukraine ont lieu \u00e0 Berlin ce week-end entre des conseillers en politique \u00e9trang\u00e8re des \u00c9tats-Unis et de l&rsquo;Ukraine, entre autres\u00a0\u00bb, a d\u00e9clar\u00e9 une source du gouvernement allemand.<\/p>\n<p>\n              Le chancelier allemand Friedrich Merz accueillera lundi Volodimir Zelensky et des dirigeants europ\u00e9ens lors d&rsquo;un sommet \u00e0 Berlin. Il s&rsquo;agit de la derni\u00e8re manifestation publique en date de soutien au pr\u00e9sident ukrainien de la part de ses alli\u00e9s europ\u00e9ens, alors que Kyiv subit la pression de Washington pour signer un plan de paix qui soutenait initialement les principales demandes de Moscou.<\/p>\n<p>\n              La Grande-Bretagne, la France et l&rsquo;Allemagne ont travaill\u00e9 ces derni\u00e8res semaines pour affiner les propositions am\u00e9ricaines qui, dans un projet divulgu\u00e9 le mois dernier, demandaient \u00e0 Kyiv de c\u00e9der davantage de territoires, de renoncer \u00e0 son ambition d&rsquo;adh\u00e9rer \u00e0 l&rsquo;Otan et d&rsquo;accepter de limiter ses forces arm\u00e9es.<\/p>\n<p>\n               (Reportage Friederike Heine et  Steve Holland, version fran\u00e7aise Camille Raynaud et Benjamin Mallet)<\/p>\n","protected":false},"excerpt":{"rendered":"WASHINGTON\/BERLIN, 12 d\u00e9cembre (Reuters) &#8211; L&rsquo;Allemagne accueillera dans le courant du week-end des d\u00e9l\u00e9gations am\u00e9ricaines et ukrainiennes pour&hellip;\n","protected":false},"author":2,"featured_media":596855,"comment_status":"","ping_status":"","sticky":false,"template":"","format":"standard","meta":{"footnotes":""},"categories":[1589],"tags":[11,340,73,1866,12,1864,1865,1863,308],"class_list":{"0":"post-596854","1":"post","2":"type-post","3":"status-publish","4":"format-standard","5":"has-post-thumbnail","7":"category-etats-unis","8":"tag-actualites","9":"tag-bourse","10":"tag-etats-unis","11":"tag-etats-unis-damerique","12":"tag-news","13":"tag-united-states","14":"tag-united-states-of-america","15":"tag-us","16":"tag-usa"},"share_on_mastodon":{"url":"https:\/\/pubeurope.com\/@fr\/115712230882004172","error":""},"_links":{"self":[{"href":"https:\/\/www.europesays.com\/fr\/wp-json\/wp\/v2\/posts\/596854","targetHints":{"allow":["GET"]}}],"collection":[{"href":"https:\/\/www.europesays.com\/fr\/wp-json\/wp\/v2\/posts"}],"about":[{"href":"https:\/\/www.europesays.com\/fr\/wp-json\/wp\/v2\/types\/post"}],"author":[{"embeddable":true,"href":"https:\/\/www.europesays.com\/fr\/wp-json\/wp\/v2\/users\/2"}],"replies":[{"embeddable":true,"href":"https:\/\/www.europesays.com\/fr\/wp-json\/wp\/v2\/comments?post=596854"}],"version-history":[{"count":0,"href":"https:\/\/www.europesays.com\/fr\/wp-json\/wp\/v2\/posts\/596854\/revisions"}],"wp:featuredmedia":[{"embeddable":true,"href":"https:\/\/www.europesays.com\/fr\/wp-json\/wp\/v2\/media\/596855"}],"wp:attachment":[{"href":"https:\/\/www.europesays.com\/fr\/wp-json\/wp\/v2\/media?parent=596854"}],"wp:term":[{"taxonomy":"category","embeddable":true,"href":"https:\/\/www.europesays.com\/fr\/wp-json\/wp\/v2\/categories?post=596854"},{"taxonomy":"post_tag","embeddable":true,"href":"https:\/\/www.europesays.com\/fr\/wp-json\/wp\/v2\/tags?post=596854"}],"curies":[{"name":"wp","href":"https:\/\/api.w.org\/{rel}","templated":true}]}}