{"id":596858,"date":"2025-12-13T12:23:11","date_gmt":"2025-12-13T12:23:11","guid":{"rendered":"https:\/\/www.europesays.com\/fr\/596858\/"},"modified":"2025-12-13T12:23:11","modified_gmt":"2025-12-13T12:23:11","slug":"lallemagne-va-envoyer-des-soldats-en-pologne-pour-fortifier-la-frontiere-face-a-la-menace-russe","status":"publish","type":"post","link":"https:\/\/www.europesays.com\/fr\/596858\/","title":{"rendered":"L\u2019Allemagne va envoyer des soldats en Pologne pour fortifier la fronti\u00e8re face \u00e0 la menace russe"},"content":{"rendered":"<p>Mieux vaut pr\u00e9venir que gu\u00e9rir. L\u2019<a href=\"https:\/\/www.20minutes.fr\/dossier\/allemagne\" class=\"c-link c-link--is-underlined\" target=\"_blank\" rel=\"noopener\">Allemagne<\/a> a annonc\u00e9 qu\u2019elle allait envoyer un groupe de soldats en <a href=\"https:\/\/www.20minutes.fr\/dossier\/pologne\" class=\"c-link c-link--is-underlined\" target=\"_blank\" rel=\"noopener\">Pologne <\/a>pour aider \u00e0 la mise en place d\u2019un projet visant \u00e0 fortifier la fronti\u00e8re orientale du pays, alors que les inqui\u00e9tudes grandissent quant \u00e0 la menace <a href=\"https:\/\/www.20minutes.fr\/monde\/russie\/\" class=\"c-link c-link--is-underlined\" target=\"_blank\" rel=\"noopener\">russe<\/a>. Varsovie, fervente partisane de l\u2019<a href=\"https:\/\/www.20minutes.fr\/monde\/ukraine\/\" class=\"c-link c-link--is-underlined\" target=\"_blank\" rel=\"noopener\">Ukraine<\/a> dans sa lutte contre Moscou, a annonc\u00e9 en mai dernier son intention de renforcer une longue partie de sa fronti\u00e8re, qui comprend la <a href=\"https:\/\/www.20minutes.fr\/monde\/bielorussie\/\" class=\"c-link c-link--is-underlined\" target=\"_blank\" rel=\"noopener\">Bi\u00e9lorussie <\/a>et l\u2019enclave russe de Kaliningrad.<\/p>\n<\/p>\n<p>La t\u00e2che principale des soldats allemands en Pologne consistera en des \u00ab\u00a0activit\u00e9s du g\u00e9nie\u00a0\u00bb, a d\u00e9clar\u00e9 vendredi soir un porte-parole du minist\u00e8re allemand de la D\u00e9fense. Cela pourrait inclure \u00ab\u00a0la construction de fortifications, le creusement de tranch\u00e9es, la pose de barbel\u00e9s ou l\u2019\u00e9rection de barri\u00e8res antichars\u00a0\u00bb, a-t-il pr\u00e9cis\u00e9. \u00ab\u00a0Le soutien apport\u00e9 par les soldats allemands dans le cadre de cette op\u00e9ration se limite \u00e0 ces activit\u00e9s du g\u00e9nie\u00a0\u00bb, a-t-il insist\u00e9, estimant la participation des <a href=\"https:\/\/www.20minutes.fr\/dossier\/militaire\" class=\"c-link c-link--is-underlined\" target=\"_blank\" rel=\"noopener\">militaires <\/a>allemands \u00e0 un \u00ab\u00a0nombre moyen \u00e0 deux chiffres\u00a0\u00bb, soit une cinquantaine.<\/p>\n<p>La Pologne, alli\u00e9 central de l\u2019Ukraine<\/p>\n<p>La mission est pr\u00e9vue \u00e0 partir du deuxi\u00e8me trimestre\u00a02026 jusqu\u2019\u00e0 la fin\u00a02027. Le porte-parole a soulign\u00e9 que l\u2019approbation du Parlement n\u2019\u00e9tait pas n\u00e9cessaire pour ce d\u00e9ploiement, car \u00ab\u00a0il n\u2019y a pas de danger imm\u00e9diat pour les soldats li\u00e9 \u00e0 des conflits militaires\u00a0\u00bb. Sauf dans certains cas exceptionnels, le Parlement allemand doit approuver le d\u00e9ploiement des forces arm\u00e9es du pays \u00e0 l\u2019\u00e9tranger.<\/p>\n<p><a href=\"https:\/\/www.20minutes.fr\/monde\/ukraine\/\" class=\"c-link c-btn c-btn--primary\" target=\"_blank\" rel=\"noopener\">Les derni\u00e8res informations sur la guerre en Ukraine<\/a><\/p>\n<p>Depuis l\u2019invasion \u00e0 grande \u00e9chelle de l\u2019Ukraine par la Russie en\u00a02022, Varsovie a fermement soutenu Kiev et a servi de voie de transit pour les armes fournies par les alli\u00e9s occidentaux de l\u2019Ukraine. La Pologne modernise \u00e9galement son arm\u00e9e et a augment\u00e9 les d\u00e9penses pour renforcer sa <a href=\"https:\/\/www.20minutes.fr\/dossier\/defense\" class=\"c-link c-link--is-underlined\" target=\"_blank\" rel=\"noopener\">d\u00e9fense<\/a>. L\u2019Allemagne est le deuxi\u00e8me fournisseur d\u2019aide militaire de l\u2019Ukraine apr\u00e8s les <a href=\"https:\/\/www.20minutes.fr\/monde\/etats-unis\/\" class=\"c-link c-link--is-underlined\" target=\"_blank\" rel=\"noopener\">Etats-Unis<\/a> et a envoy\u00e9 \u00e0 Kiev une quantit\u00e9 consid\u00e9rable d\u2019\u00e9quipements, allant de syst\u00e8mes de d\u00e9fense a\u00e9rienne aux v\u00e9hicules blind\u00e9s.<\/p>\n","protected":false},"excerpt":{"rendered":"Mieux vaut pr\u00e9venir que gu\u00e9rir. L\u2019Allemagne a annonc\u00e9 qu\u2019elle allait envoyer un groupe de soldats en Pologne pour&hellip;\n","protected":false},"author":2,"featured_media":596859,"comment_status":"","ping_status":"","sticky":false,"template":"","format":"standard","meta":{"footnotes":""},"categories":[1587],"tags":[47,11,672,17059,1804,1805,554,1803,1777,674,6430,1801,131,3579,74,12,2437,1802,132],"class_list":{"0":"post-596858","1":"post","2":"type-post","3":"status-publish","4":"format-standard","5":"has-post-thumbnail","7":"category-allemagne","8":"tag-actualite","9":"tag-actualites","10":"tag-allemagne","11":"tag-bielorussie","12":"tag-bundesrepublik-deutschland","13":"tag-de","14":"tag-defense","15":"tag-deutschland","16":"tag-eu","17":"tag-europe","18":"tag-frontieres","19":"tag-germany","20":"tag-guerre-en-ukraine","21":"tag-militaire","22":"tag-monde","23":"tag-news","24":"tag-pologne","25":"tag-republique-federale-dallemagne","26":"tag-russie"},"share_on_mastodon":{"url":"https:\/\/pubeurope.com\/@fr\/115712242874973596","error":""},"_links":{"self":[{"href":"https:\/\/www.europesays.com\/fr\/wp-json\/wp\/v2\/posts\/596858","targetHints":{"allow":["GET"]}}],"collection":[{"href":"https:\/\/www.europesays.com\/fr\/wp-json\/wp\/v2\/posts"}],"about":[{"href":"https:\/\/www.europesays.com\/fr\/wp-json\/wp\/v2\/types\/post"}],"author":[{"embeddable":true,"href":"https:\/\/www.europesays.com\/fr\/wp-json\/wp\/v2\/users\/2"}],"replies":[{"embeddable":true,"href":"https:\/\/www.europesays.com\/fr\/wp-json\/wp\/v2\/comments?post=596858"}],"version-history":[{"count":0,"href":"https:\/\/www.europesays.com\/fr\/wp-json\/wp\/v2\/posts\/596858\/revisions"}],"wp:featuredmedia":[{"embeddable":true,"href":"https:\/\/www.europesays.com\/fr\/wp-json\/wp\/v2\/media\/596859"}],"wp:attachment":[{"href":"https:\/\/www.europesays.com\/fr\/wp-json\/wp\/v2\/media?parent=596858"}],"wp:term":[{"taxonomy":"category","embeddable":true,"href":"https:\/\/www.europesays.com\/fr\/wp-json\/wp\/v2\/categories?post=596858"},{"taxonomy":"post_tag","embeddable":true,"href":"https:\/\/www.europesays.com\/fr\/wp-json\/wp\/v2\/tags?post=596858"}],"curies":[{"name":"wp","href":"https:\/\/api.w.org\/{rel}","templated":true}]}}