{"id":596862,"date":"2025-12-13T12:25:23","date_gmt":"2025-12-13T12:25:23","guid":{"rendered":"https:\/\/www.europesays.com\/fr\/596862\/"},"modified":"2025-12-13T12:25:23","modified_gmt":"2025-12-13T12:25:23","slug":"taxe-de-3e-sur-les-colis-importes-dans-lue-des-juillet-2026","status":"publish","type":"post","link":"https:\/\/www.europesays.com\/fr\/596862\/","title":{"rendered":"Taxe de 3\u20ac sur les colis import\u00e9s dans l&rsquo;UE d\u00e8s juillet 2026"},"content":{"rendered":"<p>Les ministres de l\u2019\u00c9conomie de l\u2019UE ont tranch\u00e9 le 13 d\u00e9cembre 2025. Chaque colis d\u2019une valeur inf\u00e9rieure \u00e0 150 euros entrant sur le territoire europ\u00e9en sera d\u00e9sormais soumis \u00e0 une taxe de 3 euros. Cette exemption douani\u00e8re profitait jusqu\u2019ici massivement aux plateformes chinoises comme Shein, Temu ou AliExpress, qui inondent le march\u00e9 europ\u00e9en de produits \u00e0 tr\u00e8s bas prix.\u200b<\/p>\n<p>Le montant de 4,6 milliards d\u2019euros de marchandises exempt\u00e9es a \u00e9t\u00e9 exp\u00e9di\u00e9 vers l\u2019UE en 2024, soit le double de 2023. Plus de 90% de ces colis proviennent de Chine. La suppression de cet avantage devrait g\u00e9n\u00e9rer 1 milliard d\u2019euros de recettes fiscales annuelles pour l\u2019Union.\u200b<\/p>\n<p>Des frais qui pourraient s\u2019additionner pour les consommateurs fran\u00e7ais<\/p>\n<p>Cette taxe europ\u00e9enne de 3 euros pourrait se cumuler avec les frais pr\u00e9vus dans le projet de loi de finances 2026 en France. Bercy envisage d\u2019ajouter entre 2 et 5 euros suppl\u00e9mentaires par colis import\u00e9 selon la nature du produit. Un consommateur fran\u00e7ais pourrait donc payer jusqu\u2019\u00e0 8 euros de frais, auxquels s\u2019ajouteraient la TVA et d\u2019\u00e9ventuels frais de traitement additionnels pr\u00e9vus en novembre 2026.\u200b<\/p>\n<p>Ces montants visent \u00e0 financer les contr\u00f4les douaniers, l\u2019achat de scanners et le recrutement de personnel pour renforcer la surveillance. L\u2019impact sur le prix final des produits \u00e0 faible valeur sera direct et significatif.\u200b<\/p>\n<p>Une r\u00e9ponse \u00e0 la guerre commerciale contre les g\u00e9ants asiatiques<\/p>\n<p>La France a \u00e9t\u00e9 le fer de lance de cette initiative europ\u00e9enne. Paris m\u00e8ne depuis plusieurs mois une offensive contre Shein, accus\u00e9e de contourner les normes europ\u00e9ennes et de proposer des produits dangereux ou non conformes. Cette mesure met fin \u00e0 l\u2019avantage comp\u00e9titif dont b\u00e9n\u00e9ficiaient ces plateformes face aux commer\u00e7ants europ\u00e9ens soumis aux droits de douane classiques.\u200b<\/p>\n<p>L\u2019entr\u00e9e en vigueur est pr\u00e9vue d\u00e8s le 1er juillet 2026, soit deux ans plus t\u00f4t que le calendrier initial. Une solution temporaire sera mise en place avant l\u2019op\u00e9rationnalisation compl\u00e8te du hub de donn\u00e9es douani\u00e8res de l\u2019UE pr\u00e9vue en 2028.\u200b<\/p>\n","protected":false},"excerpt":{"rendered":"Les ministres de l\u2019\u00c9conomie de l\u2019UE ont tranch\u00e9 le 13 d\u00e9cembre 2025. Chaque colis d\u2019une valeur inf\u00e9rieure \u00e0&hellip;\n","protected":false},"author":2,"featured_media":596863,"comment_status":"","ping_status":"","sticky":false,"template":"","format":"standard","meta":{"footnotes":""},"categories":[1586],"tags":[11,1777,674,1779,1011,27,12,25,1778,364],"class_list":{"0":"post-596862","1":"post","2":"type-post","3":"status-publish","4":"format-standard","5":"has-post-thumbnail","7":"category-europe","8":"tag-actualites","9":"tag-eu","10":"tag-europe","11":"tag-european-union","12":"tag-fr","13":"tag-france","14":"tag-news","15":"tag-republique-francaise","16":"tag-ue","17":"tag-union-europeenne"},"share_on_mastodon":{"url":"https:\/\/pubeurope.com\/@fr\/115712250773076913","error":""},"_links":{"self":[{"href":"https:\/\/www.europesays.com\/fr\/wp-json\/wp\/v2\/posts\/596862","targetHints":{"allow":["GET"]}}],"collection":[{"href":"https:\/\/www.europesays.com\/fr\/wp-json\/wp\/v2\/posts"}],"about":[{"href":"https:\/\/www.europesays.com\/fr\/wp-json\/wp\/v2\/types\/post"}],"author":[{"embeddable":true,"href":"https:\/\/www.europesays.com\/fr\/wp-json\/wp\/v2\/users\/2"}],"replies":[{"embeddable":true,"href":"https:\/\/www.europesays.com\/fr\/wp-json\/wp\/v2\/comments?post=596862"}],"version-history":[{"count":0,"href":"https:\/\/www.europesays.com\/fr\/wp-json\/wp\/v2\/posts\/596862\/revisions"}],"wp:featuredmedia":[{"embeddable":true,"href":"https:\/\/www.europesays.com\/fr\/wp-json\/wp\/v2\/media\/596863"}],"wp:attachment":[{"href":"https:\/\/www.europesays.com\/fr\/wp-json\/wp\/v2\/media?parent=596862"}],"wp:term":[{"taxonomy":"category","embeddable":true,"href":"https:\/\/www.europesays.com\/fr\/wp-json\/wp\/v2\/categories?post=596862"},{"taxonomy":"post_tag","embeddable":true,"href":"https:\/\/www.europesays.com\/fr\/wp-json\/wp\/v2\/tags?post=596862"}],"curies":[{"name":"wp","href":"https:\/\/api.w.org\/{rel}","templated":true}]}}