{"id":596870,"date":"2025-12-13T12:30:26","date_gmt":"2025-12-13T12:30:26","guid":{"rendered":"https:\/\/www.europesays.com\/fr\/596870\/"},"modified":"2025-12-13T12:30:26","modified_gmt":"2025-12-13T12:30:26","slug":"le-cvb-52-sattaque-au-plus-haut-sommet","status":"publish","type":"post","link":"https:\/\/www.europesays.com\/fr\/596870\/","title":{"rendered":"Le CVB 52 s&rsquo;attaque au plus haut sommet"},"content":{"rendered":"<p><strong>En se d\u00e9pla\u00e7ant chez le leader montpelli\u00e9rain, le Chaumont VB 52 Haute-Marne aimerait poursuivre ses bonnes prestations actuelles face aux meilleures \u00e9quipes de la Marmara Spikeligue, samedi 13 d\u00e9cembre (20 h). Mais la fatigue commence \u00e0 se faire sentir.<\/strong><\/p>\n<p>Depuis deux semaines, le Chaumont VB 52 Haute-Marne encha\u00eene les plus hauts sommets du championnat de France. Apr\u00e8s s\u2019\u00eatre frott\u00e9 \u00e0 Poitiers, le 22 novembre, les Haut-Marnais ont affront\u00e9, depuis, Tourcoing puis Tours, le tout entrecoup\u00e9 de quelques obstacles moins imposants (Ajaccio en coupe de France, Paris ou <a href=\"https:\/\/jhm.fr\/un-point-qui-compte-pour-le-chaumont-vb-52\/\" target=\"_blank\" rel=\"noopener\">Syros<\/a> en coupe d\u2019Europe), mais tout aussi \u00e9nergivores.<\/p>\n<p>Cette fois, c\u2019est chez le leader, Montpellier, que les C\u00e9v\u00e9bistes se rendent, ce samedi soir (20 h), avec la ferme intention de ne pas rentrer bredouilles en Haute-Marne, au coup de sifflet final. Mais entre les intentions et la r\u00e9alit\u00e9, la v\u00e9rit\u00e9 est parfois capricieuse. \u00ab\u00a0Je sais que l\u2019on peut r\u00e9aliser quelque chose d\u2019int\u00e9ressant \u00e0 Montpellier\u00a0\u00bb, pr\u00e9tendait Joshua Marty au sortir du dernier match de son \u00e9quipe en Gr\u00e8ce, mardi 9 d\u00e9cembre. \u00ab\u00a0Mais il va falloir \u00e9galement dig\u00e9rer tous les efforts consentis ces derni\u00e8res semaines et les matches \u00e0  r\u00e9p\u00e9tition.\u00a0\u00bb<\/p>\n<p>Car le programme des Chaumontais depuis ce 22 novembre n\u2019a pas m\u00e9nag\u00e9 leurs organismes\u00a0: six matches en 21 jours, dont quatre disput\u00e9s en cinq sets. Le CVB 52 s\u2019est \u00e9galement d\u00e9plac\u00e9 quatre fois, dont deux longs voyages par avion, \u00e0 Ajaccio et en Gr\u00e8ce. Et pour couronner le tout, Brett Walsh et ses co\u00e9quipiers sont actuellement toujours dans une s\u00e9rie de\u2026 quatre d\u00e9placements cons\u00e9cutifs\u00a0: Tours, Syros, Montpellier, samedi, et Saint-Quentin, en coupe de France, mardi 16 d\u00e9cembre.<\/p>\n<p>Toujours sans Lilian Le Meur<\/p>\n<p>\u00ab\u00a0Mais nous avons un effectif pour g\u00e9rer ce calendrier\u00a0\u00bb positive n\u00e9anmoins l\u2019entra\u00eeneur c\u00e9v\u00e9biste, Silvano Prandi, conscient de la fatigue accumul\u00e9e par ses troupes depuis maintenant plusieurs semaines, voire depuis le d\u00e9but de saison.<\/p>\n<p>De la fatigue physique, mais \u00e9galement physiologique, voire psychologique avec ces voyages \u00e0 r\u00e9p\u00e9tition, des modes de transport divers et une m\u00e9t\u00e9o tr\u00e8s variable. C\u2019est ainsi que mercredi, partis \u00e0 8 h de Syros sous un soleil \u00e9clatant et une temp\u00e9rature de 17\u00b0C, le groupe chaumontais s\u2019est retrouv\u00e9, dix heures plus tard, \u00e0 18 h, \u00e0 traverser les monts du Jura enneig\u00e9s pour revenir en Haute-Marne\u00a0: un contraste saisissant.<\/p>\n<p>D\u2019ailleurs, le collectif en a perdu un de ses membres, puisque Lilian Le Meur, tomb\u00e9 malade en Gr\u00e8ce, mardi, ne sera toujours pas du rendez-vous \u00e0 Montpellier. Le staff a, en effet, pr\u00e9f\u00e9r\u00e9 attendre une compl\u00e8te gu\u00e9rison du lib\u00e9ro avant qu\u2019il ne retrouve les terrains, certainement d\u00e8s mardi, en coupe de France, du c\u00f4t\u00e9 de Saint-Quentin.<\/p>\n<p>En attendant, le CVB 52 devra se montrer un peu plus convaincant que lors de sa derni\u00e8re prestation en coupe d\u2019Europe, mardi soir, pour esp\u00e9rer bousculer des Montpelli\u00e9rains, samedi. Ces derniers, malgr\u00e9 des soucis d\u2019effectif ces derniers jours <strong>(lire ci-dessous)<\/strong>, s\u2019accrochent \u00e0 leur tr\u00f4ne de la Marmara Spikeligue, et aimeraient confirmer leur statut, face \u00e0 une \u00e9quipe de bas de tableau. M\u00eame si Chaumont, depuis quelques semaines maintenant, s\u2019est attach\u00e9 \u00e0 montrer un visage beaucoup plus s\u00e9duisant qu\u2019en d\u00e9but de saison, mais sans apporter encore toutes les garanties d\u2019un total renouveau. Dans ce cadre, le voyage dans l\u2019H\u00e9rault pourrait \u00eatre l\u2019occasion id\u00e9ale de remettre un peu d\u2019ordre dans les id\u00e9es c\u00e9v\u00e9bistes.<\/p>\n<p><strong>Laurent G\u00e9nin<\/strong><\/p>\n<p>\tl.genin@jhm.fr<\/p>\n<p>L\u2019adversaireMontpellier tient bon<\/p>\n<p>Depuis quatre ans maintenant, le projet sportif montpelli\u00e9rain avance \u00e0 grands pas. Apr\u00e8s quelques ann\u00e9es de \u201cvaches maigres\u201d, les ambitions h\u00e9raultaises ont \u00e9t\u00e9 revues \u00e0 la hausse. L\u2019arriv\u00e9e en 2020\/21 de l\u2019international et d\u00e9sormais double champion olympique fran\u00e7ais, Nicolas Le Goff, d\u00e9sireux de s\u2019inscrire pleinement au sein de la nouvelle identit\u00e9 montpelli\u00e9raine, a d\u00e9finitivement lanc\u00e9 \u201cl\u2019op\u00e9ration reconqu\u00eate\u201d. Avec un titre de champion de France \u00e0 la cl\u00e9 en 2022, puis d\u00e9sormais une place r\u00e9guli\u00e8re dans les hautes sph\u00e8res du classement, traduite par des participations \u00e0 la coupe d\u2019Europe et notamment \u00e0 la Ligue des champions, Montpellier s\u2019est refait une place au soleil dans la r\u00e9cente Marmara Spikeligue.<br \/><strong>Un \u201csept de base\u201d ultra comp\u00e9titif<\/strong><br \/>Si Montpellier n\u2019a pas toujours eu un groupe tr\u00e8s homog\u00e8ne en terme qualitatif, son \u201csept\u201d de base est, depuis plusieurs ann\u00e9es, l\u2019un des plus relev\u00e9s du championnat. Solide dans tous les secteurs de jeu, l\u2019\u00e9quipe pr\u00e9sente de la qualit\u00e9 sur tous les postes. Du lib\u00e9ro \u00e0 la pointe de l\u2019attaque, en passant par le passeur et ses \u201cbouts de filet\u201d, les H\u00e9raultais n\u2019ont rien \u00e0 envier aux autres formations de l\u2019hexagone. Et si l\u2019on y ajoute sa dimension physique, symbolis\u00e9e par ses centraux, et son impact au \u201cblock\u201d, les Languedociens trouvent, saison apr\u00e8s saison et malgr\u00e9 les d\u00e9parts, les bons joueurs aux bons endroits.<br \/><strong>Attention aux blessures\u00a0!<\/strong><br \/>Mais cet effectif parfois \u00e0 deux vitesses peut se fragiliser, si les blessures viennent s\u2019en m\u00ealer. C\u2019est le cas notamment ces derni\u00e8res semaines, puisque Nicolas Le Goff, Jordan Schnitzer et Simon Hirsch ont d\u00fb d\u00e9laisser les terrains pour divers bobos ou op\u00e9rations chirurgicales. Si les hommes de Lo\u00efc Le Marrec ont, pour l\u2019instant, pass\u00e9 les obstacles sans trop d\u2019encombres face \u00e0 des \u00e9quipes de deuxi\u00e8me partie de tableau, ils ont cependant connu quelques frayeurs face \u00e0 Ajaccio ou Paris. Mais les H\u00e9raultais esp\u00e8rent certainement conserver le m\u00eame rythme face aux Chaumontais ce samedi, dans leur salle o\u00f9 ils n\u2019ont pas connu encore la d\u00e9faite cette saison (cinq matches pour quatorze points).<br \/><strong>Pas que de bons souvenirs<\/strong><br \/>Depuis 2020 et le retour aux affaires des Montpelli\u00e9rains en championnat de France, les C\u00e9v\u00e9bistes n\u2019ont pas toujours connu que des moments de bonheur dans la grande salle Jacques-Chaban-Delmas, \u00e0 Castelnau-le-Lez. Avec trois petites victoires sur les neuf rencontres disput\u00e9es ces cinq derni\u00e8res ann\u00e9es dans le fief du MHSCVB, les C\u00e9v\u00e9bistes ont m\u00eame re\u00e7u une \u201cgifle\u201d m\u00e9morable et un<br \/>\u201c25-9\u201d encaiss\u00e9 le 8 d\u00e9cembre 2020 en saison r\u00e9guli\u00e8re. Les deux derniers r\u00e9cents rendez-vous \u00e0<br \/>Montpellier, l\u2019an pass\u00e9, ont d\u2019ailleurs tourn\u00e9 court pour le CVB 52 avec deux d\u00e9faites en trois sets, en saison r\u00e9guli\u00e8re (le 22 octobre 2024), comme en demi-finale de coupe de France (le 4 mars<br \/>2025).<br \/><strong>L. G.<\/strong><\/p>\n<p>Les \u00e9quipes<\/p>\n<p>Montpellier HSCVB<br \/><strong>Pr\u00e9sident\u00a0:<\/strong> Jean-Charles Caylar.<br \/><strong>Entra\u00eeneur\u00a0: <\/strong>Lo\u00efc Le Marrec<\/p>\n<p><strong>L\u2019effectif<\/strong><\/p>\n<p><strong>1.<\/strong> Matias Sanchez (29 ans, 1,76 m) passeur (Argentin)<br \/><strong>2<\/strong>. Arthur Piazzeta (28 ans, 1,88 m) passeur<br \/><strong>5.<\/strong> Etan Jeanlys (21 ans, 2,03 m) central<br \/><strong>6.<\/strong> Kayan Siksou (20 ans, 2,01 m) central<br \/><strong>7.<\/strong> Eliott Laurent (20 ans, 1,87 m) lib\u00e9ro<br \/><strong>8.<\/strong> Arthur Morisse (19 ans, 1,91 m) passeur<br \/><strong>10.<\/strong> Maxime Hervoir (30 ans, 1,93 m) r\u00e9cep.\/attaq.<br \/><strong>11. <\/strong>Matthias Delolme (19 ans, 1,92 m) r\u00e9cep.\/attaq.<br \/><strong>12. <\/strong>Haukea Mare (19 ans, 2,01 m) central<br \/><strong>13.<\/strong> Ezequiel Palacios (33 ans, 1,98 m) r\u00e9cep.\/attaq. (Argentin)<br \/><strong>14.<\/strong> Nicolas Le Goff (33 ans, 2,06 m) central<br \/><strong>15.<\/strong> Simon Hirsch (33 ans, 2,05 m) pointu (Allemand)<br \/><strong>16. <\/strong>Jordan Schnitzer (26 ans, 1,98 m) central (Canadien)<br \/><strong>17. <\/strong>Tomas Lopez (31 ans, 1,90 m) r\u00e9cep.\/attaq. (Argentin)<br \/><strong>22. <\/strong>Corentin Phelut (25 ans, 1,81 m) lib\u00e9ro<br \/><strong>25.<\/strong> Quentin Jouffroy (32 ans, 2,03 m) central<br \/><strong>99.<\/strong> Vincent Mathias (21 ans, 2,02 m) pointu (Nig\u00e9rian)<br \/><strong>Les d\u00e9parts<\/strong><br \/>Rapha\u00ebl Corre (Bursa, TUR)<br \/>Eliott Coulet (St-Quentin, LB)<br \/>Veikka Lindqvist (Powervolley Milan, ITA)<br \/>Dimitar Dimitrov (Busan OK, CDS)<br \/>Nathan Spano (Arles, Elite)<br \/>Th\u00e9o Conr\u00e9 (Fr\u00e9jus, LB)<br \/>Rapha\u00ebl Pascal (Le Plessis-Robinson, MSL)<br \/>Joris Seddik (Piacenza, ITA)<br \/><strong>Les arriv\u00e9es<\/strong><br \/>Mathias Sanchez (Suwalki, POL)<br \/>Arthur Piazzeta (Toulouse, MSL)<br \/>Arthur Morisse (\u00e9q. r\u00e9s.)<br \/>Simon Hirsch (Nice, MSL)<br \/>Vincent Mathias (Metalac Takovo, SER)<br \/>Maxime Hervoir (Toulouse, MSL)<br \/>Matthias Delolme (\u00e9q. r\u00e9s.)<br \/>Kayan Siksou (\u00e9q. r\u00e9s.)<br \/>Haukea Mare (France Avenir, LB)<br \/>Jordan Schnitzer (Powervolley Milan, ITA)<br \/>Quentin Jouffroy (Suwalki, POL)<br \/>Eliott Laurent (\u00e9q. r\u00e9s.)<\/p>\n<p>Chaumont VB 52 Haute-Marne<\/p>\n<p><strong>1.<\/strong> Serafin, <strong>2. <\/strong>Durand (lib.),<strong> 7.<\/strong> Wiltenburg, <strong>8. <\/strong>Walsh (cap.), <strong>9. <\/strong>Toledo, <strong>10.<\/strong> Poda, <strong>15. <\/strong>Raptis, <strong>17. <\/strong>Pasteur, <strong>18. <\/strong>Saaremaa,<strong> 20. <\/strong>Henry, <strong>22. <\/strong>Marty, <strong>88.<\/strong> Bracko.<br \/>Entra\u00eeneur\u00a0: Silvano Prandi. <\/p>\n<p>Le buzz de la semainePoitiers sauve l\u2019honneur fran\u00e7ais<\/p>\n<p>La premi\u00e8re journ\u00e9e europ\u00e9enne des clubs fran\u00e7ais n\u2019a pas \u00e9t\u00e9 une r\u00e9elle r\u00e9ussite, en milieu de semaine. En ligue des champions, Tours et Montpellier, tous deux en d\u00e9placement, sont tomb\u00e9s assez logiquement chez les deux \u201cogres\u201d de leur groupe. Le premier a pris un set du c\u00f4t\u00e9 des Turcs du Ziraat Ankara (3-1), quand le second a \u00e9t\u00e9 s\u00e9v\u00e8rement corrig\u00e9 dans l\u2019antre de la Lube Civitanova (3-0).<br \/>En Coupe CEV, Tourcoing n\u2019a pas fait le poids du c\u00f4t\u00e9 des voisins belges de Maaseik (3-1), quand Poitiers, lui, a sauv\u00e9 l\u2019honneur du camp tricolore, en s\u2019imposant de fa\u00e7on autoritaire, chez lui, face aux Grecs du Panathina\u00efkos (3-0).<br \/>Enfin, en Challenge cup, le Chaumont VB 52 Haute-Marne n\u2019a pu faire mieux qu\u2019une d\u00e9faite au cinqui\u00e8me set (3-2) \u00e0 Syros (Gr\u00e8ce).<br \/>Les cinq formations attendront le d\u00e9but 2026 pour repartir \u00e0 l\u2019assaut de leurs ambitions continentales et esp\u00e8rent, en attendant, retrouver un peu plus d\u2019\u00e9lan en championnat, d\u00e8s ce week-end.<\/p>\n","protected":false},"excerpt":{"rendered":"En se d\u00e9pla\u00e7ant chez le leader montpelli\u00e9rain, le Chaumont VB 52 Haute-Marne aimerait poursuivre ses bonnes prestations actuelles&hellip;\n","protected":false},"author":2,"featured_media":596871,"comment_status":"","ping_status":"","sticky":false,"template":"","format":"standard","meta":{"footnotes":""},"categories":[1417],"tags":[1011,27,60,1470,1469],"class_list":{"0":"post-596870","1":"post","2":"type-post","3":"status-publish","4":"format-standard","5":"has-post-thumbnail","7":"category-volley","8":"tag-fr","9":"tag-france","10":"tag-sports","11":"tag-volley","12":"tag-volleyball"},"share_on_mastodon":{"url":"https:\/\/pubeurope.com\/@fr\/115712270176272206","error":""},"_links":{"self":[{"href":"https:\/\/www.europesays.com\/fr\/wp-json\/wp\/v2\/posts\/596870","targetHints":{"allow":["GET"]}}],"collection":[{"href":"https:\/\/www.europesays.com\/fr\/wp-json\/wp\/v2\/posts"}],"about":[{"href":"https:\/\/www.europesays.com\/fr\/wp-json\/wp\/v2\/types\/post"}],"author":[{"embeddable":true,"href":"https:\/\/www.europesays.com\/fr\/wp-json\/wp\/v2\/users\/2"}],"replies":[{"embeddable":true,"href":"https:\/\/www.europesays.com\/fr\/wp-json\/wp\/v2\/comments?post=596870"}],"version-history":[{"count":0,"href":"https:\/\/www.europesays.com\/fr\/wp-json\/wp\/v2\/posts\/596870\/revisions"}],"wp:featuredmedia":[{"embeddable":true,"href":"https:\/\/www.europesays.com\/fr\/wp-json\/wp\/v2\/media\/596871"}],"wp:attachment":[{"href":"https:\/\/www.europesays.com\/fr\/wp-json\/wp\/v2\/media?parent=596870"}],"wp:term":[{"taxonomy":"category","embeddable":true,"href":"https:\/\/www.europesays.com\/fr\/wp-json\/wp\/v2\/categories?post=596870"},{"taxonomy":"post_tag","embeddable":true,"href":"https:\/\/www.europesays.com\/fr\/wp-json\/wp\/v2\/tags?post=596870"}],"curies":[{"name":"wp","href":"https:\/\/api.w.org\/{rel}","templated":true}]}}