{"id":596884,"date":"2025-12-13T12:44:20","date_gmt":"2025-12-13T12:44:20","guid":{"rendered":"https:\/\/www.europesays.com\/fr\/596884\/"},"modified":"2025-12-13T12:44:20","modified_gmt":"2025-12-13T12:44:20","slug":"cest-lui-qui-gagne-le-plus-cyril-hanouna-revele-lidentite-de-lanimateur-le-mieux-paye-du-paf","status":"publish","type":"post","link":"https:\/\/www.europesays.com\/fr\/596884\/","title":{"rendered":"\u00ab\u00a0C&rsquo;est lui qui gagne le plus\u00a0\u00bb, Cyril Hanouna r\u00e9v\u00e8le l&rsquo;identit\u00e9 de l&rsquo;animateur le mieux pay\u00e9 du PAF"},"content":{"rendered":"<p>      R\u00e9sum\u00e9<\/p>\n<p>Cyril Hanouna a confi\u00e9 que Jean-Luc Reichmann serait l&rsquo;animateur le mieux pay\u00e9 du PAF, notamment gr\u00e2ce \u00e0 son succ\u00e8s quotidien sur TF1, o\u00f9 son jeu t\u00e9l\u00e9vis\u00e9 \u00e9volue prochainement.<\/p>\n<p>        Sommaire<\/p>\n<p><strong>C&rsquo;est un secret bien gard\u00e9 : combien gagnent nos animateurs pr\u00e9f\u00e9r\u00e9s<\/strong> ? Si des estimations sont souvent divulgu\u00e9es ici et l\u00e0, les v\u00e9ritables cachets sont toutefois confidentiels. Dans TBT9 ce vendredi sur W9 toutefois, Cyril Hanouna a os\u00e9 : <a href=\"https:\/\/vsd.fr\/81770-cyril-hanouna-lheure-des-au-revoir-a-sonne\/\" target=\"_blank\" rel=\"noopener\">la nouvelle recrue du groupe M6<\/a> n&rsquo;a pas h\u00e9sit\u00e9 \u00e0 d\u00e9voiler l&rsquo;identit\u00e9 de celui qui, selon lui, est le mieux pay\u00e9 du PAF ! Et il travaille sans surprise sur TF1\u2026 et cartonne tous les jours !<strong> En effet, il s&rsquo;agirait selon lui de Jean-Luc Reichmann<\/strong>.<\/p>\n<p>\u00ab\u00a0Ce qui rapporte, c&rsquo;est la quotidienne, on est d&rsquo;accord. Et celui qui gagne, celui qui est le num\u00e9ro un sur TF1. <strong>Et je pense que c&rsquo;est celui qui a le plus gros salaire sur TF1 et il le m\u00e9rite<\/strong>, je pense que c&rsquo;est Jean-Luc Reichmann\u00a0\u00bb a d\u00e9clar\u00e9 Cyril Hanouna. S&rsquo;il ne l&rsquo;affirme pas, l&rsquo;animateur s&rsquo;avance toutefois avec une certaine aisance. Et il n&rsquo;a probablement pas tort puisque depuis quinze ans, Jean-Luc Reichmann f\u00e9d\u00e8re <strong>pr\u00e8s de quatre millions de personnes<\/strong> tous les midis sur TF1, et <a href=\"https:\/\/www.public.fr\/emilien-les-12-coups-de-midi-predit-les-questions-de-tout-le-monde-veut-prendre-sa-place-les-internautes-hallucinent\" target=\"_blank\" rel=\"noopener\">continue de battre des records<\/a>.<\/p>\n<p>Le roi des audiences pour Cyril Hanouna<\/p>\n<p>Apr\u00e8s que Laurent Fontaine a reconnu que la t\u00e9l\u00e9vision restait toujours en 2025 \u00ab\u00a0un m\u00e9tier qui paye bien\u00a0\u00bb, Cyril Hanouna a toutefois tenu \u00e0 assurer que Jean-Luc Reichmann <strong>n&rsquo;\u00e9tait pas \u00ab\u00a0un mec de contrat\u00a0\u00bb ou d&rsquo;argent<\/strong> : \u00ab\u00a0Il veut que rigoler. C&rsquo;est un mec bien. Mais c&rsquo;est vrai que son succ\u00e8s fait que comme c&rsquo;est lui qui est num\u00e9ro un sur TF1, bah, c&rsquo;est lui qui doit gagner le plus\u00a0\u00bb.<\/p>\n<p><strong>Roi des midis de TF1 depuis vingt-cinq ans<\/strong>, Jean-Luc Reichmann a d&rsquo;abord anim\u00e9 Attention \u00e0 la marche. Depuis 2010, il est effectivement invaincu avec Les 12 coups de midi. Mais depuis quelques semaines, l&rsquo;arriv\u00e9e de Cyril F\u00e9raud dans TLMVPSP <strong>et la pr\u00e9sence du champion Vincent<\/strong> rebattent les cartes. A tel point que la m\u00e9canique des 12 coups va brutalement changer dans quelques jours. Au grand dam de Cyril Hanouna peut-\u00eatre&#8230;<\/p>\n<p>Jean-Luc Reichmann change les r\u00e8gles des \u00ab\u00a012 coups\u00a0\u00bb<\/p>\n<p>En effet, comme r\u00e9v\u00e9l\u00e9 par CGTV, les troisi\u00e8me et quatri\u00e8me manches des 12 coups vont dispara\u00eetre. <strong>Le coup fatal et Le coup de ma\u00eetre n&rsquo;existeront bient\u00f4t plus<\/strong> et <a href=\"https:\/\/www.public.fr\/jean-luc-reichmann-sort-le-chequier-face-a-cyril-feraud-la-guerre-des-jeux-de-midi-est-relancee\" target=\"_blank\" rel=\"noopener\">seront remplac\u00e9s par une nouvelle manche hybride<\/a>. Dans celle-ci, la rafale de questions en 60 secondes pos\u00e9es par Jean-Luc Reichmann existera toujours, mais dans une nouvelle formule. D\u00e9sormais, les r\u00e9ponses des deux candidats <strong>seront additionn\u00e9es et permettront de trancher<\/strong> la somme remport\u00e9e par le champion du jour. Si 12 bonnes r\u00e9ponses sont cumul\u00e9es, il remportera la somme maximale du jour. Et si 15 r\u00e9ponses sont encha\u00een\u00e9es, <strong>le champion gagnera la nouvelle somme record de 50 000 euros<\/strong> ! Cyril Hanouna n&rsquo;en perdra pas une miette.<\/p>\n<p>\n          Hits &amp; People en continu\n        <\/p>\n<p>\n          Public Radio\n        <\/p>\n<p>      Mentionn\u00e9s dans cet article<\/p>\n<p>      Sur le m\u00eame sujet<\/p>\n","protected":false},"excerpt":{"rendered":"R\u00e9sum\u00e9 Cyril Hanouna a confi\u00e9 que Jean-Luc Reichmann serait l&rsquo;animateur le mieux pay\u00e9 du PAF, notamment gr\u00e2ce \u00e0&hellip;\n","protected":false},"author":2,"featured_media":596885,"comment_status":"","ping_status":"","sticky":false,"template":"","format":"standard","meta":{"footnotes":""},"categories":[1356],"tags":[1261,1083,58,59,28068,1011,27,465,466,14099,252,22498,22497,1364],"class_list":{"0":"post-596884","1":"post","2":"type-post","3":"status-publish","4":"format-standard","5":"has-post-thumbnail","7":"category-television","8":"tag-argent","9":"tag-cyril-hanouna","10":"tag-divertissement","11":"tag-entertainment","12":"tag-fortune","13":"tag-fr","14":"tag-france","15":"tag-jean-luc-reichmann","16":"tag-les-12-coups-de-midi","17":"tag-salaire","18":"tag-television","19":"tag-tout-9-tbt9","20":"tag-tout-beau","21":"tag-tv"},"share_on_mastodon":{"url":"https:\/\/pubeurope.com\/@fr\/115712325420252472","error":""},"_links":{"self":[{"href":"https:\/\/www.europesays.com\/fr\/wp-json\/wp\/v2\/posts\/596884","targetHints":{"allow":["GET"]}}],"collection":[{"href":"https:\/\/www.europesays.com\/fr\/wp-json\/wp\/v2\/posts"}],"about":[{"href":"https:\/\/www.europesays.com\/fr\/wp-json\/wp\/v2\/types\/post"}],"author":[{"embeddable":true,"href":"https:\/\/www.europesays.com\/fr\/wp-json\/wp\/v2\/users\/2"}],"replies":[{"embeddable":true,"href":"https:\/\/www.europesays.com\/fr\/wp-json\/wp\/v2\/comments?post=596884"}],"version-history":[{"count":0,"href":"https:\/\/www.europesays.com\/fr\/wp-json\/wp\/v2\/posts\/596884\/revisions"}],"wp:featuredmedia":[{"embeddable":true,"href":"https:\/\/www.europesays.com\/fr\/wp-json\/wp\/v2\/media\/596885"}],"wp:attachment":[{"href":"https:\/\/www.europesays.com\/fr\/wp-json\/wp\/v2\/media?parent=596884"}],"wp:term":[{"taxonomy":"category","embeddable":true,"href":"https:\/\/www.europesays.com\/fr\/wp-json\/wp\/v2\/categories?post=596884"},{"taxonomy":"post_tag","embeddable":true,"href":"https:\/\/www.europesays.com\/fr\/wp-json\/wp\/v2\/tags?post=596884"}],"curies":[{"name":"wp","href":"https:\/\/api.w.org\/{rel}","templated":true}]}}