{"id":596889,"date":"2025-12-13T12:47:13","date_gmt":"2025-12-13T12:47:13","guid":{"rendered":"https:\/\/www.europesays.com\/fr\/596889\/"},"modified":"2025-12-13T12:47:13","modified_gmt":"2025-12-13T12:47:13","slug":"ces-4-medicaments-sont-juges-plus-risques-quutiles-par-prescrire","status":"publish","type":"post","link":"https:\/\/www.europesays.com\/fr\/596889\/","title":{"rendered":"ces 4 m\u00e9dicaments sont jug\u00e9s plus risqu\u00e9s qu\u2019utiles par Prescrire"},"content":{"rendered":"<p>Vous avez peut-\u00eatre un de ces m\u00e9dicaments dans votre armoire \u00e0<br \/>\npharmacie. Et pourtant, selon la revue Prescrire, il<br \/>\nvaudrait mieux les \u00e9viter. En effet, l\u2019\u00e9dition 2026 de son rapport<br \/>\nannuel \u00e9pingle quatre nouveaux traitements, en plus des<br \/>\n<strong>104<\/strong> d\u00e9j\u00e0 identifi\u00e9s, <a href=\"https:\/\/www.melty.fr\/societe\/sante-la-liste-noire-des-medicaments-dangereux-371633.html\" target=\"_blank\" rel=\"noopener\"><br \/>\njug\u00e9s inefficaces<\/a>, ou pire, <strong>dangereux<\/strong>. \u00ab\u00a0\u00c0<br \/>\nchoisir des soins de qualit\u00e9 et \u00e9viter des dommages<br \/>\ndisproportionn\u00e9s\u00a0\u00bb, rappelle la publication ind\u00e9pendante, qui<br \/>\nveut guider patients et soignants vers des choix plus s\u00fbrs.<\/p>\n<p>Les nouveaux entrants sur la liste noire ne sont pas des<br \/>\ninconnus. D\u00a0\u00bbailleurs, on y trouve par exemple le<br \/>\n<strong>f\u00e9zolin\u00e9tant<\/strong> (<strong>Veoza<\/strong>), prescrit<br \/>\npour soulager les <strong>bouff\u00e9es de chaleur<\/strong> de la<br \/>\nm\u00e9nopause, ou encore le <strong>g\u00e9fapixant<\/strong><br \/>\n(<strong>Lyfnua<\/strong>), destin\u00e9 \u00e0 traiter la toux chronique.<br \/>\nProbl\u00e8me : les effets ind\u00e9sirables seraient trop fr\u00e9quents ou trop<br \/>\ngraves, compar\u00e9s aux b\u00e9n\u00e9fices attendus.<\/p>\n<p>Des traitements autoris\u00e9s, mais dont l\u2019int\u00e9r\u00eat est<br \/>\ncontest\u00e9<\/p>\n<p>En 2026, ce sont donc <strong>l\u2019andexanet alfa<\/strong>,<br \/>\n<strong>la chondro\u00eftine<\/strong>, <strong>le f\u00e9zolin\u00e9tant<\/strong><br \/>\net <strong>le g\u00e9fapixant<\/strong> qui font leur entr\u00e9e dans la<br \/>\n<strong>liste noire<\/strong>. Tous partagent, selon la publication,<br \/>\nla caract\u00e9ristique suivante : \u00ab\u00a0une balance b\u00e9n\u00e9fice-risques<br \/>\nd\u00e9favorable\u00a0\u00bb. Certains, comme l\u2019andexanet alfa, utilis\u00e9 \u00e0<br \/>\nl\u2019h\u00f4pital pour inverser l\u2019effet d\u2019anticoagulants, augmenteraient le<br \/>\n<strong>risque de thrombose<\/strong>. D\u2019autres, comme la<br \/>\nchondro\u00eftine, prescrite dans l\u2019arthrose, peuvent entra\u00eener des<br \/>\nr\u00e9actions allergiques.<\/p>\n<p>Le cas du f\u00e9zolin\u00e9tant est tout aussi probl\u00e9matique : ce<br \/>\ntraitement non hormonal expose \u00e0 des risques h\u00e9patiques importants,<br \/>\ndes <strong>troubles digestifs<\/strong> ou<br \/>\n<strong>neuropsychiques<\/strong>. Quant au g\u00e9fapixant, souvent<br \/>\nprescrit contre la toux chronique, il s\u2019accompagne de<br \/>\n<strong>troubles du go\u00fbt tr\u00e8s fr\u00e9quents<\/strong>, voire<br \/>\nd\u2019infections respiratoires et de probl\u00e8mes urinaires.<\/p>\n<p>Prescrire alerte : \u00ab\u00a0La disponibilit\u00e9 d\u2019un<br \/>\nm\u00e9dicament ne garantit pas son int\u00e9r\u00eat th\u00e9rapeutique.\u00a0\u00bb<br \/>\nAutrement dit, le fait qu\u2019un produit soit autoris\u00e9 et vendu en<br \/>\npharmacie ne signifie pas qu\u2019il est utile ou sans danger.<\/p>\n<p>Spasfon, sirops, pastilles : les autres<br \/>\nm\u00e9dicaments dans le viseur<\/p>\n<p>Au total, <strong>108 m\u00e9dicaments<\/strong> sont class\u00e9s<br \/>\n<strong>\u00ab\u00a0\u00e0 \u00e9carter\u00a0\u00bb<\/strong> en 2026, dont <strong>89<\/strong><br \/>\nencore commercialis\u00e9s en France. Certains sont massivement utilis\u00e9s<br \/>\ndepuis des ann\u00e9es. C\u2019est le cas du <strong>Spasfon<\/strong><br \/>\n(<strong>phloroglucinol<\/strong>), vendu sans ordonnance et<br \/>\nrembours\u00e9 \u00e0 hauteur de <strong>26,5 millions<\/strong> de bo\u00eetes en<br \/>\n2023. Pourtant, selon le rapport partag\u00e9 par <a href=\"https:\/\/www.20minutes.fr\/sante\/4190453-20251208-liste-noire-medicaments-autorises-eviter-epaissit-quatre-nouveaux-produits\" target=\"_blank\" rel=\"nofollow noopener\">20 minutes<\/a>,<br \/>\n<a href=\"https:\/\/www.melty.fr\/divers\/ce-medicament-est-pris-par-des-millions-de-francais-il-augmente-pourtant-le-risque-de-mort-subite-2226391.html\" target=\"_blank\" rel=\"noopener\"><br \/>\nce traitement est d\u2019une efficacit\u00e9 douteuse et expose \u00e0 des<br \/>\nrisques<\/a> allergiques graves.<\/p>\n<p>D\u2019autres produits vis\u00e9s concernent les troubles hivernaux.<br \/>\nCertains sirops contre la toux, comme <strong>l\u2019oxom\u00e9mazine<br \/>\n(Toplexil)<\/strong> ou <strong>l\u2019ambroxol (Muxol)<\/strong>, sont<br \/>\nconsid\u00e9r\u00e9s comme peu efficaces, avec des effets secondaires lourds<br \/>\n(somnolence, r\u00e9actions anaphylactiques). C\u00f4t\u00e9 pastilles,<br \/>\n<strong>l\u2019alpha-amylase (Maxilase)<\/strong> est jug\u00e9e inutile<br \/>\ncontre les maux de gorge et peut provoquer des r\u00e9actions<br \/>\nallergiques s\u00e9v\u00e8res.<\/p>\n<p>La revue ind\u00e9pendante insiste : \u00ab\u00a0d&rsquo;autres options<br \/>\nth\u00e9rapeutiques ont une meilleure balance\u00a0\u00bb, et parfois,<br \/>\n\u00ab\u00a0l\u2019option la plus prudente est de ne pas recourir \u00e0 un<br \/>\nm\u00e9dicament.\u00a0\u00bb<\/p>\n<p>Les alternatives ne manquent pas : <strong>parac\u00e9tamol<\/strong><br \/>\nou <strong>naprox\u00e8ne<\/strong> pour les douleurs, Gaviscon en cas de<br \/>\ntroubles digestifs, ou simplement du miel pour la gorge. Des choix<br \/>\nplus simples, souvent plus s\u00fbrs, d&rsquo;apr\u00e8s le rapport repris par<br \/>\n<a href=\"https:\/\/www.sciencesetavenir.fr\/sante\/la-liste-noire-des-medicaments-a-eviter-en-2026-et-les-alternatives-pour-s-en-passer_189772\" target=\"_blank\" rel=\"nofollow noopener\">Science et<br \/>\nAvenir<\/a>.<\/p>\n<p>Pour conclure, la revue rappelle que son travail annuel n\u2019est<br \/>\npas un appel \u00e0 la panique, mais un outil d\u2019aide \u00e0 la d\u00e9cision :<br \/>\n\u00ab\u00a0une \u00e9valuation ind\u00e9pendante des risques afin de guider des<br \/>\nchoix de soin plus s\u00fbrs et mieux fond\u00e9s\u00a0\u00bb.<\/p>\n","protected":false},"excerpt":{"rendered":"Vous avez peut-\u00eatre un de ces m\u00e9dicaments dans votre armoire \u00e0 pharmacie. Et pourtant, selon la revue Prescrire,&hellip;\n","protected":false},"author":2,"featured_media":596890,"comment_status":"","ping_status":"","sticky":false,"template":"","format":"standard","meta":{"footnotes":""},"categories":[10],"tags":[1011,27,72,71,65861],"class_list":{"0":"post-596889","1":"post","2":"type-post","3":"status-publish","4":"format-standard","5":"has-post-thumbnail","7":"category-sante","8":"tag-fr","9":"tag-france","10":"tag-health","11":"tag-sante","12":"tag-trend"},"share_on_mastodon":{"url":"https:\/\/pubeurope.com\/@fr\/115712337213930373","error":""},"_links":{"self":[{"href":"https:\/\/www.europesays.com\/fr\/wp-json\/wp\/v2\/posts\/596889","targetHints":{"allow":["GET"]}}],"collection":[{"href":"https:\/\/www.europesays.com\/fr\/wp-json\/wp\/v2\/posts"}],"about":[{"href":"https:\/\/www.europesays.com\/fr\/wp-json\/wp\/v2\/types\/post"}],"author":[{"embeddable":true,"href":"https:\/\/www.europesays.com\/fr\/wp-json\/wp\/v2\/users\/2"}],"replies":[{"embeddable":true,"href":"https:\/\/www.europesays.com\/fr\/wp-json\/wp\/v2\/comments?post=596889"}],"version-history":[{"count":0,"href":"https:\/\/www.europesays.com\/fr\/wp-json\/wp\/v2\/posts\/596889\/revisions"}],"wp:featuredmedia":[{"embeddable":true,"href":"https:\/\/www.europesays.com\/fr\/wp-json\/wp\/v2\/media\/596890"}],"wp:attachment":[{"href":"https:\/\/www.europesays.com\/fr\/wp-json\/wp\/v2\/media?parent=596889"}],"wp:term":[{"taxonomy":"category","embeddable":true,"href":"https:\/\/www.europesays.com\/fr\/wp-json\/wp\/v2\/categories?post=596889"},{"taxonomy":"post_tag","embeddable":true,"href":"https:\/\/www.europesays.com\/fr\/wp-json\/wp\/v2\/tags?post=596889"}],"curies":[{"name":"wp","href":"https:\/\/api.w.org\/{rel}","templated":true}]}}