{"id":59689,"date":"2025-04-28T16:36:26","date_gmt":"2025-04-28T16:36:26","guid":{"rendered":"https:\/\/www.europesays.com\/fr\/59689\/"},"modified":"2025-04-28T16:36:26","modified_gmt":"2025-04-28T16:36:26","slug":"chutes-de-neige-quelques-flocons-attendus-en-ile-de-france-et-en-normandie-vendredi","status":"publish","type":"post","link":"https:\/\/www.europesays.com\/fr\/59689\/","title":{"rendered":"Chutes de neige : quelques flocons attendus en \u00cele-de-France et en Normandie vendredi"},"content":{"rendered":"<p class=\"paragraph text_align_left\">La situation se d\u00e9cante concernant <a href=\"https:\/\/www.leparisien.fr\/meteo\/jusqua-10-cm-de-neige-prevus-dans-le-nord-plusieurs-dizaines-en-montagne-les-cartes-des-regions-concernees-04-02-2025-JOXBUJ7P5FA3VNQ6LIH462GHNM.php\" target=\"_blank\" rel=\"nofollow noopener\">les chutes de neige pendant cette fin de semaine<\/a> en France. La ligne directrice est la suivante : le risque est finalement moindre que ce qui \u00e9tait envisageable en d\u00e9but de semaine ; le sud du Massif central et les Pyr\u00e9n\u00e9es seront les plus touch\u00e9s ; quelques flocons pourront tomber dans un vaste quart nord-ouest de la France, sp\u00e9cifiquement en Normandie et dans l\u2019ouest de l\u2019\u00cele-de-France.<\/p>\n<p class=\"paragraph text_align_left\"><a href=\"https:\/\/actualite.lachainemeteo.com\/alerte-meteo\/8342-episode-pluvio-neigeux-au-sud-quelques-flocons-au-nord\" target=\"_blank\" rel=\"nofollow noopener\">La cha\u00eene m\u00e9t\u00e9o<\/a> a condens\u00e9 dans deux cartes la situation pour vendredi et samedi. \u00c0 gauche se trouve la probabilit\u00e9 que de la neige tombe au sol. Elle est d\u2019autant plus importante que la couleur vire au violet fonc\u00e9. \u00c0 droite se trouve la hauteur estim\u00e9e de neige. Massifs mis \u00e0 part, elle ne serait mesurable nulle part, sauf peut-\u00eatre dans l\u2019Orne et dans ses environs imm\u00e9diats.<\/p>\n<blockquote class=\"twitter-tweet\">\n<p lang=\"fr\" dir=\"ltr\"><a href=\"https:\/\/twitter.com\/hashtag\/Neige?src=hash&amp;ref_src=twsrc%5Etfw\" rel=\"nofollow noopener\" target=\"_blank\">#Neige<\/a> demain et samedi : voici les zones o\u00f9 les flocons pourront tenir au sol. La limite pluie-neige sera plus \u00e9lev\u00e9e que pr\u00e9vu initialement, concernant le massif central au-dessus de 1300 m. Un saupoudrage est probable sur les collines normandes. <a href=\"https:\/\/t.co\/7ra2Eo8DCv\" rel=\"nofollow\">pic.twitter.com\/7ra2Eo8DCv<\/a><\/p>\n<p>\u2014 La Cha\u00eene M\u00e9t\u00e9o (@lachainemeteo) <a href=\"https:\/\/twitter.com\/lachainemeteo\/status\/1887445967059685433?ref_src=twsrc%5Etfw\" rel=\"nofollow noopener\" target=\"_blank\">February 6, 2025<\/a><\/p><\/blockquote>\n<p class=\"paragraph text_align_left\">L\u2019explication de cette situation se trouve dans l\u2019arriv\u00e9e d\u2019une goutte froide en France. Ce ph\u00e9nom\u00e8ne est une d\u00e9pression d\u2019altitude, de taille modeste \u00e0 l\u2019\u00e9chelle atmosph\u00e9rique. Il s\u2019agit d\u2019une masse d\u2019air plus fra\u00eeche et isol\u00e9e au milieu d\u2019une masse d\u2019air plus chaude. Son comportement est erratique car elle circule \u00e0 part des puissants courants d\u2019air dominants. Les pr\u00e9visions sont donc tr\u00e8s difficiles \u00e0 \u00e9tablir et \u00e9volutives en pr\u00e9sence d\u2019une goutte froide.<\/p>\n<p><img decoding=\"async\" class=\"image \" loading=\"lazy\" src=\"https:\/\/www.europesays.com\/fr\/wp-content\/uploads\/2025\/04\/ZZN3DODZYZGAVJF276HJN4R3LA.jpg\" alt=\"\" align=\"\" data-rubrique-principale=\"\" data-article-type=\"\" fetchpriority=\"auto\"\/>Attention au verglas<\/p>\n<p class=\"paragraph text_align_left\">Elle va finalement se positionner plus \u00e0 l\u2019ouest de la France qu\u2019attendu initialement. Le conflit de masse d\u2019air qu\u2019elle va provoquer entre du froid d\u2019un c\u00f4t\u00e9 et du plus chaud et humide de l\u2019autre est propice \u00e0 la formation de flocons aux abords de la zone de contact. Le fait que cette goutte froide se situe dans l\u2019ouest du pays au lieu de l\u2019est de la France va avoir deux cons\u00e9quences : moins de neige et dans un moins grand nombre de r\u00e9gions ainsi que des temp\u00e9ratures moins basses qu\u2019attendu, \u00e0 l\u2019\u00e9chelle de l\u2019ensemble du pays.<\/p>\n<p class=\"paragraph text_align_left\">Ce jeudi en d\u00e9but d\u2019apr\u00e8s-midi, M\u00e9t\u00e9o France se contente de ne d\u00e9clencher qu\u2019une vigilance jaune pr\u00e9ventive (niveau 2 sur 4) pour la journ\u00e9e de vendredi en raison du risque de neige et de verglas dans 12 d\u00e9partements du Nord-Ouest. Outre le cas de l\u2019Orne, d\u00e9partement concern\u00e9 par la neige, c\u2019est surtout le verglas qui menace en raison du cumul entre de la pluie et des temp\u00e9ratures qui vont approcher de 0, voire geler dans la nuit. La zone concern\u00e9e va de l\u2019est de la Bretagne \u00e0 l\u2019ouest de l\u2019\u00cele-de-France, en passant par le nord des Pays de la Loire et la Normandie.<\/p>\n<p><img decoding=\"async\" class=\"image \" loading=\"lazy\" src=\"https:\/\/www.europesays.com\/fr\/wp-content\/uploads\/2025\/04\/6L5EN2NDNJEVTK6HRHXPTCPMG4.JPG\" alt=\"\/M\u00e9t\u00e9o France\" align=\"\" data-rubrique-principale=\"\" data-article-type=\"\" fetchpriority=\"auto\"\/>\/M\u00e9t\u00e9o France<\/p>\n<p class=\"paragraph text_align_left\">\u00ab Des averses de pluie, ou de pluie et de neige m\u00eal\u00e9es circulent du Cotentin au nord de la Bretagne \u00bb pr\u00e9vient <a href=\"https:\/\/meteofrance.com\/\" target=\"_blank\" rel=\"nofollow noopener\">M\u00e9t\u00e9o France<\/a>. Au fil de la journ\u00e9e, \u00ab de faibles chutes de neige et des averses de pluie et de neige m\u00eal\u00e9es se produisent des hauteurs du Pas-de-Calais aux collines normandes, dans le nord de l\u2019\u00cele-de-France et dans le Perche \u00bb, d\u00e9taille l\u2019organisme m\u00e9t\u00e9orologique.<\/p>\n<p class=\"paragraph text_align_left\">Cette situation est aussi l\u2019hypoth\u00e8se retenue par le mod\u00e8le m\u00e9t\u00e9orologique canadien Gem. Il anticipe un saupoudrage dans toutes ces r\u00e9gions, qui serait peut-\u00eatre mesurable dans le secteur de l\u2019Orne, selon cette carte des cumuls pr\u00e9vus pour vendredi \u00e0 19 heures, fournie par <a href=\"https:\/\/www.meteociel.fr\/modeles\/geme_cartes.php?ech=6&amp;mode=16&amp;carte=3\" target=\"_blank\" rel=\"nofollow noopener\">M\u00e9t\u00e9ociel<\/a>.<\/p>\n<p><img decoding=\"async\" class=\"image \" loading=\"lazy\" src=\"https:\/\/www.europesays.com\/fr\/wp-content\/uploads\/2025\/04\/TH3B5AEGNVCIJFO2QHSLKCEE5M.JPG\" alt=\"\/M\u00e9t\u00e9ociel\" align=\"\" data-rubrique-principale=\"\" data-article-type=\"\" fetchpriority=\"auto\"\/>\/M\u00e9t\u00e9ociel<\/p>\n<p class=\"paragraph text_align_left\">\u00ab En cours de journ\u00e9e, des pluies temporairement mod\u00e9r\u00e9es rentrent sur la Nouvelle-Aquitaine. En soir\u00e9e et nuit suivante, cette bande de pluie progresse dans l\u2019int\u00e9rieur en perdant de l\u2019activit\u00e9. Les pluies se transforment en neige \u00e0 basse altitude des Pyr\u00e9n\u00e9es au sud du Massif central \u00bb, pr\u00e9vient M\u00e9t\u00e9o France. C\u2019est dans ces r\u00e9gions que les cumuls devraient \u00eatre les plus importants, notamment samedi.<\/p>\n<p class=\"paragraph text_align_left\">Dans sa <a href=\"https:\/\/rpcache-aa.meteofrance.com\/internet2018client\/2.0\/report?domain=france&amp;report_type=vigilance&amp;report_subtype=jours%20suivants&amp;token=eyJ0eXAiOiJKV1QiLCJhbGciOiJIUzI1NiIsImV4cCI6MTczODg0NjU3N30.eyJqdGkiOiJwZjZNWm9aazEiLCJpYXQiOjE3Mzg4NDY1Nzd9.56K2k16sigPhr5aPDI_S73UJCsnBQxuyDwpjqpllMPQ\" target=\"_blank\" rel=\"nofollow noopener\">carte de pr\u00e9vision des ph\u00e9nom\u00e8nes<\/a> dangereux diffus\u00e9e \u00e0 la mi-journ\u00e9e, l\u2019\u00e9tablissement public \u00e9value \u00e0 70 % le risque de d\u00e9clenchement d\u2019une vigilance orange (niveau 3 sur 4) pour la journ\u00e9e de samedi entre les Pyr\u00e9n\u00e9es et le Massif central. La partie sud de ce second massif devrait \u00eatre la plus expos\u00e9e. Les cumuls pourraient y atteindre jusqu\u2019\u00e0 un m\u00e8tre de neige dans les C\u00e9vennes, selon certaines pr\u00e9visions. Plus globalement, tout le quart sud-est du pays sera concern\u00e9 par une m\u00e9t\u00e9o pluvieuse ou neigeuse. Ceci pourrait causer des difficult\u00e9s d\u2019acc\u00e8s aux stations de sports d\u2019hier en ce premier week-end de vacances scolaires.<\/p>\n<p><img decoding=\"async\" class=\"image \" loading=\"lazy\" src=\"https:\/\/www.europesays.com\/fr\/wp-content\/uploads\/2025\/04\/IRN7UGVAJ5CQPL5SZ2SZ7CTRII.JPG\" alt=\"\/M\u00e9t\u00e9o France\" align=\"\" data-rubrique-principale=\"\" data-article-type=\"\" fetchpriority=\"auto\"\/>\/M\u00e9t\u00e9o France<\/p>\n<p class=\"paragraph text_align_left\">Cette carte du mod\u00e8le <a href=\"https:\/\/www.meteociel.fr\/modeles\/arpege.php?ech=3&amp;mode=45&amp;map=300\" target=\"_blank\" rel=\"nofollow noopener\">Arp\u00e8ge<\/a>, utilis\u00e9 par M\u00e9t\u00e9o France, montre que, entre vendredi et samedi 16 heures, outre quelques flocons dans le Nord-Ouest, ce sont bien les massifs et les C\u00e9vennes en particulier qui seront les plus expos\u00e9s.<\/p>\n<p><img decoding=\"async\" class=\"image \" loading=\"lazy\" src=\"https:\/\/www.europesays.com\/fr\/wp-content\/uploads\/2025\/04\/KGQGGJMSOJDDDBKMUXN2HWUYBM.JPG\" alt=\"\/M\u00e9t\u00e9ociel\" align=\"\" data-rubrique-principale=\"\" data-article-type=\"\" fetchpriority=\"auto\"\/>\/M\u00e9t\u00e9ociel<\/p>\n<p class=\"paragraph text_align_left\">Dimanche, les pr\u00e9cipitations devraient faiblir. La neige devrait continuer de tomber sur les massifs, au moins en d\u00e9but de journ\u00e9e, sauf dans les Pyr\u00e9n\u00e9es. Mais le comportement al\u00e9atoire de la goutte froide fera que cette pr\u00e9vision pourra \u00eatre revue \u00e0 la hausse ou \u00e0 la baisse. Pour \u00e9viter de se retrouver dans une situation dangereuse, sur la route par exemple, il sera prudent de se maintenir r\u00e9guli\u00e8rement au courant de l\u2019\u00e9volution de la situation.<\/p>\n<p><script async src=\"https:\/\/platform.twitter.com\/widgets.js\" charset=\"utf-8\"><\/script><\/p>\n","protected":false},"excerpt":{"rendered":"La situation se d\u00e9cante concernant les chutes de neige pendant cette fin de semaine en France. La ligne&hellip;\n","protected":false},"author":2,"featured_media":59690,"comment_status":"","ping_status":"","sticky":false,"template":"","format":"standard","meta":{"footnotes":""},"categories":[1592],"tags":[1111,11,1777,674,1011,27,662,2487,12,626,25],"class_list":{"0":"post-59689","1":"post","2":"type-post","3":"status-publish","4":"format-standard","5":"has-post-thumbnail","7":"category-ile-de-france","8":"tag-actu","9":"tag-actualites","10":"tag-eu","11":"tag-europe","12":"tag-fr","13":"tag-france","14":"tag-ile-de-france","15":"tag-meteo","16":"tag-news","17":"tag-paris","18":"tag-republique-francaise"},"share_on_mastodon":{"url":"https:\/\/pubeurope.com\/@fr\/114416568725936694","error":""},"_links":{"self":[{"href":"https:\/\/www.europesays.com\/fr\/wp-json\/wp\/v2\/posts\/59689","targetHints":{"allow":["GET"]}}],"collection":[{"href":"https:\/\/www.europesays.com\/fr\/wp-json\/wp\/v2\/posts"}],"about":[{"href":"https:\/\/www.europesays.com\/fr\/wp-json\/wp\/v2\/types\/post"}],"author":[{"embeddable":true,"href":"https:\/\/www.europesays.com\/fr\/wp-json\/wp\/v2\/users\/2"}],"replies":[{"embeddable":true,"href":"https:\/\/www.europesays.com\/fr\/wp-json\/wp\/v2\/comments?post=59689"}],"version-history":[{"count":0,"href":"https:\/\/www.europesays.com\/fr\/wp-json\/wp\/v2\/posts\/59689\/revisions"}],"wp:featuredmedia":[{"embeddable":true,"href":"https:\/\/www.europesays.com\/fr\/wp-json\/wp\/v2\/media\/59690"}],"wp:attachment":[{"href":"https:\/\/www.europesays.com\/fr\/wp-json\/wp\/v2\/media?parent=59689"}],"wp:term":[{"taxonomy":"category","embeddable":true,"href":"https:\/\/www.europesays.com\/fr\/wp-json\/wp\/v2\/categories?post=59689"},{"taxonomy":"post_tag","embeddable":true,"href":"https:\/\/www.europesays.com\/fr\/wp-json\/wp\/v2\/tags?post=59689"}],"curies":[{"name":"wp","href":"https:\/\/api.w.org\/{rel}","templated":true}]}}