{"id":596899,"date":"2025-12-13T12:52:14","date_gmt":"2025-12-13T12:52:14","guid":{"rendered":"https:\/\/www.europesays.com\/fr\/596899\/"},"modified":"2025-12-13T12:52:14","modified_gmt":"2025-12-13T12:52:14","slug":"la-russie-affirme-avoir-frappe-des-installations-de-larmee-et-du-secteur-energetique-avec-des-missiles-hypersoniques-2","status":"publish","type":"post","link":"https:\/\/www.europesays.com\/fr\/596899\/","title":{"rendered":"la Russie affirme avoir frapp\u00e9 des installations de l\u2019arm\u00e9e et du secteur \u00e9nerg\u00e9tique avec des missiles hypersoniques"},"content":{"rendered":"<p>   La mer Noire ne doit pas devenir une \u00ab\u00a0zone de confrontation\u00a0\u00bb entre la Russie et l\u2019Ukraine, pr\u00e9vient Recep Tayyip Erdogan             <\/p>\n<p class=\"post__live-container--answer-text post__space-node\">Le pr\u00e9sident turc, Recep Tayyip Erdogan, a mis en garde, samedi, contre la transformation de la mer Noire en \u00ab\u00a0zone de confrontation\u00a0\u00bb entre la Russie et l\u2019Ukraine, apr\u00e8s plusieurs frappes ces derni\u00e8res semaines, notamment contre un navire turc, vendredi. \u00ab\u00a0Cela ne profiterait ni \u00e0 la Russie ni \u00e0 l\u2019Ukraine. Tout le monde a besoin d\u2019une navigation s\u00e9curis\u00e9e en mer Noire\u00a0\u00bb, a-t-il d\u00e9clar\u00e9 \u00e0 la presse \u00e0 bord de l\u2019avion pr\u00e9sidentiel, selon l\u2019agence officielle Anadolu.<\/p>\n<p class=\"post__live-container--answer-text post__space-node\">Un navire turc a \u00e9t\u00e9 endommag\u00e9, vendredi, dans une frappe a\u00e9rienne russe pr\u00e8s de la ville portuaire ukrainienne d\u2019Odessa, sur la mer Noire, ont annonc\u00e9 son armateur et Kiev. L\u2019attaque est survenue quelques heures apr\u00e8s que le pr\u00e9sident turc a \u00e9voqu\u00e9 la question d\u2019un \u00ab\u00a0cessez-le-feu limit\u00e9, sur les installations \u00e9nerg\u00e9tiques et des ports\u00a0\u00bb avec son homologue russe, Vladimir Poutine, en marge d\u2019un sommet au Turkm\u00e9nistan.<\/p>\n<p class=\"post__live-container--answer-text post__space-node\">La Turquie a mis en garde ces derni\u00e8res semaines contre une \u00ab\u00a0escalade inqui\u00e9tante\u00a0\u00bb en mer Noire, apr\u00e8s que l\u2019Ukraine a revendiqu\u00e9 des attaques de drones navals contre des p\u00e9troliers li\u00e9s \u00e0 la Russie dans la r\u00e9gion. Dans l\u2019avion du retour, le pr\u00e9sident Erdogan a d\u00e9clar\u00e9 avoir principalement discut\u00e9 de la guerre et des efforts de paix avec Poutine, a rapport\u00e9 l\u2019agence Anadolu.<\/p>\n<p class=\"post__live-container--answer-text post__space-node\">\u00ab\u00a0Comme tous les autres acteurs, M.\u00a0Poutine sait tr\u00e8s bien o\u00f9 se situe la Turquie sur cette question\u00a0\u00bb, a-t-il affirm\u00e9. Apr\u00e8s la rencontre avec le pr\u00e9sident russe, \u00ab\u00a0nous esp\u00e9rons avoir l\u2019occasion de discuter \u00e9galement du plan de paix avec le pr\u00e9sident am\u00e9ricain, [Donald] Trump\u00a0\u00bb, a-t-il ajout\u00e9. \u00ab\u00a0La paix n\u2019est pas loin, nous pouvons la voir\u00a0\u00bb, a-t-il assur\u00e9.<\/p>\n<p class=\"post__live-container--answer-text post__space-node\">La Turquie, qui a maintenu des relations avec Moscou et Kiev depuis le d\u00e9but de la guerre en f\u00e9vrier\u00a02022, contr\u00f4le le d\u00e9troit du Bosphore, un passage-cl\u00e9 pour le transport du bl\u00e9 ukrainien et du p\u00e9trole russe vers la M\u00e9diterran\u00e9e.<\/p>\n","protected":false},"excerpt":{"rendered":"La mer Noire ne doit pas devenir une \u00ab\u00a0zone de confrontation\u00a0\u00bb entre la Russie et l\u2019Ukraine, pr\u00e9vient Recep&hellip;\n","protected":false},"author":2,"featured_media":596729,"comment_status":"","ping_status":"","sticky":false,"template":"","format":"standard","meta":{"footnotes":""},"categories":[5],"tags":[11,1011,27,14,12,28],"class_list":{"0":"post-596899","1":"post","2":"type-post","3":"status-publish","4":"format-standard","5":"has-post-thumbnail","7":"category-international","8":"tag-actualites","9":"tag-fr","10":"tag-france","11":"tag-international","12":"tag-news","13":"tag-world"},"share_on_mastodon":{"url":"https:\/\/pubeurope.com\/@fr\/115712356880690985","error":""},"_links":{"self":[{"href":"https:\/\/www.europesays.com\/fr\/wp-json\/wp\/v2\/posts\/596899","targetHints":{"allow":["GET"]}}],"collection":[{"href":"https:\/\/www.europesays.com\/fr\/wp-json\/wp\/v2\/posts"}],"about":[{"href":"https:\/\/www.europesays.com\/fr\/wp-json\/wp\/v2\/types\/post"}],"author":[{"embeddable":true,"href":"https:\/\/www.europesays.com\/fr\/wp-json\/wp\/v2\/users\/2"}],"replies":[{"embeddable":true,"href":"https:\/\/www.europesays.com\/fr\/wp-json\/wp\/v2\/comments?post=596899"}],"version-history":[{"count":0,"href":"https:\/\/www.europesays.com\/fr\/wp-json\/wp\/v2\/posts\/596899\/revisions"}],"wp:featuredmedia":[{"embeddable":true,"href":"https:\/\/www.europesays.com\/fr\/wp-json\/wp\/v2\/media\/596729"}],"wp:attachment":[{"href":"https:\/\/www.europesays.com\/fr\/wp-json\/wp\/v2\/media?parent=596899"}],"wp:term":[{"taxonomy":"category","embeddable":true,"href":"https:\/\/www.europesays.com\/fr\/wp-json\/wp\/v2\/categories?post=596899"},{"taxonomy":"post_tag","embeddable":true,"href":"https:\/\/www.europesays.com\/fr\/wp-json\/wp\/v2\/tags?post=596899"}],"curies":[{"name":"wp","href":"https:\/\/api.w.org\/{rel}","templated":true}]}}